{"id":504993,"date":"2025-11-01T17:18:26","date_gmt":"2025-11-01T17:18:26","guid":{"rendered":"https:\/\/www.europesays.com\/fr\/504993\/"},"modified":"2025-11-01T17:18:26","modified_gmt":"2025-11-01T17:18:26","slug":"pris-de-remords-un-touriste-restitue-a-la-cathedrale-de-vienne-un-crane-vole-60-ans-plus-tot","status":"publish","type":"post","link":"https:\/\/www.europesays.com\/fr\/504993\/","title":{"rendered":"pris de remords, un touriste restitue \u00e0 la cath\u00e9drale de Vienne un cr\u00e2ne vol\u00e9 60 ans plus t\u00f4t"},"content":{"rendered":"<p>Renvoy\u00e9 \u00e0 la cath\u00e9drale Saint-\u00c9tienne de Vienne dans un carton, le cr\u00e2ne avait \u00e9t\u00e9 vol\u00e9 par un touriste originaire du nord de l&rsquo;Allemagne lors d&rsquo;une visite des catacombes six d\u00e9cennies plus t\u00f4t.<\/p>\n<p>Archiviste de la <a href=\"https:\/\/www.bfmtv.com\/international\/l-autriche-un-pays-a-risque-modere-face-au-terrorisme-mais-objet-de-tentatives-d-attentats-ces-derniers-mois_AN-202011030001.html\" title=\"Terrorisme en Autriche: un attentat contre le march\u00e9 de No\u00ebl d\u00e9jou\u00e9 en 2019\" class=\"internal_link\" rel=\"nofollow noopener\" target=\"_blank\">cath\u00e9drale Saint-\u00c9tienne de Vienne<\/a>, Franz Zehetner a eu une grosse surprise en ouvrant un colis destin\u00e9 \u00e0 l&rsquo;\u00e9difice. Dans le carton se trouvait un cr\u00e2ne humain accompagn\u00e9 d&rsquo;une lettre. L&rsquo;exp\u00e9diteur tenait ainsi \u00e0 faire amende honorable et \u00e0 rendre ce qu&rsquo;il avait vol\u00e9 des d\u00e9cennies plus t\u00f4t, <a href=\"https:\/\/nz.news.yahoo.com\/sixty-years-tourist-stole-skull-115136694.html?guccounter=1&amp;guce_referrer=aHR0cHM6Ly93d3cuZ29vZ2xlLmNvbS8&amp;guce_referrer_sig=AQAAAMO-cL8swnwaSpQia6pRfQ7sFJk3nmnzaDgCg2OzMB3iVLgppDH39gkxYNhELrP718zUFmQBFMYiWx4qo_0KG80sLYAOjUb43wnw19E0G-9LgRK-Hj_4WCyYPG0hE3dwk_itHS3pgHHA91gr6lQBlBuOhXSw5BflYI2j3YCzmbLU\" target=\"_blank\" class=\"external_link\" rel=\"nofollow noopener\">raconte la BBC<\/a> dans un article publi\u00e9 ce vendredi 31 octobre.<\/p>\n<blockquote class=\"embed embed_quote\"><p>\u00ab\u00a0On ne s&rsquo;y attend pas\u00a0\u00bb, a r\u00e9agi Franz Zehetner aupr\u00e8s du quotidien britannique.<\/p><\/blockquote>\n<p>Dans le texte envoy\u00e9 avec le cr\u00e2ne, l&rsquo;auteur rong\u00e9 par la culpabilit\u00e9, originaire du nord de l&rsquo;Allemagne, raconte avoir subtilis\u00e9 le reste humain il y a une soixantaine d&rsquo;ann\u00e9es.<\/p>\n<p>Des remords \u00e0 l&rsquo;approche de la mort<\/p>\n<p>Il participait alors \u00e0 une visite guid\u00e9e des catacombes situ\u00e9es sous la cath\u00e9drale Saint-\u00c9tienne et dans lesquelles sont conserv\u00e9s les restes de quelque 11.000 personnes, celles-ci ayant \u00e9t\u00e9 pour la plupart inhum\u00e9es au 18e si\u00e8cle. On ignore cependant \u00e0 qui appartenait exactement le cr\u00e2ne vol\u00e9 par le touriste ind\u00e9licat.<\/p>\n<p>Dans la lettre, le voleur repenti sur le tard a expliqu\u00e9 vouloir restituer le cr\u00e2ne pour faire la paix avec lui-m\u00eame au soir de sa vie.<\/p>\n<p>\u00ab\u00a0Il \u00e9tait touchant de voir que quelqu&rsquo;un souhaitait r\u00e9parer un acte d&rsquo;exub\u00e9rance juv\u00e9nile\u00a0\u00bb, a salu\u00e9 Franz Zehetner \u00e0 la BBC.<\/p>\n<p>\u00ab\u00a0Le fait qu&rsquo;il ait soigneusement conserv\u00e9 le cr\u00e2ne pendant toutes ces ann\u00e9es au lieu de s&rsquo;en d\u00e9barrasser \u00e9tait \u00e9galement \u00e9mouvant, m\u00eame si cela n&rsquo;\u00e9tait pas r\u00e9glementaire\u00a0\u00bb, ajoute-t-il.<\/p>\n","protected":false},"excerpt":{"rendered":"Renvoy\u00e9 \u00e0 la cath\u00e9drale Saint-\u00c9tienne de Vienne dans un carton, le cr\u00e2ne avait \u00e9t\u00e9 vol\u00e9 par un touriste&hellip;\n","protected":false},"author":2,"featured_media":504994,"comment_status":"","ping_status":"","sticky":false,"template":"","format":"standard","meta":{"footnotes":""},"categories":[1587],"tags":[11,672,1804,1805,1803,1777,674,1801,12,1802],"class_list":{"0":"post-504993","1":"post","2":"type-post","3":"status-publish","4":"format-standard","5":"has-post-thumbnail","7":"category-allemagne","8":"tag-actualites","9":"tag-allemagne","10":"tag-bundesrepublik-deutschland","11":"tag-de","12":"tag-deutschland","13":"tag-eu","14":"tag-europe","15":"tag-germany","16":"tag-news","17":"tag-republique-federale-dallemagne"},"share_on_mastodon":{"url":"https:\/\/pubeurope.com\/@fr\/115475585774628786","error":""},"_links":{"self":[{"href":"https:\/\/www.europesays.com\/fr\/wp-json\/wp\/v2\/posts\/504993","targetHints":{"allow":["GET"]}}],"collection":[{"href":"https:\/\/www.europesays.com\/fr\/wp-json\/wp\/v2\/posts"}],"about":[{"href":"https:\/\/www.europesays.com\/fr\/wp-json\/wp\/v2\/types\/post"}],"author":[{"embeddable":true,"href":"https:\/\/www.europesays.com\/fr\/wp-json\/wp\/v2\/users\/2"}],"replies":[{"embeddable":true,"href":"https:\/\/www.europesays.com\/fr\/wp-json\/wp\/v2\/comments?post=504993"}],"version-history":[{"count":0,"href":"https:\/\/www.europesays.com\/fr\/wp-json\/wp\/v2\/posts\/504993\/revisions"}],"wp:featuredmedia":[{"embeddable":true,"href":"https:\/\/www.europesays.com\/fr\/wp-json\/wp\/v2\/media\/504994"}],"wp:attachment":[{"href":"https:\/\/www.europesays.com\/fr\/wp-json\/wp\/v2\/media?parent=504993"}],"wp:term":[{"taxonomy":"category","embeddable":true,"href":"https:\/\/www.europesays.com\/fr\/wp-json\/wp\/v2\/categories?post=504993"},{"taxonomy":"post_tag","embeddable":true,"href":"https:\/\/www.europesays.com\/fr\/wp-json\/wp\/v2\/tags?post=504993"}],"curies":[{"name":"wp","href":"https:\/\/api.w.org\/{rel}","templated":true}]}}