{"id":505005,"date":"2025-11-01T17:25:18","date_gmt":"2025-11-01T17:25:18","guid":{"rendered":"https:\/\/www.europesays.com\/fr\/505005\/"},"modified":"2025-11-01T17:25:18","modified_gmt":"2025-11-01T17:25:18","slug":"volley-ball-les-filles-de-la-gendarmerie-championnes-de-france-militaire","status":"publish","type":"post","link":"https:\/\/www.europesays.com\/fr\/505005\/","title":{"rendered":"Volley-ball : les filles de la Gendarmerie championnes de France militaire"},"content":{"rendered":"<p>Les filles de la Gendarmerie ajoutent un sixi\u00e8me titre de champion de France militaire \u00e0 leur palmar\u00e8s. Elles restent invaincues dans cette comp\u00e9tition.<\/p>\n<p>Encore un titre <strong>de champion de France militaire de volley-ball<\/strong> pour les filles de la Gendarmerie. Elles restent invaincues dans l\u2019histoire de l\u2019\u00e9preuve depuis sa cr\u00e9ation. L\u2019\u00e9dition 2025 du championnat de France militaire (CFM) \u00e9tait organis\u00e9e par <strong>la base a\u00e9rienne 107 (BA 107) de Villacoublay<\/strong>. La comp\u00e9tition r\u00e9unissait pr\u00e8s de 130 militaires (staff compris), issus des diff\u00e9rentes forces arm\u00e9es (Terre, Air et Espace, Marine nationale et Gendarmerie). Une trentaine de gendarmes seront pr\u00e9sents.<\/p>\n<p><strong>Lire aussi :\u00a0<a href=\"https:\/\/lessor.org\/sports\/deux-sportifs-de-haut-niveau-rejoignent-les-rangs-de-la-gendarmerie-nationale\/\" target=\"_blank\" rel=\"noopener\">Deux sportifs de haut niveau rejoignent les rangs de la Gendarmerie nationale<\/a><\/strong><\/p>\n<p>Sixi\u00e8me titre en six participations<\/p>\n<p>Avant le d\u00e9but de la comp\u00e9tition, <strong>l\u2019\u00e9quipe f\u00e9minine de la Gendarmerie<\/strong> restait sur cinq titres de champion de France militaire. Leur dernier sacre remontait \u00e0 2023. En 2024, le CFM de volley-ball n\u2019avait pas eu lieu.\u00a0 D\u2019entr\u00e9e, les gendarmes ont tenu leur r\u00f4le de favorites. Elles ont battu l\u2019arm\u00e9e de Terre, 2 sets \u00e0 0. Puis, elles ont dispos\u00e9 de la Marine nationale sur le m\u00eame score. En finale, elles ont retrouv\u00e9 les filles de l\u2019arm\u00e9e de Terre qui, cette fois, leur ont donn\u00e9 du fil \u00e0 retordre. Finalement, elles se sont impos\u00e9es au cours du tie-break, 3 sets \u00e0 2. Les gendarmes ajoutent ainsi un <a href=\"https:\/\/www.facebook.com\/people\/S%C3%A9lections-nationales-volley-ball-gendarmerie-SNVBG\/100063867889192\/\" target=\"_blank\" rel=\"noopener\">sixi\u00e8me titre<\/a> \u00e0 leur palmar\u00e8s.<\/p>\n<p>Chez les hommes, en revanche, la comp\u00e9tition \u00e9tait beaucoup plus compliqu\u00e9e. Les gendarmes restaient pourtant sur deux titres de champion de France cons\u00e9cutifs. H\u00e9las, en raison de nombreuses absences, ils n\u2019ont pas pu d\u00e9fendre leurs chances. Battus d\u2019entr\u00e9e par l\u2019arm\u00e9e de Terre, ils n\u2019ont pas r\u00e9ussi \u00e0 se qualifier pour la finale. Ils terminent finalement la comp\u00e9tition \u00e0 la troisi\u00e8me place.<\/p>\n<p>\t\t\t\tLa question du mois<\/p>\n<p>Bruno Retailleau, pour lutter contre la violence et les narcotrafics en Guadeloupe, a confirm\u00e9 l\u2019installation de \u00ab deux escadrons de gendarmerie mobile, sans enlever le peloton de la garde r\u00e9publicaine \u00bb, mais aussi de \u00ab deux brigades nautiques \u00bb, une de gendarmerie et une de police respectivement en Basse-Terre \u00e0 Gourbeyre et \u00e0 Pointe-\u00e0-Pitre. Pensez-vous que cela sera une r\u00e9ponse satisfaisante ?<\/p>\n","protected":false},"excerpt":{"rendered":"Les filles de la Gendarmerie ajoutent un sixi\u00e8me titre de champion de France militaire \u00e0 leur palmar\u00e8s. Elles&hellip;\n","protected":false},"author":2,"featured_media":505006,"comment_status":"","ping_status":"","sticky":false,"template":"","format":"standard","meta":{"footnotes":""},"categories":[1417],"tags":[62661,62662,62663,62664,62665,827,1011,27,517,62666,60,62667,1470,1632,1469],"class_list":{"0":"post-505005","1":"post","2":"type-post","3":"status-publish","4":"format-standard","5":"has-post-thumbnail","7":"category-volley","8":"tag-armee-des-champions","9":"tag-ba-107","10":"tag-base-aerienne-107","11":"tag-cfm","12":"tag-championnat-de-france-militaire","13":"tag-competition","14":"tag-fr","15":"tag-france","16":"tag-sport","17":"tag-sport-militaire","18":"tag-sports","19":"tag-villacoublay","20":"tag-volley","21":"tag-volley-ball","22":"tag-volleyball"},"share_on_mastodon":{"url":"https:\/\/pubeurope.com\/@fr\/115475613271019728","error":""},"_links":{"self":[{"href":"https:\/\/www.europesays.com\/fr\/wp-json\/wp\/v2\/posts\/505005","targetHints":{"allow":["GET"]}}],"collection":[{"href":"https:\/\/www.europesays.com\/fr\/wp-json\/wp\/v2\/posts"}],"about":[{"href":"https:\/\/www.europesays.com\/fr\/wp-json\/wp\/v2\/types\/post"}],"author":[{"embeddable":true,"href":"https:\/\/www.europesays.com\/fr\/wp-json\/wp\/v2\/users\/2"}],"replies":[{"embeddable":true,"href":"https:\/\/www.europesays.com\/fr\/wp-json\/wp\/v2\/comments?post=505005"}],"version-history":[{"count":0,"href":"https:\/\/www.europesays.com\/fr\/wp-json\/wp\/v2\/posts\/505005\/revisions"}],"wp:featuredmedia":[{"embeddable":true,"href":"https:\/\/www.europesays.com\/fr\/wp-json\/wp\/v2\/media\/505006"}],"wp:attachment":[{"href":"https:\/\/www.europesays.com\/fr\/wp-json\/wp\/v2\/media?parent=505005"}],"wp:term":[{"taxonomy":"category","embeddable":true,"href":"https:\/\/www.europesays.com\/fr\/wp-json\/wp\/v2\/categories?post=505005"},{"taxonomy":"post_tag","embeddable":true,"href":"https:\/\/www.europesays.com\/fr\/wp-json\/wp\/v2\/tags?post=505005"}],"curies":[{"name":"wp","href":"https:\/\/api.w.org\/{rel}","templated":true}]}}