{"id":505010,"date":"2025-11-01T17:31:16","date_gmt":"2025-11-01T17:31:16","guid":{"rendered":"https:\/\/www.europesays.com\/fr\/505010\/"},"modified":"2025-11-01T17:31:16","modified_gmt":"2025-11-01T17:31:16","slug":"une-cinquieme-arrivee-a-luc-pelussin-loire-pilat-actualite","status":"publish","type":"post","link":"https:\/\/www.europesays.com\/fr\/505010\/","title":{"rendered":"Une cinqui\u00e8me arriv\u00e9e \u00e0 l&rsquo;UC P\u00e9lussin Loire Pilat &#8211; Actualit\u00e9"},"content":{"rendered":"<p>                                                                    <img decoding=\"async\" src=\"https:\/\/www.europesays.com\/fr\/wp-content\/uploads\/2025\/11\/69062171902ed.JPG\" height=\"auto\" loading=\"lazy\"\/><br \/>\n                                                                    Cr\u00e9dit photo Freddy Gu\u00e9rin &#8211; DirectVelo<\/p>\n<p class=\"images-caption\">Cr\u00e9dit photo Freddy Gu\u00e9rin &#8211; DirectVelo<\/p>\n<p class=\"metadata\">\n            Par<br \/>\n        <strong class=\"text-black\">DOMINIQUE TURGIS<\/strong><br \/>\n                    <br \/>Le<br \/>\n    1er novembre 2025, 17:33<\/p>\n<p style=\"text-align: justify;\">L&rsquo;UC P\u00e9lussin Loire Pilat annonce l&rsquo;arriv\u00e9e d&rsquo;un cinqu\u00e8me coureur pour la saison prochaine. Gabriel Salon vient du VC Villefranche Beaujolais pour rejoindre le club de N2 en 2026.<\/p>\n<p>Le coureur 20 ans a termin\u00e9, en 2025, 6e de La Durtorccha (Elite Nationale), 12e du Prix de Cuiseaux, 18e du Prix de P\u00e9lussin ou encore 19e du Grand Prix de Longes en Elite R\u00e9gionale.<\/p>\n<p>Retrouvez\u00a0toutes les mutations\u00a0<a href=\"https:\/\/www.directvelo.com\/equipes#amateur-dn2\" target=\"_blank\" rel=\"noopener\"><strong>en cliquant ici<\/strong><\/a>.\u00a0<\/p>\n<p>            En savoir plus : coureurs et \u00e9quipes associ\u00e9s<\/p>\n<p>                Coureurs<\/p>\n<p>                    <img decoding=\"async\" src=\"https:\/\/www.europesays.com\/fr\/wp-content\/uploads\/2025\/04\/default.png\" height=\"auto\" loading=\"lazy\"\/><\/p>\n<p>                            Portrait de Gabriel SALON<\/p>\n<p>                \u00c9quipes<\/p>\n","protected":false},"excerpt":{"rendered":"Cr\u00e9dit photo Freddy Gu\u00e9rin &#8211; DirectVelo Cr\u00e9dit photo Freddy Gu\u00e9rin &#8211; DirectVelo Par DOMINIQUE TURGIS Le 1er novembre&hellip;\n","protected":false},"author":2,"featured_media":505011,"comment_status":"","ping_status":"","sticky":false,"template":"","format":"standard","meta":{"footnotes":""},"categories":[1411],"tags":[834,828,836,829,837,827,83,826,824,823,1154,207,814,817,815,816,822,821,832,211,839,1011,27,820,818,819,835,831,830,833,838,60,212,208,825],"class_list":{"0":"post-505010","1":"post","2":"type-post","3":"status-publish","4":"format-standard","5":"has-post-thumbnail","7":"category-cyclisme","8":"tag-attaque","9":"tag-belgique","10":"tag-braquet","11":"tag-bretagne","12":"tag-chute","13":"tag-competition","14":"tag-coupe-de-france","15":"tag-coureur","16":"tag-course-cyclisme","17":"tag-course-cycliste","18":"tag-cycling","19":"tag-cyclisme","20":"tag-direct","21":"tag-direct-velo","22":"tag-directvelo","23":"tag-directvelo-com","24":"tag-epreuve","25":"tag-epreuve-cycliste","26":"tag-federation-francaise-de-cyclisme","27":"tag-ffc","28":"tag-flandres","29":"tag-fr","30":"tag-france","31":"tag-live","32":"tag-live-course","33":"tag-live-epreuve","34":"tag-peloton","35":"tag-radio-peloton","36":"tag-radio-tour","37":"tag-ravitaillement","38":"tag-relance","39":"tag-sports","40":"tag-uci","41":"tag-velo","42":"tag-velos"},"share_on_mastodon":{"url":"https:\/\/pubeurope.com\/@fr\/115475637525570953","error":""},"_links":{"self":[{"href":"https:\/\/www.europesays.com\/fr\/wp-json\/wp\/v2\/posts\/505010","targetHints":{"allow":["GET"]}}],"collection":[{"href":"https:\/\/www.europesays.com\/fr\/wp-json\/wp\/v2\/posts"}],"about":[{"href":"https:\/\/www.europesays.com\/fr\/wp-json\/wp\/v2\/types\/post"}],"author":[{"embeddable":true,"href":"https:\/\/www.europesays.com\/fr\/wp-json\/wp\/v2\/users\/2"}],"replies":[{"embeddable":true,"href":"https:\/\/www.europesays.com\/fr\/wp-json\/wp\/v2\/comments?post=505010"}],"version-history":[{"count":0,"href":"https:\/\/www.europesays.com\/fr\/wp-json\/wp\/v2\/posts\/505010\/revisions"}],"wp:featuredmedia":[{"embeddable":true,"href":"https:\/\/www.europesays.com\/fr\/wp-json\/wp\/v2\/media\/505011"}],"wp:attachment":[{"href":"https:\/\/www.europesays.com\/fr\/wp-json\/wp\/v2\/media?parent=505010"}],"wp:term":[{"taxonomy":"category","embeddable":true,"href":"https:\/\/www.europesays.com\/fr\/wp-json\/wp\/v2\/categories?post=505010"},{"taxonomy":"post_tag","embeddable":true,"href":"https:\/\/www.europesays.com\/fr\/wp-json\/wp\/v2\/tags?post=505010"}],"curies":[{"name":"wp","href":"https:\/\/api.w.org\/{rel}","templated":true}]}}