{"id":505012,"date":"2025-11-01T17:32:14","date_gmt":"2025-11-01T17:32:14","guid":{"rendered":"https:\/\/www.europesays.com\/fr\/505012\/"},"modified":"2025-11-01T17:32:14","modified_gmt":"2025-11-01T17:32:14","slug":"fc-nantes-abline-signe-deux-nouveaux-coups-declats-avant-metz","status":"publish","type":"post","link":"https:\/\/www.europesays.com\/fr\/505012\/","title":{"rendered":"FC Nantes\u00a0: Abline signe deux nouveaux coups d\u2019\u00e9clats avant Metz"},"content":{"rendered":"<p><strong>Enfin lanc\u00e9, Matthis Abline (22 ans) confirme son statut de joueur cl\u00e9 du <a href=\"https:\/\/www.butfootballclub.fr\/625588-fc-nantes-une-bombe-jamais-vue-au-mercato-se-prepare-des-cet-hiver\/\" target=\"_blank\" rel=\"noopener\">FC Nantes<\/a> avant de recevoir le FC Metz \u00e0 La Beaujoire (dimanche, 17h15).<\/strong><\/p>\n<p>Matthis Abline poursuit sur sa lanc\u00e9e et confirme son \u00e9norme potentiel au <a href=\"https:\/\/www.butfootballclub.fr\/625560-fc-nantes-un-canari-est-entre-dans-lhistoire-du-club-grace-a-monaco\/\" target=\"_blank\" rel=\"noopener\">FC Nantes<\/a>. Ce vendredi, le club a annonc\u00e9 que le jeune attaquant avait \u00e9t\u00e9 d\u00e9sign\u00e9 Canari du mois d\u2019octobre par les supporters, avec 85% des voix. Une v\u00e9ritable cons\u00e9cration pour celui qui s\u2019impose d\u00e9j\u00e0 comme un \u00e9l\u00e9ment incontournable du jeu nantais.<\/p>\n<p>Mais ce n\u2019est pas tout : Abline est \u00e9galement en lice pour le but du mois d\u2019octobre. Sa reprise de vol\u00e9e contre le Paris FC a marqu\u00e9 les esprits et devrait logiquement lui valoir l\u2019\u00e9lection finale. Un geste technique d\u2019une grande pr\u00e9cision qui d\u00e9montre toute sa qualit\u00e9 et son sang-froid dans les moments cl\u00e9s.<\/p>\n<p>\u00c0 quelques heures du match capital contre le FC Metz, cette forme exceptionnelle est une excellente nouvelle pour le <a href=\"https:\/\/www.butfootballclub.fr\/625653-fc-nantes-fc-metz-castro-annonce-une-pluie-de-mauvaises-nouvelles\/\" target=\"_blank\" rel=\"noopener\">FC Nantes<\/a>. Abline, d\u00e9j\u00e0 moteur offensif, pourrait encore faire la diff\u00e9rence et peser sur le classement des Canaris. Sa mont\u00e9e en puissance illustre aussi la confiance que lui accordent ses co\u00e9quipiers et le staff technique, qui n\u2019h\u00e9sitent plus \u00e0 lui confier des responsabilit\u00e9s sur le terrain.<\/p>\n","protected":false},"excerpt":{"rendered":"Enfin lanc\u00e9, Matthis Abline (22 ans) confirme son statut de joueur cl\u00e9 du FC Nantes avant de recevoir&hellip;\n","protected":false},"author":2,"featured_media":505013,"comment_status":"","ping_status":"","sticky":false,"template":"","format":"standard","meta":{"footnotes":""},"categories":[1410],"tags":[11,448,63,1011,27,66,3388,12,60,10662],"class_list":{"0":"post-505012","1":"post","2":"type-post","3":"status-publish","4":"format-standard","5":"has-post-thumbnail","7":"category-football","8":"tag-actualites","9":"tag-champions-league","10":"tag-football","11":"tag-fr","12":"tag-france","13":"tag-ligue-1","14":"tag-matchs","15":"tag-news","16":"tag-sports","17":"tag-transferts"},"share_on_mastodon":{"url":"https:\/\/pubeurope.com\/@fr\/115475640753113319","error":""},"_links":{"self":[{"href":"https:\/\/www.europesays.com\/fr\/wp-json\/wp\/v2\/posts\/505012","targetHints":{"allow":["GET"]}}],"collection":[{"href":"https:\/\/www.europesays.com\/fr\/wp-json\/wp\/v2\/posts"}],"about":[{"href":"https:\/\/www.europesays.com\/fr\/wp-json\/wp\/v2\/types\/post"}],"author":[{"embeddable":true,"href":"https:\/\/www.europesays.com\/fr\/wp-json\/wp\/v2\/users\/2"}],"replies":[{"embeddable":true,"href":"https:\/\/www.europesays.com\/fr\/wp-json\/wp\/v2\/comments?post=505012"}],"version-history":[{"count":0,"href":"https:\/\/www.europesays.com\/fr\/wp-json\/wp\/v2\/posts\/505012\/revisions"}],"wp:featuredmedia":[{"embeddable":true,"href":"https:\/\/www.europesays.com\/fr\/wp-json\/wp\/v2\/media\/505013"}],"wp:attachment":[{"href":"https:\/\/www.europesays.com\/fr\/wp-json\/wp\/v2\/media?parent=505012"}],"wp:term":[{"taxonomy":"category","embeddable":true,"href":"https:\/\/www.europesays.com\/fr\/wp-json\/wp\/v2\/categories?post=505012"},{"taxonomy":"post_tag","embeddable":true,"href":"https:\/\/www.europesays.com\/fr\/wp-json\/wp\/v2\/tags?post=505012"}],"curies":[{"name":"wp","href":"https:\/\/api.w.org\/{rel}","templated":true}]}}