{"id":505045,"date":"2025-11-01T17:50:47","date_gmt":"2025-11-01T17:50:47","guid":{"rendered":"https:\/\/www.europesays.com\/fr\/505045\/"},"modified":"2025-11-01T17:50:47","modified_gmt":"2025-11-01T17:50:47","slug":"basket-le-sluc-nancy-a-remis-la-defense-en-tete-des-priorites","status":"publish","type":"post","link":"https:\/\/www.europesays.com\/fr\/505045\/","title":{"rendered":"Basket. Le SLUC Nancy a remis la d\u00e9fense en t\u00eate des priorit\u00e9s"},"content":{"rendered":"<p>-44 \u00e0 Villeurbanne, +22 \u00e0 Boulazac, +32 contre Limoges, -28 \u00e0 Gravelines\u2026 Depuis le d\u00e9but de la saison, le SLUC alterne entre l\u2019euphorie et les gros coups de mou. Une forme de\u2026 bipolarit\u00e9 qui a pour cons\u00e9quence de d\u00e9boussoler les fans, qui ont bien du mal \u00e0 se faire une opinion pr\u00e9cise sur le r\u00e9el potentiel de cette \u00e9quipe, qui a lourdement rechut\u00e9 sur le parquet de Dunkerque , le week-end denier (107 \u00e0 79). Il faut bien admettre qu\u2019un tel retour de flamme&#8230;<\/p>\n","protected":false},"excerpt":{"rendered":"-44 \u00e0 Villeurbanne, +22 \u00e0 Boulazac, +32 contre Limoges, -28 \u00e0 Gravelines\u2026 Depuis le d\u00e9but de la saison,&hellip;\n","protected":false},"author":2,"featured_media":505046,"comment_status":"","ping_status":"","sticky":false,"template":"","format":"standard","meta":{"footnotes":""},"categories":[9635],"tags":[1111,11,1791,1777,674,107,1011,27,775,1702,12,25,56686,517,1700],"class_list":{"0":"post-505045","1":"post","2":"type-post","3":"status-publish","4":"format-standard","5":"has-post-thumbnail","7":"category-nancy","8":"tag-actu","9":"tag-actualites","10":"tag-basket-ball","11":"tag-eu","12":"tag-europe","13":"tag-fil-info","14":"tag-fr","15":"tag-france","16":"tag-grand-est","17":"tag-nancy","18":"tag-news","19":"tag-republique-francaise","20":"tag-sluc-nancy","21":"tag-sport","22":"tag-sport-lorrain"},"share_on_mastodon":{"url":"https:\/\/pubeurope.com\/@fr\/115475715468546810","error":""},"_links":{"self":[{"href":"https:\/\/www.europesays.com\/fr\/wp-json\/wp\/v2\/posts\/505045","targetHints":{"allow":["GET"]}}],"collection":[{"href":"https:\/\/www.europesays.com\/fr\/wp-json\/wp\/v2\/posts"}],"about":[{"href":"https:\/\/www.europesays.com\/fr\/wp-json\/wp\/v2\/types\/post"}],"author":[{"embeddable":true,"href":"https:\/\/www.europesays.com\/fr\/wp-json\/wp\/v2\/users\/2"}],"replies":[{"embeddable":true,"href":"https:\/\/www.europesays.com\/fr\/wp-json\/wp\/v2\/comments?post=505045"}],"version-history":[{"count":0,"href":"https:\/\/www.europesays.com\/fr\/wp-json\/wp\/v2\/posts\/505045\/revisions"}],"wp:featuredmedia":[{"embeddable":true,"href":"https:\/\/www.europesays.com\/fr\/wp-json\/wp\/v2\/media\/505046"}],"wp:attachment":[{"href":"https:\/\/www.europesays.com\/fr\/wp-json\/wp\/v2\/media?parent=505045"}],"wp:term":[{"taxonomy":"category","embeddable":true,"href":"https:\/\/www.europesays.com\/fr\/wp-json\/wp\/v2\/categories?post=505045"},{"taxonomy":"post_tag","embeddable":true,"href":"https:\/\/www.europesays.com\/fr\/wp-json\/wp\/v2\/tags?post=505045"}],"curies":[{"name":"wp","href":"https:\/\/api.w.org\/{rel}","templated":true}]}}