{"id":505047,"date":"2025-11-01T17:51:16","date_gmt":"2025-11-01T17:51:16","guid":{"rendered":"https:\/\/www.europesays.com\/fr\/505047\/"},"modified":"2025-11-01T17:51:16","modified_gmt":"2025-11-01T17:51:16","slug":"un-premier-tournant-dans-la-saison-du-rct","status":"publish","type":"post","link":"https:\/\/www.europesays.com\/fr\/505047\/","title":{"rendered":"un premier tournant dans la saison du RCT ?"},"content":{"rendered":"<p class=\"fs-5 \">La lourde d\u00e9faite \u00e0 Toulouse n\u2019a pas laiss\u00e9 des traces que sur la pelouse du Stadium.<\/p>\n<p class=\"fs-5 \">D\u00e9j\u00e0 amoindris par les blessures avant de se d\u00e9placer dans la Ville rose, les rangs varois, d\u00e9sormais amput\u00e9s de Marius Domon, Melvyn Jaminet et Rayan Rebbadj, se font aussi moins larges.<\/p>\n<p class=\"fs-5 \">Avant ce samedi et la r\u00e9ception de Lyon \u00e0 Mayol (14 h 30), le staff toulonnais d\u00e9plorait une dizaine d\u2019indisponibilit\u00e9s en raison de divers p\u00e9pins physiques.<\/p>\n<p class=\"fs-5 \">\u00c0 cela s\u2019ajoutait l\u2019absence de Jean-Baptiste Gros, \u00ab prot\u00e9g\u00e9 \u00bb par le XV de France en vue du test-match contre l\u2019Afrique du Sud le week-end prochain, ainsi que les retours tardifs d\u2019une poign\u00e9e de joueurs, comme Ben White ou Ga\u00ebl Dr\u00e9an, appel\u00e9s avec leurs s\u00e9lections nationales respectives.<\/p>\n<p>                                                                                \u00ab En profiter pour bien se resserrer \u00bb<\/p>\n<p class=\"fs-5 \">Autant dire qu\u2019entre son infirmerie et les pr\u00e9mices de la tourn\u00e9e d\u2019automne, le Toulon de Pierre Mignoni a mis le pied dans une p\u00e9riode pas comme les autres cette semaine.<\/p>\n<p class=\"fs-5 \">\u00ab On s\u2019est mis un peu au rythme de l\u2019\u00e9quipe de France \u00bb, confirmait le directeur du rugby en pr\u00e9ambule de sa traditionnelle conf\u00e9rence de presse.<\/p>\n<p class=\"fs-5 \">Avant de poursuivre : \u00ab Il faut que l\u2019on soit solidaire entre nous et avec les jeunes. Ce que j\u2019ai dit aux joueurs, c\u2019est qu\u2019on a quinze jours \u00e0 faire tous ensemble. Il faut en profiter pour bien se resserrer, garder le cap, \u00eatre connect\u00e9s. Par exp\u00e9rience, je sais que c\u2019est encore plus vrai sur des semaines comme celles-l\u00e0. \u00bb<\/p>\n<p class=\"fs-5 \">\u00ab Des \u00bb et pas \u00ab une \u00bb, puisqu\u2019avec le report du match contre La Rochelle au samedi 8 novembre pour le compte de la 3e journ\u00e9e, les Toulonnais ont en plus perdu le luxe de pouvoir partir directement en vacances apr\u00e8s l\u2019empoignade face \u00e0 Lyon\u2026 Obligeant le staff \u00e0 redoubler d\u2019anticipation d\u00e8s ce week-end : \u00ab On essaie d\u2019anticiper au mieux pour la semaine d\u2019apr\u00e8s avec les al\u00e9as de blessures et autres. C\u2019est pour \u00e7a qu\u2019on n\u2019a pas pris de risques, par exemple, avec J\u00e9r\u00e9my Sinzelle et Oliver Cowie, qui revient d\u2019une blessure \u00e0 l\u2019\u00e9paule. Ces gar\u00e7ons-l\u00e0 joueront la semaine prochaine. \u00bb<\/p>\n<p class=\"fs-5 \">Car Pierre Mignoni le sait : ces deux r\u00e9ceptions \u00ab tr\u00e8s importantes \u00bb peuvent permettre \u00e0 son \u00e9quipe de compl\u00e8tement basculer, alors quelle pointe actuellement \u00e0 la 9e place du classement. \u00ab On sera s\u00fbrement dans le top 2 [si on gagne les deux rencontres]. On n\u2019envisage pas l\u2019\u00e9chec. On envisage juste de bien commencer ce bloc de matchs. Le premier, c\u2019est demain [aujourd\u2019hui] face \u00e0 Lyon. Apr\u00e8s, on sera les seuls \u00e0 jouer avec La Rochelle. Et on a quand m\u00eame pas mal de bless\u00e9s, en plus de Ma\u2019a (Nonu) qui est cit\u00e9 [pour son d\u00e9blayage dangereux contre Toulouse] et des internationaux qui partent mais ne reviendront pas la semaine prochaine\u2026 On va se compter sur les doigts d\u2019une main. Il faut passer entre les gouttes. \u00bb<\/p>\n<p>                                                                                \u00ab Avant de parler de jeu\u2026 \u00bb<\/p>\n<p class=\"fs-5 \">Et donc d\u00e9j\u00e0 franchir l\u2019obstacle du Lou, b\u00eate bless\u00e9e par trois revers sur les quatre derniers affrontements (dont un \u00e0 domicile samedi dernier).<\/p>\n<p class=\"fs-5 \">\u00ab Il ne faut surtout pas qu\u2019on passe \u00e0 c\u00f4t\u00e9 \u00bb, pr\u00e9venait le centre Mathieu Sma\u00efli, conscient, comme son coach, du tournant que peut repr\u00e9senter cette double r\u00e9ception dans la saison de Toulon.<\/p>\n<p class=\"fs-5 \">\u00ab On a envie de prendre le match dans l\u2019ordre, contre une \u00e9quipe qui va venir avec beaucoup d\u2019ambitions et certainement aussi des choses sur lesquelles se rattraper. Avant de parler de jeu, il faut parler de l\u2019essentiel. On devra \u00eatre l\u00e0 sur l\u2019essentiel \u00bb, rappelait de son c\u00f4t\u00e9 Mignoni.<\/p>\n<p class=\"fs-5 \">Dans le contexte de la semaine, celui-ci a dit sentir des joueurs \u00ab qui se resser[aient] les uns les autres pour ne pas d\u00e9cevoir et tout donner ensemble \u00bb. Il faudra au moins cela, pour terminer le bloc en restant invaincus \u00e0 domicile.<\/p>\n","protected":false},"excerpt":{"rendered":"La lourde d\u00e9faite \u00e0 Toulouse n\u2019a pas laiss\u00e9 des traces que sur la pelouse du Stadium. D\u00e9j\u00e0 amoindris&hellip;\n","protected":false},"author":2,"featured_media":505048,"comment_status":"","ping_status":"","sticky":false,"template":"","format":"standard","meta":{"footnotes":""},"categories":[9619],"tags":[1111,11,1777,674,1011,27,12,882,3461,25,2310],"class_list":{"0":"post-505047","1":"post","2":"type-post","3":"status-publish","4":"format-standard","5":"has-post-thumbnail","7":"category-toulon","8":"tag-actu","9":"tag-actualites","10":"tag-eu","11":"tag-europe","12":"tag-fr","13":"tag-france","14":"tag-news","15":"tag-provence-alpes-cote-dazur","16":"tag-rct","17":"tag-republique-francaise","18":"tag-toulon"},"share_on_mastodon":{"url":"https:\/\/pubeurope.com\/@fr\/115475715548937463","error":""},"_links":{"self":[{"href":"https:\/\/www.europesays.com\/fr\/wp-json\/wp\/v2\/posts\/505047","targetHints":{"allow":["GET"]}}],"collection":[{"href":"https:\/\/www.europesays.com\/fr\/wp-json\/wp\/v2\/posts"}],"about":[{"href":"https:\/\/www.europesays.com\/fr\/wp-json\/wp\/v2\/types\/post"}],"author":[{"embeddable":true,"href":"https:\/\/www.europesays.com\/fr\/wp-json\/wp\/v2\/users\/2"}],"replies":[{"embeddable":true,"href":"https:\/\/www.europesays.com\/fr\/wp-json\/wp\/v2\/comments?post=505047"}],"version-history":[{"count":0,"href":"https:\/\/www.europesays.com\/fr\/wp-json\/wp\/v2\/posts\/505047\/revisions"}],"wp:featuredmedia":[{"embeddable":true,"href":"https:\/\/www.europesays.com\/fr\/wp-json\/wp\/v2\/media\/505048"}],"wp:attachment":[{"href":"https:\/\/www.europesays.com\/fr\/wp-json\/wp\/v2\/media?parent=505047"}],"wp:term":[{"taxonomy":"category","embeddable":true,"href":"https:\/\/www.europesays.com\/fr\/wp-json\/wp\/v2\/categories?post=505047"},{"taxonomy":"post_tag","embeddable":true,"href":"https:\/\/www.europesays.com\/fr\/wp-json\/wp\/v2\/tags?post=505047"}],"curies":[{"name":"wp","href":"https:\/\/api.w.org\/{rel}","templated":true}]}}