{"id":505059,"date":"2025-11-01T17:57:14","date_gmt":"2025-11-01T17:57:14","guid":{"rendered":"https:\/\/www.europesays.com\/fr\/505059\/"},"modified":"2025-11-01T17:57:14","modified_gmt":"2025-11-01T17:57:14","slug":"champagnier-un-concert-hommage-aux-beatles-bientot-aux-4-vents","status":"publish","type":"post","link":"https:\/\/www.europesays.com\/fr\/505059\/","title":{"rendered":"Champagnier. Un concert-hommage aux Beatles, bient\u00f4t aux 4 Vents"},"content":{"rendered":"<p>On commence \u00e0 bien conna\u00eetre l\u2019\u00e9v\u00e9nement, <a href=\"https:\/\/www.ledauphine.com\/culture-loisirs\/2023\/11\/19\/isere-champagnier-le-concert-tribute-des-4u2-a-enflamme-l-espace-des-4-vents\" target=\"_blank\" rel=\"nofollow noopener\">qui remplit chaque ann\u00e9e depuis quatre ans la salle des 4 Vents<\/a>. Le grand concert d\u2019automne propos\u00e9 par la MJC, RIA et le Sou permet aux spectateurs de revivre les \u00e9motions de concerts de grands groupes\u2026 mais \u00e0 Champagnier\u00a0! On le devine, il serait difficile de faire venir Pink Floyd ou U2 dans l\u2019agglo. Alors les organisateurs se sont adress\u00e9s aux groupes sp\u00e9cialis\u00e9s dans ces hommages (les \u201ctribute\u201d), qui imitent &#8211; m\u00eame si le mot est r\u00e9ducteur compte tenu de la qualit\u00e9 de la prestation &#8211; les artistes.<\/p>\n<p>\u00ab\u00a0Cette ann\u00e9e, le collectif a choisi de faire venir le m\u00eame groupe que l\u2019ann\u00e9e derni\u00e8re\u00a0: Patchwork tribute. <a href=\"https:\/\/www.ledauphine.com\/culture-loisirs\/2024\/11\/19\/isere-champagnier-le-concert-queen-alive-a-fait-vibrer-les-champagnards\" target=\"_blank\" rel=\"nofollow noopener\">Apr\u00e8s Queen et Freddy Mercury,<\/a> ils proposent cette fois le r\u00e9pertoire des Beatles\u00a0\u00bb annonce Richard Refuggi, b\u00e9n\u00e9vole de la MJC, particuli\u00e8rement investi sur ce rendez-vous.<\/p>\n<p>John (Lennon), Paul (Mc Cartney), Georges (Harrison) et Ringo (Starr) seront donc personnifi\u00e9s par les quatre membres de Patchwork tribute, qui reprendront les grands succ\u00e8s du mythique groupe de Liverpool.<\/p>\n<p>\u00ab\u00a0Les Beatles, c\u2019est leur ADN\u00a0: les Patchwork ont commenc\u00e9 \u00e0 se faire conna\u00eetre \u00e0 la fin des ann\u00e9es 90, en reprenant leurs chansons lors du festival international de Liverpool, sur la sc\u00e8ne du Cavern club &#8211; o\u00f9 les Beatles ont d\u00e9but\u00e9\u00a0\u00bb pr\u00e9cise Richard Refuggi. \u00ab\u00a0Ils ont ensuite \u00e9largi leur r\u00e9pertoire\u00a0\u00bb.<\/p>\n<p>Retour aux sources donc, et promesse d\u2019un beau moment pour tous ceux qui ont vibr\u00e9, dans les ann\u00e9es 60 et 70, au son des Fab four et de leurs plus grands tubes. Costum\u00e9s \u00e0 la mani\u00e8re de (du costume gris des d\u00e9buts, aux tenues color\u00e9es fa\u00e7on Sergent Pepper), les musiciens de Patchwork veulent faire revivre la magie.<\/p>\n<p>  30 b\u00e9n\u00e9voles<\/p>\n<p>Pour que cette soir\u00e9e tr\u00e8s attendue soit r\u00e9ussie, une trentaine de b\u00e9n\u00e9voles va pr\u00e9parer la salle, et assurer la logistique (d\u00e9coration, parking, caisse, buvette\u2026). \u00ab\u00a0Nous allons monter la sc\u00e8ne le jeudi soir gr\u00e2ce au mat\u00e9riel pr\u00eat\u00e9 par la Ville. Le vendredi la r\u00e9gie Pro\u2019pulse nous am\u00e8nera les chaises, pr\u00eat\u00e9es par la Ville d\u2019\u00c9chirolles. On installera ensuite la technique (lumi\u00e8re et son). Enfin le samedi, tout sera finalis\u00e9, on installera la buvette avant d\u2019accueillir le public\u00a0\u00bb d\u00e9taille Richard Refuggi.<\/p>\n<p>Cette ann\u00e9e, attention\u00a0: le syst\u00e8me de billetterie \u00e9volue. Les ventes de billets physiques n\u2019ont plus lieu\u00a0: il faut aller r\u00e9server sa place sur HelloAsso, et chercher \u201cMaison des jeunes et de la culture de Champagnier\u201d (ou scanner le QR code pr\u00e9sent sur l\u2019affiche et les flyers). Sinon, \u00ab\u00a0des billets seront \u00e9galement en vente sur place le soir du concert\u00a0\u00bb rassure Richard Refuggi. L\u2019entr\u00e9e est \u00e0 20\u00a0\u20ac, un tarif modeste pour ce genre de concert. \u00ab\u00a0Il s\u2019agit, pour nous de faire venir des groupes de qualit\u00e9, et de pouvoir absorber le co\u00fbt de cette venue gr\u00e2ce \u00e0 la billetterie et \u00e0 la buvette\u00a0\u00bb explique le b\u00e9n\u00e9vole. Les pr\u00e9c\u00e9dents concerts aux 4 Vents avaient affich\u00e9 complet\u00a0: un signe de l\u2019attente que cette soir\u00e9e suscite\u00a0!<\/p>\n<p class=\"note\">Le samedi 15\u00a0novembre \u00e0 20\u00a0h \u00e0 l\u2019Espace des 4 vents. Tarif unique 20\u00a0\u20ac. Placement libre, r\u00e9servation conseill\u00e9e sur HelloAsso<\/p>\n","protected":false},"excerpt":{"rendered":"On commence \u00e0 bien conna\u00eetre l\u2019\u00e9v\u00e9nement, qui remplit chaque ann\u00e9e depuis quatre ans la salle des 4 Vents.&hellip;\n","protected":false},"author":2,"featured_media":505060,"comment_status":"","ping_status":"","sticky":false,"template":"","format":"standard","meta":{"footnotes":""},"categories":[9566],"tags":[1111,11,2430,34631,1687,113,1777,674,1011,27,2731,873,12,25,17481],"class_list":{"0":"post-505059","1":"post","2":"type-post","3":"status-publish","4":"format-standard","5":"has-post-thumbnail","7":"category-grenoble","8":"tag-actu","9":"tag-actualites","10":"tag-auvergne-rhone-alpes","11":"tag-champagnier","12":"tag-culture-loisirs","13":"tag-edition-gresivaudan-oisans","14":"tag-eu","15":"tag-europe","16":"tag-fr","17":"tag-france","18":"tag-grenoble","19":"tag-musique","20":"tag-news","21":"tag-republique-francaise","22":"tag-romanche"},"share_on_mastodon":{"url":"https:\/\/pubeurope.com\/@fr\/115475739041776095","error":""},"_links":{"self":[{"href":"https:\/\/www.europesays.com\/fr\/wp-json\/wp\/v2\/posts\/505059","targetHints":{"allow":["GET"]}}],"collection":[{"href":"https:\/\/www.europesays.com\/fr\/wp-json\/wp\/v2\/posts"}],"about":[{"href":"https:\/\/www.europesays.com\/fr\/wp-json\/wp\/v2\/types\/post"}],"author":[{"embeddable":true,"href":"https:\/\/www.europesays.com\/fr\/wp-json\/wp\/v2\/users\/2"}],"replies":[{"embeddable":true,"href":"https:\/\/www.europesays.com\/fr\/wp-json\/wp\/v2\/comments?post=505059"}],"version-history":[{"count":0,"href":"https:\/\/www.europesays.com\/fr\/wp-json\/wp\/v2\/posts\/505059\/revisions"}],"wp:featuredmedia":[{"embeddable":true,"href":"https:\/\/www.europesays.com\/fr\/wp-json\/wp\/v2\/media\/505060"}],"wp:attachment":[{"href":"https:\/\/www.europesays.com\/fr\/wp-json\/wp\/v2\/media?parent=505059"}],"wp:term":[{"taxonomy":"category","embeddable":true,"href":"https:\/\/www.europesays.com\/fr\/wp-json\/wp\/v2\/categories?post=505059"},{"taxonomy":"post_tag","embeddable":true,"href":"https:\/\/www.europesays.com\/fr\/wp-json\/wp\/v2\/tags?post=505059"}],"curies":[{"name":"wp","href":"https:\/\/api.w.org\/{rel}","templated":true}]}}