{"id":505061,"date":"2025-11-01T17:58:17","date_gmt":"2025-11-01T17:58:17","guid":{"rendered":"https:\/\/www.europesays.com\/fr\/505061\/"},"modified":"2025-11-01T17:58:17","modified_gmt":"2025-11-01T17:58:17","slug":"ligue-2-on-aurait-du-tuer-le-match-plus-tot-le-gf38-se-fait-peur-mais-lemporte-avec-la-maniere-a-amiens","status":"publish","type":"post","link":"https:\/\/www.europesays.com\/fr\/505061\/","title":{"rendered":"Ligue 2. \u00ab\u00a0On aurait d\u00fb tuer le match plus t\u00f4t\u00a0\u00bb : le GF38 se fait peur mais l\u2019emporte avec la mani\u00e8re \u00e0 Amiens"},"content":{"rendered":"<p><strong>Omar Daf (entra\u00eeneur d\u2019Amiens)\u00a0:<\/strong> \u00ab\u00a0Cette d\u00e9faite laisse un sentiment amer. On a manqu\u00e9 de peps au d\u00e9but en \u00e9tant coup\u00e9 en deux. On a eu le caract\u00e8re pour revenir, ce n\u2019\u00e9tait pas \u00e9vident. On a manqu\u00e9 d\u2019exp\u00e9rience pour marquer le troisi\u00e8me but ou garder le r\u00e9sultat, ce qui aurait \u00e9t\u00e9 plut\u00f4t positif.\u00a0\u00bb<\/p>\n<p><strong>Franck Rizzetto (entra\u00eeneur de Grenoble)\u00a0:<\/strong>\u00a0\u00ab\u00a0Les victoires font toujours plaisir et on en avait bien besoin. Je pense qu\u2019elle est m\u00e9rit\u00e9e et je f\u00e9licite les joueurs. Je suis content pour tout le monde et notamment les supporters qui sont venus. On a fait un match tr\u00e8s coh\u00e9rent. Je savais que cette \u00e9quipe d\u2019Amiens \u00e9tait capable de rebondissements, j\u2019ai alert\u00e9 mes joueurs \u00e0 la mi-temps. Paradoxalement, sans \u00eatre totalement mis en danger, on s\u2019est fait reprendre apr\u00e8s un petit coup franc anodin. Des d\u00e9tails qui ont fait qu\u2019ils sont revenus dans la partie sans que ce soit m\u00e9rit\u00e9. On aurait d\u00fb tuer le match plus t\u00f4t. C\u2019\u00e9tait un match un peu fou mais je pense qu\u2019on m\u00e9rite de l\u2019emporter.\u00a0\u00bb<\/p>\n<p><strong>Jessy Benet (milieu de terrain de Grenoble)\u00a0:<\/strong> \u00ab\u00a0On a montr\u00e9 de tr\u00e8s bonnes choses mais on s\u2019est fait peur. D\u2019\u00eatre rejoint au score comme \u00e7a alors qu\u2019on ma\u00eetrisait plut\u00f4t bien le match\u2026 On a bien r\u00e9agi mais il faut arr\u00eater de se faire peur comme \u00e7a, ce serait bien. Je ne sais pas comment l\u2019expliquer ce qu\u2019il s\u2019est pass\u00e9 (d\u2019\u00eatre \u00e9galis\u00e9 en 3 minutes)\u2026 C\u2019est aussi \u00e7a le football. Je pense qu\u2019on doit faire mieux pour ne pas subir ce genre de situation. Je trouve qu\u2019on n\u2019a pas paniqu\u00e9 non plus, on a toujours peur que \u00e7a tourne dans le mauvais sens mais on a r\u00e9ussi \u00e0 marquer ce but pour l\u2019emporter.\u00a0\u00bb<\/p>\n","protected":false},"excerpt":{"rendered":"Omar Daf (entra\u00eeneur d\u2019Amiens)\u00a0: \u00ab\u00a0Cette d\u00e9faite laisse un sentiment amer. On a manqu\u00e9 de peps au d\u00e9but en&hellip;\n","protected":false},"author":2,"featured_media":505062,"comment_status":"","ping_status":"","sticky":false,"template":"","format":"standard","meta":{"footnotes":""},"categories":[9566],"tags":[1111,11,2430,112,113,114,1777,674,1701,63,1011,27,12637,2731,2732,108,12636,1985,12,25,517,1947],"class_list":{"0":"post-505061","1":"post","2":"type-post","3":"status-publish","4":"format-standard","5":"has-post-thumbnail","7":"category-grenoble","8":"tag-actu","9":"tag-actualites","10":"tag-auvergne-rhone-alpes","11":"tag-edition-grenoble-agglomeration","12":"tag-edition-gresivaudan-oisans","13":"tag-edition-voiron-saint-marcellin","14":"tag-eu","15":"tag-europe","16":"tag-fil-info-sport","17":"tag-football","18":"tag-fr","19":"tag-france","20":"tag-gf38-grenoble-foot-38","21":"tag-grenoble","22":"tag-grenoble-bassin","23":"tag-isere","24":"tag-ligue-2-football","25":"tag-metropole-de-grenoble","26":"tag-news","27":"tag-republique-francaise","28":"tag-sport","29":"tag-sport-national"},"share_on_mastodon":{"url":"https:\/\/pubeurope.com\/@fr\/115475742952997667","error":""},"_links":{"self":[{"href":"https:\/\/www.europesays.com\/fr\/wp-json\/wp\/v2\/posts\/505061","targetHints":{"allow":["GET"]}}],"collection":[{"href":"https:\/\/www.europesays.com\/fr\/wp-json\/wp\/v2\/posts"}],"about":[{"href":"https:\/\/www.europesays.com\/fr\/wp-json\/wp\/v2\/types\/post"}],"author":[{"embeddable":true,"href":"https:\/\/www.europesays.com\/fr\/wp-json\/wp\/v2\/users\/2"}],"replies":[{"embeddable":true,"href":"https:\/\/www.europesays.com\/fr\/wp-json\/wp\/v2\/comments?post=505061"}],"version-history":[{"count":0,"href":"https:\/\/www.europesays.com\/fr\/wp-json\/wp\/v2\/posts\/505061\/revisions"}],"wp:featuredmedia":[{"embeddable":true,"href":"https:\/\/www.europesays.com\/fr\/wp-json\/wp\/v2\/media\/505062"}],"wp:attachment":[{"href":"https:\/\/www.europesays.com\/fr\/wp-json\/wp\/v2\/media?parent=505061"}],"wp:term":[{"taxonomy":"category","embeddable":true,"href":"https:\/\/www.europesays.com\/fr\/wp-json\/wp\/v2\/categories?post=505061"},{"taxonomy":"post_tag","embeddable":true,"href":"https:\/\/www.europesays.com\/fr\/wp-json\/wp\/v2\/tags?post=505061"}],"curies":[{"name":"wp","href":"https:\/\/api.w.org\/{rel}","templated":true}]}}