{"id":505065,"date":"2025-11-01T18:02:17","date_gmt":"2025-11-01T18:02:17","guid":{"rendered":"https:\/\/www.europesays.com\/fr\/505065\/"},"modified":"2025-11-01T18:02:17","modified_gmt":"2025-11-01T18:02:17","slug":"douze-categories-douze-prix-pour-les-acteurs-culturels-alsaciens","status":"publish","type":"post","link":"https:\/\/www.europesays.com\/fr\/505065\/","title":{"rendered":"douze cat\u00e9gories, douze prix pour les acteurs culturels alsaciens"},"content":{"rendered":"<p>La 14 e c\u00e9r\u00e9monie des Hopl\u2019Awards, une initiative de l\u2019agenda culturel Coze Magazine, s\u2019est d\u00e9roul\u00e9e ce vendredi 31\u00a0octobre \u00e0 la Cit\u00e9 de la musique et de la danse de Strasbourg. Les Hopl\u2019Awards distinguent des initiatives culturelles en Alsace, gr\u00e2ce \u00e0 douze cat\u00e9gories.<\/p>\n<p>  Les laur\u00e9ats 2025<\/p>\n<p><strong>Affiche<\/strong> \u00a0: My Little World 2025 par Maxime Iva\u00f1ez\u00a0; <strong>Clip musical <\/strong> : <a href=\"https:\/\/www.dna.fr\/culture-loisirs\/2024\/08\/01\/scene-off-la-lecon-signee-maeva-uen-pepite-a-suivre\" target=\"_blank\" rel=\"nofollow noopener\">Maeva avec <\/a><a href=\"https:\/\/www.dna.fr\/culture-loisirs\/2024\/08\/01\/scene-off-la-lecon-signee-maeva-uen-pepite-a-suivre\" target=\"_blank\" rel=\"nofollow noopener\">Full Moon<\/a> \u00a0; <strong>Couverture COZE<\/strong> \u00a0: Ariane Pinel pour le magazine Summer 2025\u00a0; <strong>Dans ton casque<\/strong> \u00a0: Joceline pour la playlist de mars\u00a02025\u00a0; <strong>\u00c9co-Hopl\u2019Awards <\/strong> : Festival M\u00f4mes en sc\u00e8nes 2025 \u00e0 Niederbronn-les-Bains\u00a0; <strong>\u00c9v\u00e9nement culturel<\/strong> \u00a0: <a href=\"https:\/\/www.dna.fr\/culture-loisirs\/2024\/05\/01\/elsass-rock-jive-festival-cinq-jours-d-immersion-dans-les-annees-50\" target=\"_blank\" rel=\"nofollow noopener\">Elsass Rock &amp; Jive<\/a> Festival 2025\u00a0; <strong>Groupe\/Artiste solo<\/strong> \u00a0: Lara Issa\u00a0; <strong>Lieu culturel<\/strong> \u00a0: Art\u2019Rhena de Vogelgrun\u00a0; <strong>Spectacle vivant<\/strong> \u00a0: Rififi par la compagnie <a href=\"https:\/\/www.dna.fr\/culture-loisirs\/2024\/03\/19\/le-kafteur-appelle-a-un-soutien-pour-sa-creation-rififi\" target=\"_blank\" rel=\"nofollow noopener\">Le Kafteur<\/a> \u00a0; <strong>Uss\u2019m\u2019Elsass<\/strong> \u00a0: Livre En Alsace, \u00e7a se dit comme \u00e7a, de <a href=\"https:\/\/www.dna.fr\/culture-loisirs\/2024\/10\/31\/l-universitaire-pascale-erhart-signe-un-livre-pour-s-initier-au-francais-d-alsace\" target=\"_blank\" rel=\"nofollow noopener\">Pascale Erhart<\/a> \u00a0; <strong>Coup de pouce<\/strong> \u00a0: La Renouvelle\u00a0; <strong>Hopl\u2019Awards d\u2019honneur<\/strong> \u00a0: Philippe Ochem, directeur durant 36 ans de Jazzdor.<\/p>\n","protected":false},"excerpt":{"rendered":"La 14 e c\u00e9r\u00e9monie des Hopl\u2019Awards, une initiative de l\u2019agenda culturel Coze Magazine, s\u2019est d\u00e9roul\u00e9e ce vendredi 31\u00a0octobre&hellip;\n","protected":false},"author":2,"featured_media":505066,"comment_status":"","ping_status":"","sticky":false,"template":"","format":"standard","meta":{"footnotes":""},"categories":[2820],"tags":[1111,11,2389,1687,2880,1777,674,107,1011,27,775,12,25,3140,640,2879],"class_list":{"0":"post-505065","1":"post","2":"type-post","3":"status-publish","4":"format-standard","5":"has-post-thumbnail","7":"category-strasbourg","8":"tag-actu","9":"tag-actualites","10":"tag-alsace","11":"tag-culture-loisirs","12":"tag-edition-strasbourg","13":"tag-eu","14":"tag-europe","15":"tag-fil-info","16":"tag-fr","17":"tag-france","18":"tag-grand-est","19":"tag-news","20":"tag-republique-francaise","21":"tag-spectacle","22":"tag-strasbourg","23":"tag-strasbourg-ville"},"share_on_mastodon":{"url":"https:\/\/pubeurope.com\/@fr\/115475758723596425","error":""},"_links":{"self":[{"href":"https:\/\/www.europesays.com\/fr\/wp-json\/wp\/v2\/posts\/505065","targetHints":{"allow":["GET"]}}],"collection":[{"href":"https:\/\/www.europesays.com\/fr\/wp-json\/wp\/v2\/posts"}],"about":[{"href":"https:\/\/www.europesays.com\/fr\/wp-json\/wp\/v2\/types\/post"}],"author":[{"embeddable":true,"href":"https:\/\/www.europesays.com\/fr\/wp-json\/wp\/v2\/users\/2"}],"replies":[{"embeddable":true,"href":"https:\/\/www.europesays.com\/fr\/wp-json\/wp\/v2\/comments?post=505065"}],"version-history":[{"count":0,"href":"https:\/\/www.europesays.com\/fr\/wp-json\/wp\/v2\/posts\/505065\/revisions"}],"wp:featuredmedia":[{"embeddable":true,"href":"https:\/\/www.europesays.com\/fr\/wp-json\/wp\/v2\/media\/505066"}],"wp:attachment":[{"href":"https:\/\/www.europesays.com\/fr\/wp-json\/wp\/v2\/media?parent=505065"}],"wp:term":[{"taxonomy":"category","embeddable":true,"href":"https:\/\/www.europesays.com\/fr\/wp-json\/wp\/v2\/categories?post=505065"},{"taxonomy":"post_tag","embeddable":true,"href":"https:\/\/www.europesays.com\/fr\/wp-json\/wp\/v2\/tags?post=505065"}],"curies":[{"name":"wp","href":"https:\/\/api.w.org\/{rel}","templated":true}]}}