{"id":505073,"date":"2025-11-01T18:06:33","date_gmt":"2025-11-01T18:06:33","guid":{"rendered":"https:\/\/www.europesays.com\/fr\/505073\/"},"modified":"2025-11-01T18:06:33","modified_gmt":"2025-11-01T18:06:33","slug":"ils-menacent-et-frappent-un-ado-de-16-ans-pour-voler-son-scooter","status":"publish","type":"post","link":"https:\/\/www.europesays.com\/fr\/505073\/","title":{"rendered":"ils menacent et frappent un ado de 16 ans pour voler son scooter"},"content":{"rendered":"<p>            Par<br \/>\n        <strong><br \/>\n            <a href=\"https:\/\/actu.fr\/auteur\/thomas-bernard\" title=\"Consulter tous les articles de Thomas Bernard\" rel=\"nofollow noopener\" target=\"_blank\">Thomas Bernard<\/a><br \/>\n        <\/strong><\/p>\n<p>        Publi\u00e9 le<\/p>\n<p>            31 oct. 2025 \u00e0 15h28        <\/p>\n<p>Aux alentours de 19h30, jeudi 30\u00a0octobre 2025, <strong>un adolescent de 16\u00a0ans<\/strong> circule au niveau du rond-point de la Croix Bonneau, dans le quartier Bellevue \u2013 Sainte-Anne \u2013 Chantenay, \u00e0 Nantes. Au guidon d\u2019un scooter de 50\u00a0cm3, l\u2019ado est accroch\u00e9 par un autre scooter (500\u00a0cm3).<\/p>\n<p class=\" wall-content\">\u00c0 son bord, deux individus qui coupent la route et se portent \u00e0 la hauteur de l\u2019adolescent. Menac\u00e9, l\u2019ado est victime de<strong>\u00a0deux coups de poing<\/strong>. \u00ab\u2009Aucun couteau n\u2019a \u00e9t\u00e9 sorti, mais ils ont menac\u00e9 de le poignarder s\u2019il ne donnait pas son scooter\u2009\u00bb, confie une source polici\u00e8re.<\/p>\n<p class=\" wall-content\">Les deux individus sont <strong>repartis avec le scooter et le casque de l\u2019adolescent<\/strong>.<\/p>\n<p>Un adolescent de 14\u00a0ans interpell\u00e9<\/p>\n<p class=\" wall-content\">L\u2019adolescent retourne chez lui puis son p\u00e8re appelle la police. Un \u00e9quipage de la Bac (brigade anti-criminalit\u00e9), en patrouille \u00e0 Bellevue, rep\u00e8re deux individus correspondant aux signalements effectu\u00e9s par la victime.<\/p>\n<p class=\" wall-content\">Apr\u00e8s un refus d\u2019obtemp\u00e9rer, la Bac proc\u00e8de \u00e0 <strong>l\u2019interpellation<\/strong>, vers 21h15, ce jeudi 30\u00a0octobre. Les deux suspects, de nationalit\u00e9 russe et fran\u00e7aise, sont respectivement <strong>\u00e2g\u00e9s de 19 et 14\u00a0ans (bient\u00f4t 15)<\/strong>. Ils ont \u00e9t\u00e9 plac\u00e9s en garde \u00e0 vue pour vol avec violence.<\/p>\n<p class=\" wall-content\">Le scooter de l\u2019adolescent n\u2019a pas encore \u00e9t\u00e9 retrouv\u00e9.<\/p>\n<p class=\" wall-content\">Personnalisez votre actualit\u00e9 en ajoutant vos villes et m\u00e9dias en favori avec <a href=\"https:\/\/moncompte.actu.fr\" title=\"D\u00e9couvez Mon Actu\" rel=\"nofollow noopener\" data-trk=\"{&quot;cta&quot;:{&quot;action&quot;:&quot;https:\\\/\\\/moncompte.actu.fr&quot;,&quot;category&quot;:&quot;mon compte&quot;,&quot;from&quot;:&quot;article footer&quot;,&quot;name&quot;:&quot;Mon actu&quot;,&quot;type&quot;:&quot;cta&quot;}}\" target=\"_blank\">Mon Actu<\/a>.<\/p>\n","protected":false},"excerpt":{"rendered":"Par Thomas Bernard Publi\u00e9 le 31 oct. 2025 \u00e0 15h28 Aux alentours de 19h30, jeudi 30\u00a0octobre 2025, un&hellip;\n","protected":false},"author":2,"featured_media":505074,"comment_status":"","ping_status":"","sticky":false,"template":"","format":"standard","meta":{"footnotes":""},"categories":[2818],"tags":[1111,11,1777,674,118,1011,27,766,12,2636,1072,25],"class_list":{"0":"post-505073","1":"post","2":"type-post","3":"status-publish","4":"format-standard","5":"has-post-thumbnail","7":"category-nantes","8":"tag-actu","9":"tag-actualites","10":"tag-eu","11":"tag-europe","12":"tag-faits-divers","13":"tag-fr","14":"tag-france","15":"tag-nantes","16":"tag-news","17":"tag-pays-de-la-loire","18":"tag-police","19":"tag-republique-francaise"},"share_on_mastodon":{"url":"https:\/\/pubeurope.com\/@fr\/115475774435593074","error":""},"_links":{"self":[{"href":"https:\/\/www.europesays.com\/fr\/wp-json\/wp\/v2\/posts\/505073","targetHints":{"allow":["GET"]}}],"collection":[{"href":"https:\/\/www.europesays.com\/fr\/wp-json\/wp\/v2\/posts"}],"about":[{"href":"https:\/\/www.europesays.com\/fr\/wp-json\/wp\/v2\/types\/post"}],"author":[{"embeddable":true,"href":"https:\/\/www.europesays.com\/fr\/wp-json\/wp\/v2\/users\/2"}],"replies":[{"embeddable":true,"href":"https:\/\/www.europesays.com\/fr\/wp-json\/wp\/v2\/comments?post=505073"}],"version-history":[{"count":0,"href":"https:\/\/www.europesays.com\/fr\/wp-json\/wp\/v2\/posts\/505073\/revisions"}],"wp:featuredmedia":[{"embeddable":true,"href":"https:\/\/www.europesays.com\/fr\/wp-json\/wp\/v2\/media\/505074"}],"wp:attachment":[{"href":"https:\/\/www.europesays.com\/fr\/wp-json\/wp\/v2\/media?parent=505073"}],"wp:term":[{"taxonomy":"category","embeddable":true,"href":"https:\/\/www.europesays.com\/fr\/wp-json\/wp\/v2\/categories?post=505073"},{"taxonomy":"post_tag","embeddable":true,"href":"https:\/\/www.europesays.com\/fr\/wp-json\/wp\/v2\/tags?post=505073"}],"curies":[{"name":"wp","href":"https:\/\/api.w.org\/{rel}","templated":true}]}}