{"id":505085,"date":"2025-11-01T18:12:14","date_gmt":"2025-11-01T18:12:14","guid":{"rendered":"https:\/\/www.europesays.com\/fr\/505085\/"},"modified":"2025-11-01T18:12:14","modified_gmt":"2025-11-01T18:12:14","slug":"lille-il-importune-des-femmes-dans-un-bar-et-poignarde-deux-hommes-venus-les-proteger","status":"publish","type":"post","link":"https:\/\/www.europesays.com\/fr\/505085\/","title":{"rendered":"Lille. Il importune des femmes dans un bar et poignarde deux hommes venus les prot\u00e9ger"},"content":{"rendered":"<p>            Par<br \/>\n        <strong><br \/>\n            <a href=\"https:\/\/actu.fr\/auteur\/zoe-hondt\" title=\"Consulter tous les articles de Zoe Hondt\" rel=\"nofollow noopener\" target=\"_blank\">Zoe Hondt<\/a><br \/>\n        <\/strong><\/p>\n<p>        Publi\u00e9 le<\/p>\n<p>            1 nov. 2025 \u00e0 18h17        <\/p>\n<p>Il appara\u00eet avec la <b>main droite band\u00e9e<\/b> et un <b>\u0153il au beurre noir encore gonfl\u00e9<\/b> dans le box des pr\u00e9venus. Lundi 27 octobre, un homme de 36 ans a \u00e9t\u00e9 jug\u00e9 au tribunal de <a href=\"https:\/\/actu.fr\/lille\/\" rel=\"nofollow noopener\" target=\"_blank\">Lille<\/a> (Nord) pour <b>violences avec usage d\u2019une arme<\/b>. Les faits se d\u00e9roulent deux jours plus t\u00f4t, \u00e0 Lille : au bar Le Relax, dans le <b>quartier Wazemmes<\/b>, une <b>sc\u00e8ne d\u2019une rare violence<\/b> s\u2019est d\u00e9roul\u00e9e entre trois hommes. Deux ont \u00e9t\u00e9 victimes de <b>coups de couteau<\/b>. Ils tentaient de <b>prot\u00e9ger des femmes<\/b> importun\u00e9es par le troisi\u00e8me individu. Le pr\u00e9venu n\u2019a pas la m\u00eame version des faits.<\/p>\n<p>\u00ab\u00a0Il avait la volont\u00e9 de poignarder\u00a0\u00bb<\/p>\n<p class=\" wall-content\">Il est environ minuit dans la nuit du 24 au 25 octobre. Au bar Le Relax, certains clients se plaignent d\u2019un homme \u00ab\u00a0un peu lourd et insistant\u00a0\u00bb avec les femmes. Le g\u00e9rant avait d\u00e9j\u00e0 rep\u00e9r\u00e9 l\u2019individu \u00ab\u00a0pas net\u00a0\u00bb d\u00e8s son arriv\u00e9e. Il demande \u00e0 deux amis et habitu\u00e9s de <b>le surveiller<\/b>. Un peu plus tard, une femme rapporte \u00e0 ces derniers avoir \u00e9t\u00e9 \u00ab\u00a0plaqu\u00e9e contre le mur\u00a0\u00bb et avoir subi des \u00ab\u00a0baise-mains\u00a0\u00bb alors qu\u2019elle attendait pour aller aux toilettes. Elle aurait <b>tent\u00e9 de repousser l\u2019homme en vain<\/b>, avant qu\u2019une autre femme la d\u00e9fende. Il les aurait <b>copieusement insult\u00e9es<\/b> avant de partir. Les deux habitu\u00e9s essayent alors d\u2019expulser l\u2019individu, mais tout d\u00e9g\u00e9n\u00e8re. Ce dernier, muni d\u2019un couteau, les <b>blesse gri\u00e8vement<\/b>. Tous \u00e9vacu\u00e9s par les secours, <b>la police interpelle le pr\u00e9venu \u00e0 l\u2019h\u00f4pital<\/b>.<\/p>\n<p class=\" wall-content\">Les victimes \u00e9voquent une personne \u00ab\u00a0tr\u00e8s dangereuse\u00a0\u00bb. L\u2019homme le plus gri\u00e8vement bless\u00e9 t\u00e9moigne : \u00ab\u00a0J\u2019ai vraiment eu peur pour ma vie. Il ne voulait pas me l\u00e2cher, il avait la volont\u00e9 de poignarder. J\u2019avais une grosse doudoune, un sweat \u00e0 capuche et un tee-shirt et pourtant, j\u2019ai senti sa main qui bougeait quand il m\u2019a plant\u00e9. Il faut qu\u2019il assume.\u00a0\u00bb L\u2019autre victime raconte \u00e9galement : \u00ab\u00a0C\u2019est all\u00e9 tr\u00e8s vite. Je l\u2019ai vu mettre sa main dans sa poche arri\u00e8re. Je l\u2019ai frapp\u00e9 avant qu\u2019il ne sorte son arme. Je suis stress\u00e9, j\u2019ai un fils. J\u2019aurais pu tout perdre.\u00a0\u00bb Examin\u00e9s par un m\u00e9decin l\u00e9giste, les deux hommes ont respectivement re\u00e7u <b>un mois et demi et cinq jours d\u2019interruption totale de travail<\/b>.<\/p>\n<p class=\" wall-content\">Le pr\u00e9venu livre une <b>tout autre version<\/b>. Il dit \u00eatre un habitu\u00e9 des lieux et n\u2019avoir jamais eu de probl\u00e8mes. Au moment des faits, il aurait \u00e9t\u00e9 <b>pouss\u00e9 par deux hommes sans savoir pourquoi<\/b>. Au sol, il \u00ab\u00a0a essay\u00e9 de se d\u00e9fendre des coups\u00a0\u00bb qu\u2019ils lui portaient. Le pr\u00e9venu avoue avoir donn\u00e9 des coups de couteau, mais l\u2019arme n\u2019est pas la sienne : il l\u2019aurait <b>trouv\u00e9e par terre<\/b>. \u00ab\u00a0J\u2019\u00e9tais ivre, inconscient de mes actes. Je ne voulais pas leur faire de mal.\u00a0\u00bb s\u2019excuse-t-il, conscient de son <b>probl\u00e8me d\u2019alcool<\/b>. Il <b>nie avoir importun\u00e9 des clientes<\/b> : \u00ab\u00a0Je respecte les femmes. Pourquoi celle qui m\u2019accuse n\u2019est pas l\u00e0, si elle dit la v\u00e9rit\u00e9 ?\u00a0\u00bb<\/p>\n<p>L\u2019avocate du pr\u00e9venu d\u00e9nonce un \u00ab\u00a0d\u00e9lit de sale gueule\u00a0\u00bb<\/p>\n<p class=\" wall-content\">Une \u00ab\u00a0sc\u00e8ne de peur et de chaos\u00a0\u00bb avec un \u00ab\u00a0d\u00e9ferlement de violence\u00a0\u00bb. Les avocats des parties civiles plaident fermement : les victimes sont des \u00ab\u00a0miracul\u00e9s\u00a0\u00bb d\u2019un homme \u00ab\u00a0probl\u00e9matique d\u00e8s le d\u00e9part\u00a0\u00bb. <b>Six coups de couteau<\/b> ont \u00e9t\u00e9 d\u00e9compt\u00e9s dans la doudoune de la victime bless\u00e9e le plus lourdement. \u00ab\u00a0Le pr\u00e9judice est immense mais il a eu de la chance. Merci les conditions m\u00e9t\u00e9orologique du Nord\u00a0\u00bb, ironise son avocate. <b>3 000 euros de dommages et int\u00e9r\u00eats <\/b>ont \u00e9t\u00e9 demand\u00e9s pour l\u2019autre victime. Son avocat d\u00e9crit un homme \u00ab\u00a0profond\u00e9ment traumatis\u00e9\u00a0\u00bb, qui a \u00ab\u00a0simplement eu le r\u00e9flexe humain de prot\u00e9ger\u00a0\u00bb.<\/p>\n<p class=\" wall-content\">L\u2019avocate de la d\u00e9fense \u00ab\u00a0s\u2019\u00e9tonne de la certitude port\u00e9e au dossier\u00a0\u00bb. Agac\u00e9e, elle clame : \u00ab\u00a0Il a le visage d\u00e9fonc\u00e9, sa main a \u00e9t\u00e9 op\u00e9r\u00e9e car son doigt a \u00e9t\u00e9 tranch\u00e9. Finalement, ils ont tous eu l\u2019arme en main.\u00a0\u00bb Elle souligne \u00e9galement que <b>son client n\u2019est pas le premier \u00e0<\/b>\u00a0<b>entamer le contact<\/b>. Les cam\u00e9ras de surveillance sont formelles : un des deux hommes \u00ab\u00a0attrape le bras\u00a0\u00bb du pr\u00e9venu, qui recule. Pendant la bagarre, alors qu\u2019il \u00e9tait \u00ab\u00a0d\u00e9j\u00e0 ma\u00eetris\u00e9 au sol\u00a0\u00bb, les deux hommes \u00ab\u00a0pas maigrelets\u00a0\u00bb continuent de lui donner des coups. Pour l\u2019avocate, son client a \u00e9t\u00e9 victime d\u2019une \u00ab\u00a0d\u00e9lit de sale gueule\u00a0\u00bb d\u00e8s le d\u00e9but.<\/p>\n<p>Votre r\u00e9gion, votre actu !<\/p>\n<p>Recevez chaque jour les infos qui comptent pour vous.<\/p>\n<p>\t<a href=\"https:\/\/actu.fr\/newsletter\" class=\"ac-btn ac-btn--corner ac-btn--medium ac-btn--blue800\" rel=\"nofollow noopener\" target=\"_blank\">S&rsquo;incrire<\/a><br \/>\nCondamn\u00e9 \u00e0 une peine allant au-del\u00e0 des r\u00e9quisitions<\/p>\n<p class=\" wall-content\">La procureure rappelle le \u00ab\u00a0courage [des victimes] d\u2019intervenir et de venir \u00e0 l\u2019audience malgr\u00e9 les douleurs\u00a0\u00bb. Le pr\u00e9venu \u00ab\u00a0refait l\u2019histoire\u00a0\u00bb selon elle : \u00ab\u00a0Il se donne l\u2019image d\u2019un parfait gentleman. Il trouve le couteau par hasard quand il se fait agresser.\u00a0\u00bb Elle rappelle que les coups de couteau re\u00e7us \u00e9taient\u00a0\u00ab\u00a0centr\u00e9s sur des <b>zones mortelles au niveau du tronc<\/b>\u00ab\u00a0. Il ne s\u2019agit donc pas de l\u00e9gitime d\u00e9fense. Elle requiert <b>trois ans d\u2019emprisonnement avec mandat de d\u00e9p\u00f4t<\/b> et l\u2019<b>interdiction de d\u00e9tenir une arme pendant cinq ans<\/b>.<\/p>\n<p class=\" wall-content\">\u00c0 l\u2019annonce du d\u00e9lib\u00e9r\u00e9, la pr\u00e9sidente semble pr\u00e9cautionneuse. Le tribunal a d\u00e9cid\u00e9 de condamner le pr\u00e9venu \u00e0 une peine allant <b>au-del\u00e0 des r\u00e9quisitions<\/b>. L\u2019homme \u00e9cope de <b>quatre ans d\u2019emprisonnement avec mandat de d\u00e9p\u00f4t dont un an avec sursis probatoire<\/b>. Il a \u00e9galement l\u2019interdiction de prendre contact avec les parties civiles et de d\u00e9tenir une arme pendant quinze ans. L\u2019homme a d\u00e9j\u00e0 communiqu\u00e9 sa <b>volont\u00e9 de faire appel<\/b>, d\u00e9non\u00e7ant une d\u00e9cision \u00ab\u00a0injuste\u00a0\u00bb.<\/p>\n<p class=\" wall-content\">Personnalisez votre actualit\u00e9 en ajoutant vos villes et m\u00e9dias en favori avec <a href=\"https:\/\/moncompte.actu.fr\" title=\"D\u00e9couvez Mon Actu\" rel=\"nofollow noopener\" data-trk=\"{&quot;cta&quot;:{&quot;action&quot;:&quot;https:\\\/\\\/moncompte.actu.fr&quot;,&quot;category&quot;:&quot;mon compte&quot;,&quot;from&quot;:&quot;article footer&quot;,&quot;name&quot;:&quot;Mon actu&quot;,&quot;type&quot;:&quot;cta&quot;}}\" target=\"_blank\">Mon Actu<\/a>.<\/p>\n","protected":false},"excerpt":{"rendered":"Par Zoe Hondt Publi\u00e9 le 1 nov. 2025 \u00e0 18h17 Il appara\u00eet avec la main droite band\u00e9e et&hellip;\n","protected":false},"author":2,"featured_media":505086,"comment_status":"","ping_status":"","sticky":false,"template":"","format":"standard","meta":{"footnotes":""},"categories":[2815],"tags":[1111,11,1777,674,118,1011,27,811,303,1307,12,2694,25],"class_list":{"0":"post-505085","1":"post","2":"type-post","3":"status-publish","4":"format-standard","5":"has-post-thumbnail","7":"category-lille","8":"tag-actu","9":"tag-actualites","10":"tag-eu","11":"tag-europe","12":"tag-faits-divers","13":"tag-fr","14":"tag-france","15":"tag-hauts-de-france","16":"tag-justice","17":"tag-lille","18":"tag-news","19":"tag-proces","20":"tag-republique-francaise"},"share_on_mastodon":{"url":"https:\/\/pubeurope.com\/@fr\/115475798092064645","error":""},"_links":{"self":[{"href":"https:\/\/www.europesays.com\/fr\/wp-json\/wp\/v2\/posts\/505085","targetHints":{"allow":["GET"]}}],"collection":[{"href":"https:\/\/www.europesays.com\/fr\/wp-json\/wp\/v2\/posts"}],"about":[{"href":"https:\/\/www.europesays.com\/fr\/wp-json\/wp\/v2\/types\/post"}],"author":[{"embeddable":true,"href":"https:\/\/www.europesays.com\/fr\/wp-json\/wp\/v2\/users\/2"}],"replies":[{"embeddable":true,"href":"https:\/\/www.europesays.com\/fr\/wp-json\/wp\/v2\/comments?post=505085"}],"version-history":[{"count":0,"href":"https:\/\/www.europesays.com\/fr\/wp-json\/wp\/v2\/posts\/505085\/revisions"}],"wp:featuredmedia":[{"embeddable":true,"href":"https:\/\/www.europesays.com\/fr\/wp-json\/wp\/v2\/media\/505086"}],"wp:attachment":[{"href":"https:\/\/www.europesays.com\/fr\/wp-json\/wp\/v2\/media?parent=505085"}],"wp:term":[{"taxonomy":"category","embeddable":true,"href":"https:\/\/www.europesays.com\/fr\/wp-json\/wp\/v2\/categories?post=505085"},{"taxonomy":"post_tag","embeddable":true,"href":"https:\/\/www.europesays.com\/fr\/wp-json\/wp\/v2\/tags?post=505085"}],"curies":[{"name":"wp","href":"https:\/\/api.w.org\/{rel}","templated":true}]}}