{"id":505089,"date":"2025-11-01T18:14:13","date_gmt":"2025-11-01T18:14:13","guid":{"rendered":"https:\/\/www.europesays.com\/fr\/505089\/"},"modified":"2025-11-01T18:14:13","modified_gmt":"2025-11-01T18:14:13","slug":"mort-dun-homme-de-60-ans-sous-les-rames-du-metro-blancarde-a-marseille","status":"publish","type":"post","link":"https:\/\/www.europesays.com\/fr\/505089\/","title":{"rendered":"Mort d&rsquo;un homme de 60 ans sous les rames du m\u00e9tro Blancarde \u00e0 Marseille"},"content":{"rendered":"<p>Un homme est d\u00e9c\u00e9d\u00e9 sous les rames du <a href=\"https:\/\/www.laprovence.com\/article\/region\/24991677970627\/marseille-la-station-de-metro-blancarde-evacuee-trois-autres-arrets-de-la-ligne-1-non-desservis\" target=\"_blank\" rel=\"noopener\">m\u00e9tro Blancarde<\/a> ce samedi 1er novembre dans l&rsquo;apr\u00e8s-midi, dans le 4e arrondissement de Marseille.<\/p>\n<p>Il \u00e9tait 14\u00a0heures lorsque la victime a \u00e9t\u00e9 percut\u00e9e par le <a href=\"https:\/\/www.laprovence.com\/article\/faits-divers-justice\/2850327947638715\/marseille-mort-dun-homme-a-la-station-de-metro-timone-apres-avoir-chute-sous-la-rame\" target=\"_blank\" rel=\"noopener\">m\u00e9tro<\/a> qui arrivait dans la station. Si une enqu\u00eate de police a \u00e9t\u00e9 diligent\u00e9e, la piste du suicide est privil\u00e9gi\u00e9e. L&rsquo;intervention de 25 marins-pompiers venus avec une dizaine de v\u00e9hicules, moins de 5 minutes apr\u00e8s le drame, n&rsquo;a pas permis de r\u00e9animer cet homme de 60 ans, extrait des rames en arr\u00eat cardio-respiratoire.<\/p>\n<p>M\u00e9tro consign\u00e9 pour les besoins de l&rsquo;enqu\u00eate<\/p>\n<p>Il a \u00e9t\u00e9 d\u00e9clar\u00e9 d\u00e9c\u00e9d\u00e9 par le m\u00e9decin du <a href=\"https:\/\/www.laprovence.com\/article\/faits-divers-justice\/63936459088914\/voyance-massages-astrologie-un-agent-du-samu-social-de-marseille-revoque-pour-cumul-dactivites\" target=\"_blank\" rel=\"noopener\">Samu<\/a>, tandis que le conducteur du m\u00e9tro, un homme de 33 ans, tr\u00e8s choqu\u00e9, a \u00e9t\u00e9 pris en charge sur place avant d&rsquo;\u00eatre transport\u00e9 \u00e0 l&rsquo;h\u00f4pital.<\/p>\n<p>La circulation du m\u00e9tro est rest\u00e9e perturb\u00e9e une partie de l&rsquo;apr\u00e8s-midi et le m\u00e9tro a \u00e9t\u00e9 consign\u00e9 pour les besoins de l&rsquo;enqu\u00eate.<\/p>\n","protected":false},"excerpt":{"rendered":"Un homme est d\u00e9c\u00e9d\u00e9 sous les rames du m\u00e9tro Blancarde ce samedi 1er novembre dans l&rsquo;apr\u00e8s-midi, dans le&hellip;\n","protected":false},"author":2,"featured_media":505090,"comment_status":"","ping_status":"","sticky":false,"template":"","format":"standard","meta":{"footnotes":""},"categories":[2814],"tags":[17,1111,11,1764,2837,1777,674,274,1011,27,4933,151,884,18,12,882,22970,25,3107],"class_list":{"0":"post-505089","1":"post","2":"type-post","3":"status-publish","4":"format-standard","5":"has-post-thumbnail","7":"category-marseille","8":"tag-17","9":"tag-actu","10":"tag-actualites","11":"tag-ans","12":"tag-dun","13":"tag-eu","14":"tag-europe","15":"tag-faits-divers-justice","16":"tag-fr","17":"tag-france","18":"tag-homme","19":"tag-les","20":"tag-marseille","21":"tag-mort","22":"tag-news","23":"tag-provence-alpes-cote-dazur","24":"tag-rames","25":"tag-republique-francaise","26":"tag-sous"},"share_on_mastodon":{"url":"https:\/\/pubeurope.com\/@fr\/115475805869207285","error":""},"_links":{"self":[{"href":"https:\/\/www.europesays.com\/fr\/wp-json\/wp\/v2\/posts\/505089","targetHints":{"allow":["GET"]}}],"collection":[{"href":"https:\/\/www.europesays.com\/fr\/wp-json\/wp\/v2\/posts"}],"about":[{"href":"https:\/\/www.europesays.com\/fr\/wp-json\/wp\/v2\/types\/post"}],"author":[{"embeddable":true,"href":"https:\/\/www.europesays.com\/fr\/wp-json\/wp\/v2\/users\/2"}],"replies":[{"embeddable":true,"href":"https:\/\/www.europesays.com\/fr\/wp-json\/wp\/v2\/comments?post=505089"}],"version-history":[{"count":0,"href":"https:\/\/www.europesays.com\/fr\/wp-json\/wp\/v2\/posts\/505089\/revisions"}],"wp:featuredmedia":[{"embeddable":true,"href":"https:\/\/www.europesays.com\/fr\/wp-json\/wp\/v2\/media\/505090"}],"wp:attachment":[{"href":"https:\/\/www.europesays.com\/fr\/wp-json\/wp\/v2\/media?parent=505089"}],"wp:term":[{"taxonomy":"category","embeddable":true,"href":"https:\/\/www.europesays.com\/fr\/wp-json\/wp\/v2\/categories?post=505089"},{"taxonomy":"post_tag","embeddable":true,"href":"https:\/\/www.europesays.com\/fr\/wp-json\/wp\/v2\/tags?post=505089"}],"curies":[{"name":"wp","href":"https:\/\/api.w.org\/{rel}","templated":true}]}}