{"id":505100,"date":"2025-11-01T18:21:21","date_gmt":"2025-11-01T18:21:21","guid":{"rendered":"https:\/\/www.europesays.com\/fr\/505100\/"},"modified":"2025-11-01T18:21:21","modified_gmt":"2025-11-01T18:21:21","slug":"auger-aliassime-en-finale-apres-avoir-dompte-bublik","status":"publish","type":"post","link":"https:\/\/www.europesays.com\/fr\/505100\/","title":{"rendered":"Auger-Aliassime en finale apr\u00e8s avoir dompt\u00e9 Bublik"},"content":{"rendered":"<p class=\"mb-4 text-lg md:leading-8 break-words\">Le Canadien F\u00e9lix Auger-Aliassime, en forme ascendante, s&rsquo;est qualifi\u00e9 samedi \u00e0 Paris pour sa deuxi\u00e8me finale en Masters 1000 et n&rsquo;est plus qu&rsquo;\u00e0 un match d&rsquo;assurer sa place au Masters de Turin (9-16 novembre).<\/p>\n<p class=\"mb-4 text-lg md:leading-8 break-words\">Vainqueur 7-6 (7\/3), 6-4 du Kazakhstanais Alexander Bublik (16e au classement ATP), le 10e mondial a pris \u00e0 l&rsquo;Italien Lorenzo Musetti le huiti\u00e8me et dernier billet pour le prestigieux rendez-vous italien de fin de saison. Et, en cas de titre dimanche \u00e0 Paris contre Jannik Sinner (2e) ou Alexander Zverev (3e), il sera assur\u00e9 de sa place \u00e0 Turin, o\u00f9 se retrouveront dans quelques jours les huit joueurs ayant amass\u00e9 le plus de points en 2025.<\/p>\n<p class=\"mb-4 text-lg md:leading-8 break-words\">S&rsquo;il perd une deuxi\u00e8me finale en Masters 1000 apr\u00e8s celle de Madrid en 2024, le Montr\u00e9alais restera en revanche jusqu&rsquo;au bout sous la menace de Musetti, qui s&rsquo;est inscrit en derni\u00e8re minute \u00e0 l&rsquo;ATP 250 d&rsquo;Ath\u00e8nes (2-8 novembre) tandis qu&rsquo;Auger-Aliassime disputera en parall\u00e8le l&rsquo;ATP 250 de Metz.<\/p>\n<p class=\"mb-4 text-lg md:leading-8 break-words\">Sur le Central parisien, l&rsquo;ex-6e mondial a livr\u00e9 un premier set de haut vol. Intraitable au service (dix aces durant la premi\u00e8re manche), le Canadien s&rsquo;est heurt\u00e9 \u00e0 un adversaire tout aussi solide sur son engagement, aucun des deux joueurs ne conc\u00e9dant la moindre balle de break dans le set inaugural, qui s&rsquo;est donc jou\u00e9 au tie-break.<\/p>\n<p class=\"mb-4 text-lg md:leading-8 break-words\">Le jeu d\u00e9cisif a bascul\u00e9 en faveur d&rsquo;Auger-Aliassime sur une poign\u00e9e de fautes directes de son adversaire, qui disputait \u00e0 28 ans sa premi\u00e8re demi-finale en Masters 1000 apr\u00e8s avoir notamment \u00e9limin\u00e9 le 4e mondial Taylor Fritz et l&rsquo;Australien Alex De Minaur (6e) aux tours pr\u00e9c\u00e9dents.<\/p>\n<p class=\"mb-4 text-lg md:leading-8 break-words\">&#8211; \u00ab\u00a0Maturit\u00e9 du jeune mari\u00e9\u00a0\u00bb &#8211;<\/p>\n<p class=\"mb-4 text-lg md:leading-8 break-words\">Pas r\u00e9sign\u00e9, Bublik a break\u00e9 sur le premier jeu de service du Canadien dans le deuxi\u00e8me set pour mener 2-0.<\/p>\n<p class=\"mb-4 text-lg md:leading-8 break-words\">Auger-Aliassime a aussit\u00f4t d\u00e9break\u00e9, provoquant la fureur de son bouillant opposant, qui a m\u00e9thodiquement d\u00e9truit sa raquette de frustration.<\/p>\n<p class=\"mb-4 text-lg md:leading-8 break-words\">Une fois les d\u00e9bris \u00e9vacu\u00e9s du court, Auger-Aliassime s&rsquo;est \u00e0 nouveau fait chiper son service, avant de d\u00e9breaker \u00e0 nouveau pour recoller \u00e0 4-4.<\/p>\n<p class=\"mb-4 text-lg md:leading-8 break-words\">Le Montr\u00e9alais de 25 ans a pris pour la premi\u00e8re fois les commandes du set dans le jeu suivant (5-4), concluant ensuite la partie d\u00e8s sa premi\u00e8re balle de match sur son service.<\/p>\n<p class=\"mb-4 text-lg md:leading-8 break-words\">\u00ab\u00a0J&rsquo;ai fait un tr\u00e8s bon tie-break, j&rsquo;ai un peu mieux retourn\u00e9 que lui\u00a0\u00bb, a jug\u00e9 Auger-Aliassime dans son interview d&rsquo;apr\u00e8s-match.<\/p>\n<p class=\"mb-4 text-lg md:leading-8 break-words\">\u00ab\u00a0Je pense que c&rsquo;est le calme, l&rsquo;assurance, la conviction que j&rsquo;avais la possibilit\u00e9 de revenir qui m&rsquo;ont permis de gagner en deux sets\u00a0\u00bb, a-t-il poursuivi.<\/p>\n<p class=\"mb-4 text-lg md:leading-8 break-words\">\u00ab\u00a0C&rsquo;est peut-\u00eatre la maturit\u00e9 de l&rsquo;homme de 25 ans, ou du jeune mari\u00e9\u00a0\u00bb, a souri le vainqueur, qui s&rsquo;est uni en septembre \u00e0 la cavali\u00e8re Nina Ghaibi.<\/p>\n<p class=\"mb-4 text-lg md:leading-8 break-words\">\u00ab\u00a0Ca change une personne, beaucoup de bonnes choses se sont pass\u00e9es dans ma vie derni\u00e8rement\u00a0\u00bb, a d\u00e9velopp\u00e9 Auger-Aliassime, qui a atteint depuis son mariage au moins les quarts de finale des quatre tournois auxquels il a particip\u00e9.<\/p>\n<p class=\"mb-4 text-lg md:leading-8 break-words\">Malgr\u00e9 sa d\u00e9faite en demi-finale, Alexander Bublik va atteindre le meilleur classement de sa carri\u00e8re, au 13e rang mondial.<\/p>\n<p class=\"mb-4 text-lg md:leading-8 break-words\">La seconde demi-finale entre Sinner et Zverev est programm\u00e9e \u00e0 partir de 17h00, apr\u00e8s une c\u00e9r\u00e9monie d&rsquo;hommage \u00e0 Nicolas Mahut, l&rsquo;homme du match marathon de 11h05 contre John Isner \u00e0 Wimbledon en 2010.<\/p>\n<p class=\"mb-4 text-lg md:leading-8 break-words\">Vainqueur de cinq tournois du Grand Chelem en double, le Fran\u00e7ais de 43 ans a mis un terme \u00e0 sa carri\u00e8re professionnelle mardi apr\u00e8s une ultime d\u00e9faite en double \u00e0 Paris aux c\u00f4t\u00e9s du Bulgare Grigor Dimitrov.<\/p>\n<p class=\"mb-4 text-lg md:leading-8 break-words\">dga-aco\/gk<\/p>\n","protected":false},"excerpt":{"rendered":"Le Canadien F\u00e9lix Auger-Aliassime, en forme ascendante, s&rsquo;est qualifi\u00e9 samedi \u00e0 Paris pour sa deuxi\u00e8me finale en Masters&hellip;\n","protected":false},"author":2,"featured_media":505101,"comment_status":"","ping_status":"","sticky":false,"template":"","format":"standard","meta":{"footnotes":""},"categories":[1888],"tags":[1111,1928,11,1927,23329,5827,11170,1777,674,49902,1011,27,20859,19896,4177,12,1926,626,1925,25],"class_list":{"0":"post-505100","1":"post","2":"type-post","3":"status-publish","4":"format-standard","5":"has-post-thumbnail","7":"category-paris","8":"tag-actu","9":"tag-actu-paris","10":"tag-actualites","11":"tag-actualites-paris","12":"tag-alexander-bublik","13":"tag-alexander-zverev","14":"tag-demi-finale","15":"tag-eu","16":"tag-europe","17":"tag-felix-auger-aliassime","18":"tag-fr","19":"tag-france","20":"tag-jannik-sinner","21":"tag-lorenzo-musetti","22":"tag-masters-1000","23":"tag-news","24":"tag-news-paris","25":"tag-paris","26":"tag-paris-news","27":"tag-republique-francaise"},"share_on_mastodon":{"url":"https:\/\/pubeurope.com\/@fr\/115475833416475858","error":""},"_links":{"self":[{"href":"https:\/\/www.europesays.com\/fr\/wp-json\/wp\/v2\/posts\/505100","targetHints":{"allow":["GET"]}}],"collection":[{"href":"https:\/\/www.europesays.com\/fr\/wp-json\/wp\/v2\/posts"}],"about":[{"href":"https:\/\/www.europesays.com\/fr\/wp-json\/wp\/v2\/types\/post"}],"author":[{"embeddable":true,"href":"https:\/\/www.europesays.com\/fr\/wp-json\/wp\/v2\/users\/2"}],"replies":[{"embeddable":true,"href":"https:\/\/www.europesays.com\/fr\/wp-json\/wp\/v2\/comments?post=505100"}],"version-history":[{"count":0,"href":"https:\/\/www.europesays.com\/fr\/wp-json\/wp\/v2\/posts\/505100\/revisions"}],"wp:featuredmedia":[{"embeddable":true,"href":"https:\/\/www.europesays.com\/fr\/wp-json\/wp\/v2\/media\/505101"}],"wp:attachment":[{"href":"https:\/\/www.europesays.com\/fr\/wp-json\/wp\/v2\/media?parent=505100"}],"wp:term":[{"taxonomy":"category","embeddable":true,"href":"https:\/\/www.europesays.com\/fr\/wp-json\/wp\/v2\/categories?post=505100"},{"taxonomy":"post_tag","embeddable":true,"href":"https:\/\/www.europesays.com\/fr\/wp-json\/wp\/v2\/tags?post=505100"}],"curies":[{"name":"wp","href":"https:\/\/api.w.org\/{rel}","templated":true}]}}