{"id":505106,"date":"2025-11-01T18:24:20","date_gmt":"2025-11-01T18:24:20","guid":{"rendered":"https:\/\/www.europesays.com\/fr\/505106\/"},"modified":"2025-11-01T18:24:20","modified_gmt":"2025-11-01T18:24:20","slug":"operations-speciales-et-record-de-drones","status":"publish","type":"post","link":"https:\/\/www.europesays.com\/fr\/505106\/","title":{"rendered":"Op\u00e9rations sp\u00e9ciales et record de drones"},"content":{"rendered":"<p>Vous avez rat\u00e9 les derniers \u00e9v\u00e9nements sur la <a href=\"https:\/\/www.20minutes.fr\/monde\/ukraine\/\" class=\"c-link c-link--is-underlined\" rel=\"nofollow noopener\" target=\"_blank\">guerre en Ukraine<\/a>\u00a0? 20 Minutes fait le point pour vous tous les soirs. Voici l\u2019essentiel de ce samedi 1er\u00a0novembre, 1.347e jour du conflit.<\/p>\n<p>Le fait du jour<\/p>\n<p>L\u2019arm\u00e9e ukrainienne a affirm\u00e9 samedi qu\u2019une op\u00e9ration \u00ab\u00a0complexe\u00a0\u00bb impliquant des forces sp\u00e9ciales \u00e9tait en cours pour chasser les soldats russes infiltr\u00e9s dans la ville de Pokrovsk, un bastion de la r\u00e9gion orientale de Donetsk subissant une pression croissante.<\/p>\n<p>En d\u00e9but de semaine, Kiev a reconnu qu\u2019au moins 200 soldats russes s\u2019\u00e9taient infiltr\u00e9s dans la cit\u00e9 et des observateurs militaires craignent qu\u2019elle ne tombe sous le contr\u00f4le de la Russie, apr\u00e8s avoir \u00e9t\u00e9 au coeur des combats pendant des mois. Selon le commandant en chef des forces arm\u00e9es ukrainiennes, Oleksandre Syrsky, il s\u2019agit actuellement de la zone \u00ab\u00a0la plus difficile\u00a0\u00bb du front et un groupement russe \u00ab\u00a0de plusieurs milliers\u00a0\u00bb de soldats tente d\u2019infilter l\u2019agglom\u00e9ration de Pokrovsk-Myrnograd et d\u2019y couper les \u00ab\u00a0routes d\u2019approvisionnement\u00a0\u00bb ukrainiennes.<\/p>\n<p>Samedi matin, le minist\u00e8re russe de la D\u00e9fense a revendiqu\u00e9 avoir \u00ab\u00a0d\u00e9truit\u00a0\u00bb un groupe de onze membres des forces sp\u00e9ciales des renseignements militaires ukrainiens (GUR) d\u00e9ploy\u00e9s par h\u00e9licopt\u00e8re \u00e0 \u00ab\u00a0environ un kilom\u00e8tre\u00a0\u00bb au nord-ouest de Pokrovsk.<\/p>\n<p>Des sources militaires ukrainiennes anonymes, cit\u00e9es par plusieurs m\u00e9dias locaux, ont ensuite d\u00e9menti cette affirmation de Moscou.<\/p>\n<p>La d\u00e9claration du jour<\/p>\n<blockquote class=\"mx-m@xs mx-xxl@md color-ultramarine c-citation\">\n<p class=\"font-weight-regular@xs text-italic font-source-serif-pro text-l@xs c-citation__content\">\u00ab\u00a0\u00ab\u00a0Nous n\u2019en sommes pas encore s\u00fbr, mais une partie essentielle de ces actions est probablement orchestr\u00e9e par la Russie\u2026\u00a0\u00bb\u00a0\u00bb<\/p>\n<\/blockquote>\n<p>Les vols ont \u00e9t\u00e9 suspendus pendant pr\u00e8s de deux heures vendredi soir \u00e0 l\u2019a\u00e9roport de Berlin-Brandebourg \u00e0 cause de la pr\u00e9sence de drones.<\/p>\n<p>Les dirigeants allemands ont alert\u00e9 \u00e0 plusieurs reprises au sujet de la menace croissante que repr\u00e9sentent les drones, apr\u00e8s une s\u00e9rie d\u2019incursions d\u2019appareils non identifi\u00e9s dans des a\u00e9roports et des sites militaires sensibles cette ann\u00e9e.<\/p>\n<\/p>\n<p>\u00ab\u00a0Nous n\u2019en sommes pas encore s\u00fbr, mais une partie essentielle de ces actions est probablement orchestr\u00e9e par la Russie\u00a0\u00bb, a d\u00e9clar\u00e9 le chancelier Friedrich Merz. D\u00e9non\u00e7ant des \u00ab\u00a0tentatives d\u2019espionnage et de d\u00e9stabilisation\u00a0\u00bb, il a pr\u00e9cis\u00e9 que l\u2019Allemagne surveillait attentivement la \u00ab\u00a0flotte fant\u00f4me russe\u00a0\u00bb stationn\u00e9e dans la mer Baltique, suspect\u00e9e d\u2019\u00eatre impliqu\u00e9 dans ces incursions.<\/p>\n<p>Le chiffre du jour<\/p>\n<p>270. C\u2019est la nombre de mssile tir\u00e9s par la Russie sur l\u2019Ukraine en octobre, soit plus que durant n\u2019importe quel autre mois depuis au moins d\u00e9but\u00a02023. Ces attaques nocturnes visent en particulier le r\u00e9seau \u00e9nerg\u00e9tique. Ce chiffre repr\u00e9sente une hausse de 46\u00a0% par rapport \u00e0 septembre.<\/p>\n<p>La tendance<\/p>\n<p>Donald Trump a r\u00e9it\u00e9r\u00e9 vendredi son intention de reprendre les essais d\u2019armes nucl\u00e9aires, sans toutefois lever l\u2019ambigu\u00eft\u00e9 sur ce qu\u2019il entendait exactement par cette annonce qui a suscit\u00e9 inqui\u00e9tude et protestations dans le monde entier. Jeudi, il avait annonc\u00e9 avoir ordonn\u00e9 au Pentagone de \u00ab\u00a0commencer \u00e0 tester nos armes nucl\u00e9aires sur un pied d\u2019\u00e9galit\u00e9\u00a0\u00bb avec la Russie et la Chine.<\/p>\n<p>Le doute demeure depuis &#8211; \u00e0 dessein ou non &#8211; sur son propos\u00a0: parle-t-il d\u2019essais d\u2019armes capables de porter une t\u00eate nucl\u00e9aire ou bien de la d\u00e9tonation m\u00eame d\u2019une charge nucl\u00e9aire\u00a0?<\/p>\n<p>Aucune puissance n\u2019a proc\u00e9d\u00e9 officiellement \u00e0 un essai nucl\u00e9aire depuis trois d\u00e9cennies &#8211; \u00e0 l\u2019exception de la Cor\u00e9e du Nord (\u00e0 six reprises entre\u00a02006 et\u00a02017). La Russie (alors Union sovi\u00e9tique) n\u2019en a plus conduit depuis\u00a01990 et la Chine depuis\u00a01996. Par ailleurs, Washington est signataire du Trait\u00e9 d\u2019interdiction compl\u00e8te des essais nucl\u00e9aires (Tice). Proc\u00e9der \u00e0 une explosion nucl\u00e9aire en constituerait une violation flagrante.<\/p>\n<p><a href=\"https:\/\/www.20minutes.fr\/monde\/ukraine\/\" class=\"c-link c-btn c-btn--primary\" rel=\"nofollow noopener\" target=\"_blank\">Tous nos articles sur la Guerre en Ukraine<\/a><\/p>\n<p>La d\u00e9cision de Donald Trump r\u00e9pond aux manoeuvres de Moscou\u00a0: cette semaine, le pr\u00e9sident russe Vladimir Poutine s\u2019est f\u00e9licit\u00e9 de l\u2019essai final r\u00e9ussi d\u2019un missile de croisi\u00e8re d&rsquo;\u00a0\u00bb une port\u00e9e illimit\u00e9e\u00a0\u00bb, puis de celui d\u2019un drone sous-marin, deux engins \u00e0 propulsion nucl\u00e9aire selon Moscou.<\/p>\n<p>Mais le Kremlin a pr\u00e9cis\u00e9 jeudi qu\u2019il s\u2019agissait d\u2019essais d\u2019armes capables de porter une charge nucl\u00e9aire et non de bombes elles-m\u00eames, disant esp\u00e9rer \u00ab\u00a0que le pr\u00e9sident Trump en a \u00e9t\u00e9 inform\u00e9 correctement\u00a0\u00bb.<\/p>\n","protected":false},"excerpt":{"rendered":"Vous avez rat\u00e9 les derniers \u00e9v\u00e9nements sur la guerre en Ukraine\u00a0? 20 Minutes fait le point pour vous&hellip;\n","protected":false},"author":2,"featured_media":505107,"comment_status":"","ping_status":"","sticky":false,"template":"","format":"standard","meta":{"footnotes":""},"categories":[1591],"tags":[47,11,828,22519,39407,1887,131,74,12,844,1885,1886,132,135,134],"class_list":{"0":"post-505106","1":"post","2":"type-post","3":"status-publish","4":"format-standard","5":"has-post-thumbnail","7":"category-russie","8":"tag-actualite","9":"tag-actualites","10":"tag-belgique","11":"tag-budapest","12":"tag-dmitri-medvedev","13":"tag-federation-de-russie","14":"tag-guerre-en-ukraine","15":"tag-monde","16":"tag-news","17":"tag-petrole","18":"tag-russia","19":"tag-russian-federation","20":"tag-russie","21":"tag-vladimir-poutine","22":"tag-volodymyr-zelensky"},"share_on_mastodon":{"url":"https:\/\/pubeurope.com\/@fr\/115475845309654840","error":""},"_links":{"self":[{"href":"https:\/\/www.europesays.com\/fr\/wp-json\/wp\/v2\/posts\/505106","targetHints":{"allow":["GET"]}}],"collection":[{"href":"https:\/\/www.europesays.com\/fr\/wp-json\/wp\/v2\/posts"}],"about":[{"href":"https:\/\/www.europesays.com\/fr\/wp-json\/wp\/v2\/types\/post"}],"author":[{"embeddable":true,"href":"https:\/\/www.europesays.com\/fr\/wp-json\/wp\/v2\/users\/2"}],"replies":[{"embeddable":true,"href":"https:\/\/www.europesays.com\/fr\/wp-json\/wp\/v2\/comments?post=505106"}],"version-history":[{"count":0,"href":"https:\/\/www.europesays.com\/fr\/wp-json\/wp\/v2\/posts\/505106\/revisions"}],"wp:featuredmedia":[{"embeddable":true,"href":"https:\/\/www.europesays.com\/fr\/wp-json\/wp\/v2\/media\/505107"}],"wp:attachment":[{"href":"https:\/\/www.europesays.com\/fr\/wp-json\/wp\/v2\/media?parent=505106"}],"wp:term":[{"taxonomy":"category","embeddable":true,"href":"https:\/\/www.europesays.com\/fr\/wp-json\/wp\/v2\/categories?post=505106"},{"taxonomy":"post_tag","embeddable":true,"href":"https:\/\/www.europesays.com\/fr\/wp-json\/wp\/v2\/tags?post=505106"}],"curies":[{"name":"wp","href":"https:\/\/api.w.org\/{rel}","templated":true}]}}