{"id":505108,"date":"2025-11-01T18:25:16","date_gmt":"2025-11-01T18:25:16","guid":{"rendered":"https:\/\/www.europesays.com\/fr\/505108\/"},"modified":"2025-11-01T18:25:16","modified_gmt":"2025-11-01T18:25:16","slug":"operations-speciales-et-record-de-drones-2","status":"publish","type":"post","link":"https:\/\/www.europesays.com\/fr\/505108\/","title":{"rendered":"Op\u00e9rations sp\u00e9ciales et record de drones"},"content":{"rendered":"<p class=\"mb-4 text-lg md:leading-8 break-words\"><strong>R\u00e9cap&rsquo; &#8211; \u00ab 20 Minutes \u00bb fait le point pour vous tous les soirs sur le conflit en Ukraine. Ce samedi, l\u2019Ukraine annonce une s\u00e9rie d\u2019op\u00e9rations sp\u00e9ciales<\/strong><\/p>\n<p class=\"mb-4 text-lg md:leading-8 break-words\">Vous avez rat\u00e9 les derniers \u00e9v\u00e9nements sur la <a href=\"https:\/\/www.20minutes.fr\/monde\/ukraine\/?at_medium=RSS%20feed&amp;at_campaign=ynews&amp;utm_source=yahoo&amp;utm_medium=rss&amp;utm_campaign=news_feed&amp;utm_content=in_article_link\" rel=\"nofollow noopener\" target=\"_blank\" data-ylk=\"slk:guerre en Ukraine;elm:context_link;itc:0;sec:content-canvas\" class=\"link \">guerre en Ukraine<\/a> ? 20 Minutes fait le point pour vous tous les soirs. Voici l\u2019essentiel de ce samedi 1er novembre, 1.347e jour du conflit.<\/p>\n<p>Le fait du jour<\/p>\n<p class=\"mb-4 text-lg md:leading-8 break-words\">L\u2019arm\u00e9e ukrainienne a affirm\u00e9 samedi qu\u2019une op\u00e9ration \u00ab complexe \u00bb impliquant des forces sp\u00e9ciales \u00e9tait en cours pour chasser les soldats russes infiltr\u00e9s dans la ville de Pokrovsk, un bastion de la r\u00e9gion orientale de Donetsk subissant une pression croissante.<\/p>\n<p class=\"mb-4 text-lg md:leading-8 break-words\">En d\u00e9but de semaine, Kiev a reconnu qu\u2019au moins 200 soldats russes s\u2019\u00e9taient infiltr\u00e9s dans la cit\u00e9 et des observateurs militaires craignent qu\u2019elle ne tombe sous le contr\u00f4le de la Russie, apr\u00e8s avoir \u00e9t\u00e9 au coeur des combats pendant des mois. Selon le commandant en chef des forces arm\u00e9es ukrainiennes, Oleksandre Syrsky, il s\u2019agit actuellement de la zone \u00ab la plus difficile \u00bb du front et un groupement russe \u00ab de plusieurs milliers \u00bb de soldats tente d\u2019infilter l\u2019agglom\u00e9ration de Pokrovsk-Myrnograd et d\u2019y couper les \u00ab routes d\u2019approvisionnement \u00bb ukrainiennes.<\/p>\n<p class=\"mb-4 text-lg md:leading-8 break-words\">Samedi matin, le minist\u00e8re russe de la D\u00e9fense a revendiqu\u00e9 avoir \u00ab d\u00e9truit \u00bb un groupe de onze membres des forces sp\u00e9ciales des renseignements militaires ukrainiens (GUR) d\u00e9ploy\u00e9s par h\u00e9licopt\u00e8re \u00e0 \u00ab environ un kilom\u00e8tre \u00bb au nord-ouest de Pokrovsk.<\/p>\n<p class=\"mb-4 text-lg md:leading-8 break-words\">Des sources militaires ukrainiennes anonymes, cit\u00e9es par plusieurs m\u00e9dias locaux, ont ensuite d\u00e9menti cette affirmation de Moscou.<\/p>\n<p>La d\u00e9claration du jour<\/p>\n<p class=\"mb-4 text-lg md:leading-8 break-words\">\u00ab Nous n\u2019en sommes pas encore s\u00fbr, mais une partie essentielle d(&#8230;)<\/p>\n<p class=\"mb-4 text-lg md:leading-8 break-words\"><a href=\"https:\/\/www.20minutes.fr\/monde\/ukraine\/4182998-20251101-guerre-ukraine-operations-speciales-record-drones?at_medium=RSS%20feed&amp;at_campaign=ynews&amp;utm_source=yahoo&amp;utm_medium=rss&amp;utm_campaign=news_feed&amp;utm_content=read_more_link&quot;\" rel=\"nofollow noopener\" target=\"_blank\" data-ylk=\"slk:Lire la suite sur 20minutes;elm:context_link;itc:0;sec:content-canvas\" class=\"link \">Lire la suite sur 20minutes<\/a><\/p>\n<p>\u00c0 lire aussi :<br \/><a href=\"https:\/\/www.20minutes.fr\/monde\/ukraine\/4182675-20251030-guerre-ukraine-armee-russe-frappe-dix-regions-coup-trump-relance-essais-nucleaires?at_medium=RSS%20feed&amp;at_campaign=ynews&amp;utm_source=yahoo&amp;utm_medium=rss&amp;utm_campaign=news_feed&amp;utm_content=related_content_link\" rel=\"nofollow noopener\" target=\"_blank\" data-ylk=\"slk:Guerre en Ukraine : L\u2019arm\u00e9e russe frappe dix r\u00e9gions d\u2019un coup, Trump relance les essais nucl\u00e9aires;elm:context_link;itc:0;sec:content-canvas\" class=\"link \">Guerre en Ukraine : L\u2019arm\u00e9e russe frappe dix r\u00e9gions d\u2019un coup, Trump relance les essais nucl\u00e9aires<\/a><br \/><a href=\"https:\/\/www.20minutes.fr\/monde\/4182569-20251030-europe-moyens-militaires-faire-face-russie-suppose-autre-coherence-strategique?at_medium=RSS%20feed&amp;at_campaign=ynews&amp;utm_source=yahoo&amp;utm_medium=rss&amp;utm_campaign=news_feed&amp;utm_content=related_content_link\" rel=\"nofollow noopener\" target=\"_blank\" data-ylk=\"slk:\u00ab L\u2019Europe a les moyens militaires de faire face \u00e0 la Russie mais cela suppose une autre coh\u00e9rence strat\u00e9gique \u00bb;elm:context_link;itc:0;sec:content-canvas\" class=\"link \">\u00ab L\u2019Europe a les moyens militaires de faire face \u00e0 la Russie mais cela suppose une autre coh\u00e9rence strat\u00e9gique \u00bb<\/a><\/p>\n","protected":false},"excerpt":{"rendered":"R\u00e9cap&rsquo; &#8211; \u00ab 20 Minutes \u00bb fait le point pour vous tous les soirs sur le conflit en&hellip;\n","protected":false},"author":2,"featured_media":505109,"comment_status":"","ping_status":"","sticky":false,"template":"","format":"standard","meta":{"footnotes":""},"categories":[1590],"tags":[642,11,33441,1777,674,566,37824,12,220],"class_list":{"0":"post-505108","1":"post","2":"type-post","3":"status-publish","4":"format-standard","5":"has-post-thumbnail","7":"category-ukraine","8":"tag-20-minutes","9":"tag-actualites","10":"tag-commandant-en-chef","11":"tag-eu","12":"tag-europe","13":"tag-forces-speciales","14":"tag-la-region-orientale","15":"tag-news","16":"tag-ukraine"},"share_on_mastodon":{"url":"https:\/\/pubeurope.com\/@fr\/115475849292029419","error":""},"_links":{"self":[{"href":"https:\/\/www.europesays.com\/fr\/wp-json\/wp\/v2\/posts\/505108","targetHints":{"allow":["GET"]}}],"collection":[{"href":"https:\/\/www.europesays.com\/fr\/wp-json\/wp\/v2\/posts"}],"about":[{"href":"https:\/\/www.europesays.com\/fr\/wp-json\/wp\/v2\/types\/post"}],"author":[{"embeddable":true,"href":"https:\/\/www.europesays.com\/fr\/wp-json\/wp\/v2\/users\/2"}],"replies":[{"embeddable":true,"href":"https:\/\/www.europesays.com\/fr\/wp-json\/wp\/v2\/comments?post=505108"}],"version-history":[{"count":0,"href":"https:\/\/www.europesays.com\/fr\/wp-json\/wp\/v2\/posts\/505108\/revisions"}],"wp:featuredmedia":[{"embeddable":true,"href":"https:\/\/www.europesays.com\/fr\/wp-json\/wp\/v2\/media\/505109"}],"wp:attachment":[{"href":"https:\/\/www.europesays.com\/fr\/wp-json\/wp\/v2\/media?parent=505108"}],"wp:term":[{"taxonomy":"category","embeddable":true,"href":"https:\/\/www.europesays.com\/fr\/wp-json\/wp\/v2\/categories?post=505108"},{"taxonomy":"post_tag","embeddable":true,"href":"https:\/\/www.europesays.com\/fr\/wp-json\/wp\/v2\/tags?post=505108"}],"curies":[{"name":"wp","href":"https:\/\/api.w.org\/{rel}","templated":true}]}}