{"id":50511,"date":"2025-04-25T00:54:11","date_gmt":"2025-04-25T00:54:11","guid":{"rendered":"https:\/\/www.europesays.com\/fr\/50511\/"},"modified":"2025-04-25T00:54:11","modified_gmt":"2025-04-25T00:54:11","slug":"face-aux-cambriolages-cet-elu-patrouille-la-nuit-dans-sa-commune-pres-de-rennes","status":"publish","type":"post","link":"https:\/\/www.europesays.com\/fr\/50511\/","title":{"rendered":"Face aux cambriolages, cet \u00e9lu patrouille la nuit dans sa commune pr\u00e8s de Rennes"},"content":{"rendered":"<p><a href=\"https:\/\/ouest-france.fr\/bretagne\/iffendic-35750\/lordre-national-du-merite-pour-le-maire-diffendic-eb3218d8-64f6-11ee-9054-ca40e95f7444\" target=\"_self\" rel=\"noopener\">Christophe Martins est un \u00e9lu chevronn\u00e9<\/a>. Pourtant le maire d\u2019Iffendic, 4\u00a0600\u00a0habitants \u00e0 l\u2019Ouest de Rennes (Ille-et-Vilaine), l\u2019assure\u00a0: <strong>\u00ab\u00a0En 25\u00a0ans, je n\u2019avais jamais connu une telle s\u00e9rie dans le secteur.\u00a0\u00bb<\/strong><\/p>\n<p>Sa commune et d\u2019autres localit\u00e9s proches, \u00e0 l\u2019Ouest de Rennes, font face \u00e0 une vague de cambriolages <strong>\u00ab\u00a0in\u00e9dite\u00a0\u00bb<\/strong> depuis le d\u00e9but du printemps 2025. <strong>\u00ab\u00a0Tout a commenc\u00e9 par des vols chez des particuliers. J\u2019en ai d\u00e9nombr\u00e9 une quinzaine,<\/strong> d\u00e9taille l\u2019\u00e9lu. <strong>Et depuis quelques jours nous avons aussi la coiffeuse qui a \u00e9t\u00e9 touch\u00e9e ainsi que le restaurant et la base d\u2019activit\u00e9 du lac de Tr\u00e9melin.\u00a0\u00bb<\/strong><\/p>\n<p>Boisgervilly et Qu\u00e9dillac, des communes proches, ont aussi \u00e9t\u00e9 touch\u00e9es par cette vague de cambriolages.<\/p>\n<p>\u00ab\u00a0Les r\u00e9seaux s\u2019en sont m\u00eal\u00e9s\u00a0\u00bb<\/p>\n<p>\u00c0 Iffendic, la situation cr\u00e9e de l\u2019inqui\u00e9tude. <strong>\u00ab\u00a0Les r\u00e9seaux sociaux s\u2019en sont m\u00eal\u00e9s et tr\u00e8s vite, le discr\u00e9dit a \u00e9t\u00e9 jet\u00e9 sur la force publique,<\/strong> regrette Christophe Martins. <strong>Les gendarmes sont accus\u00e9s de ne pas en faire assez. Je peux pourtant t\u00e9moigner de leur activit\u00e9 particuli\u00e8rement intense. Ils sont l\u00e0 \u00e0 patrouiller en pleine nuit. Je vois aussi que les \u00e9lus sont tax\u00e9s de ne rien faire. Nous avons pourtant commenc\u00e9 \u00e0 mener des rondes la nuit avec certains coll\u00e8gues dans les secteurs touch\u00e9s.\u00a0\u00bb<\/strong><\/p>\n<p><strong>Lire aussi\u00a0: <\/strong> <a href=\"https:\/\/rennes.maville.com\/actu\/actudet_-carte.-hausse-des-cambriolages-en-ille-et-vilaine-quelles-sont-les-communes-les-plus-touchees-_7-6751065_actu.Htm\" target=\"_self\" rel=\"noopener\">La carte des cambriolages en Ille-et-Vilaine en 2025.<\/a><\/p>\n<p>Le maire d\u2019Iffendic poursuit\u00a0: <strong>\u00ab\u00a0Nous avons aussi install\u00e9 des cam\u00e9ras partout, mais sur les images nous avons constat\u00e9 que les auteurs \u00e9taient parfois cagoul\u00e9s. S\u2019il faut des moyens suppl\u00e9mentaires de police municipale ou intercommunale pour \u00e9pauler la gendarmerie, nous n\u2019h\u00e9siterons pas \u00e0 le faire.\u00a0<\/strong> <strong>\u00bb<\/strong><\/p>\n<p>L\u2019\u00e9lu, qui a r\u00e9uni les commer\u00e7ants de sa commune le 23\u00a0avril 2025, en appelle chacun <strong>\u00ab\u00a0\u00e0 des mesures \u00e9videntes de pr\u00e9caution\u00a0\u00bb.<\/strong><\/p>\n<p><strong>Lire aussi\u00a0: <\/strong> <a href=\"https:\/\/ouest-france.fr\/bretagne\/pleumeleuc-35137\/neuf-habitants-attentifs-a-la-tranquilite-de-la-ville-7f785a0e-1165-11f0-b5e4-7b411abafa66?utm_source=troove&amp;utm_medium=site\" target=\"_self\" rel=\"noopener\">Neuf habitants attentifs \u00e0 la tranquillit\u00e9 de la ville.<\/a><\/p>\n<p>\u00ab\u00a0L\u2019importance des dispositifs anti intrusions\u00a0\u00bb<\/p>\n<p>Le chef d\u2019escadron Gr\u00e9gory Pons, commandant de la compagnie de gendarmerie de Montfort, confirme <strong>\u00ab\u00a0deux p\u00e9riples, dans la nuit du 19 au 20\u00a0avril, puis dans la nuit du 22 au 23\u00a0avril, qui ont vis\u00e9 des commerces. Certains cambriolages n\u2019ont pas fonctionn\u00e9 car les auteurs ont \u00e9t\u00e9 mis en fuite par les alarmes. J\u2019en profite pour rappeler l\u2019importance de ces dispositifs anti intrusions. Dans les autres cas, les pr\u00e9judices ne sont pas forc\u00e9ment importants car les commer\u00e7ants ont eu le bon r\u00e9flexe de garder peu de liquidit\u00e9s dans leur tiroir-caisse la nuit.\u00a0\u00bb<\/strong><\/p>\n<p>Une enqu\u00eate a \u00e9t\u00e9 ouverte et la gendarmerie a intensifi\u00e9 ses patrouilles dans le secteur. Le commandant rappelle\u00a0: <strong>\u00ab\u00a0<a href=\"https:\/\/labaule.maville.com\/actu\/actudet_--je-n-ai-pas-de-baguette-magique-mais-des-conseils-pour-reduire-les-risques-de-cambriolages.-_8-6671781_actu.Htm\" target=\"_self\" rel=\"noopener\">Nous pouvons accompagner les commer\u00e7ants pour s\u00e9curiser leur boutique, notamment la mani\u00e8re d\u2019installer des cam\u00e9ras ou un syst\u00e8me de d\u00e9tection p\u00e9rim\u00e9trique<\/a>.\u00a0\u00bb<\/strong><\/p>\n<p>\u00a0<\/p>\n","protected":false},"excerpt":{"rendered":"Christophe Martins est un \u00e9lu chevronn\u00e9. Pourtant le maire d\u2019Iffendic, 4\u00a0600\u00a0habitants \u00e0 l\u2019Ouest de Rennes (Ille-et-Vilaine), l\u2019assure\u00a0: \u00ab\u00a0En&hellip;\n","protected":false},"author":2,"featured_media":50512,"comment_status":"","ping_status":"","sticky":false,"template":"","format":"standard","meta":{"footnotes":""},"categories":[2821],"tags":[1111,11,829,9462,7052,14192,1777,674,2823,1011,27,12,293,14320,3762,584,25,6689,9693],"class_list":{"0":"post-50511","1":"post","2":"type-post","3":"status-publish","4":"format-standard","5":"has-post-thumbnail","7":"category-rennes","8":"tag-actu","9":"tag-actualites","10":"tag-bretagne","11":"tag-cambriolages","12":"tag-commune","13":"tag-elu","14":"tag-eu","15":"tag-europe","16":"tag-face","17":"tag-fr","18":"tag-france","19":"tag-news","20":"tag-nuit","21":"tag-patrouille","22":"tag-pres","23":"tag-rennes","24":"tag-republique-francaise","25":"tag-roche","26":"tag-yon"},"share_on_mastodon":{"url":"https:\/\/pubeurope.com\/@fr\/114395877443741687","error":""},"_links":{"self":[{"href":"https:\/\/www.europesays.com\/fr\/wp-json\/wp\/v2\/posts\/50511","targetHints":{"allow":["GET"]}}],"collection":[{"href":"https:\/\/www.europesays.com\/fr\/wp-json\/wp\/v2\/posts"}],"about":[{"href":"https:\/\/www.europesays.com\/fr\/wp-json\/wp\/v2\/types\/post"}],"author":[{"embeddable":true,"href":"https:\/\/www.europesays.com\/fr\/wp-json\/wp\/v2\/users\/2"}],"replies":[{"embeddable":true,"href":"https:\/\/www.europesays.com\/fr\/wp-json\/wp\/v2\/comments?post=50511"}],"version-history":[{"count":0,"href":"https:\/\/www.europesays.com\/fr\/wp-json\/wp\/v2\/posts\/50511\/revisions"}],"wp:featuredmedia":[{"embeddable":true,"href":"https:\/\/www.europesays.com\/fr\/wp-json\/wp\/v2\/media\/50512"}],"wp:attachment":[{"href":"https:\/\/www.europesays.com\/fr\/wp-json\/wp\/v2\/media?parent=50511"}],"wp:term":[{"taxonomy":"category","embeddable":true,"href":"https:\/\/www.europesays.com\/fr\/wp-json\/wp\/v2\/categories?post=50511"},{"taxonomy":"post_tag","embeddable":true,"href":"https:\/\/www.europesays.com\/fr\/wp-json\/wp\/v2\/tags?post=50511"}],"curies":[{"name":"wp","href":"https:\/\/api.w.org\/{rel}","templated":true}]}}