{"id":505110,"date":"2025-11-01T18:26:15","date_gmt":"2025-11-01T18:26:15","guid":{"rendered":"https:\/\/www.europesays.com\/fr\/505110\/"},"modified":"2025-11-01T18:26:15","modified_gmt":"2025-11-01T18:26:15","slug":"votre-site-de-reference-dactualite-comics-2","status":"publish","type":"post","link":"https:\/\/www.europesays.com\/fr\/505110\/","title":{"rendered":"Votre site de r\u00e9f\u00e9rence d&rsquo;actualit\u00e9 Comics"},"content":{"rendered":"<p style=\"text-align: justify;\">Dans un pr\u00e9sent politique devenu propice aux satires de toutes sortes, le sc\u00e9nariste\u00a0<strong>B. Clay Moore<\/strong> assume de poser la question\u00a0: critiquer l&rsquo;effondrement de la d\u00e9mocratie aux Etats-Unis, d&rsquo;accord, mais tant qu&rsquo;on est l\u00e0, au fond, pourquoi ne pas aussi avoir des vampires dans l&rsquo;\u00e9quation ? C&rsquo;est vrai, au fond. Les cr\u00e9atures ont d\u00e9j\u00e0 largement prouv\u00e9 leur aptitude pour le m\u00e9lange des genres. Prenez\u00a0<strong>American Vampire<\/strong>, prenez\u00a0<strong>Sinners<\/strong>, prenez\u00a0<strong>Killadelphia<\/strong>. Contrairement aux zombies ou aux loups-garous, les suceurs de sang sont parfaitement capablede de s&rsquo;accorder avec n&rsquo;importe quel environnement, et sont d&rsquo;ailleurs loin d&rsquo;\u00eatre \u00e9trangers au motif de la politique. Hey. M\u00eame\u00a0<strong>Abraham Lincoln<\/strong> est d&rsquo;accord avec \u00e7a.<\/p>\n<p>Blood of the Nation<\/p>\n<p style=\"text-align: justify;\">Or, en suivant cette th\u00e9orie,\u00a0<strong>Moore<\/strong> (connu pour son travail sur les s\u00e9ries\u00a0<strong>Battle Hymn<\/strong> <a href=\"https:\/\/www.comicsblog.fr\/13246-The_Wanderers_Treasures_34_Hawaiian_Dick__Byrd_Of_Paradise\" rel=\"nofollow noopener\" target=\"_blank\">et\u00a0<strong>Hawaiian Dick<\/strong><\/a>) a sign\u00e9 pour une cr\u00e9ation originale <a href=\"https:\/\/www.comicsblog.fr\/50563-arcadia__les_freres_Miranda_We_Live_deebarquent_chez_ignition_pour_une_nouvelle_seerie_de_postmonde\" rel=\"nofollow noopener\" target=\"_blank\">chez\u00a0<strong>Ignition Press<\/strong><\/a> en compagnie de l&rsquo;artiste\u00a0<strong>Mack Chater<\/strong> (<strong>Briggs Land<\/strong>,\u00a0<strong>Sword Daughter<\/strong>). Le projet en question s&rsquo;intitule\u00a0<strong>Bloodland<\/strong> et assume une certaine ressemblance avec l&rsquo;\u00e9tat politique actuel des Etats-Unis. <\/p>\n<p style=\"text-align: justify;\">Pour r\u00e9sumer, un pr\u00e9sident arriv\u00e9 au bout de son mandat refuse de c\u00e9der le pouvoir, et d\u00e9cide de s&rsquo;associer avec une secte de vampires obs\u00e9d\u00e9s par la puret\u00e9 de la race pour se maintenir en poste. S&rsquo;ensuit ce qui doit suivre : une r\u00e9sistance, une guerre civile potentielle, pour chasser le dictateur et ses sbires suceurs de sang. En l&rsquo;occurrence,\u00a0<strong>Moore<\/strong> et\u00a0<strong>Chater<\/strong> assument une perspective plut\u00f4t ambitieuse avec douze num\u00e9ros pr\u00e9vus au programme.<\/p>\n<p style=\"text-align: justify;\"><img decoding=\"async\" src=\"https:\/\/www.europesays.com\/fr\/wp-content\/uploads\/2025\/11\/bloodland-b-clay-moore-1.jpg\" alt=\"images\/editeur\/Admin-0-Corentin\/News\/ZZZ-951\/bloodland-b-clay-moore-1.jpg\"\/><\/p>\n<p style=\"text-align: justify;\">Pour un synopsis plus d\u00e9taill\u00e9\u00a0:<\/p>\n<p style=\"text-align: justify;\">\u00ab\u00a0Les Etats-Unis sont au bord du gouffre. Ah, et puis, il y a des vampires. Le pr\u00e9sident Andrew Cross est actuellement embourb\u00e9 dans un troisi\u00e8me mandat parfaitement ill\u00e9gal et anticonstitutionnel, mais cet aspirant dictateur reste prot\u00e9g\u00e9 par une armada de d\u00e9crets pr\u00e9sidentiels, l&rsquo;application de la loi martiale et une Cour Supr\u00eame qui ob\u00e9it aux ordres du tyran. Mais Cross sait qu&rsquo;il ne peut plus compter sur le soutien populaire. Aussi, celui-ci d\u00e9cide de forger une alliance&#8230; avec une horde de vampires venus de la lointaine Europe. <\/p>\n<p style=\"text-align: justify;\">Leur influence s&rsquo;\u00e9tend, la qu\u00eate, et leurs forces (la &lsquo;White Cell&rsquo;) veut appliquer la puret\u00e9 du sang en accord avec la politique de l&rsquo;administration actuelle. Au point de transformer le paysage politique en un v\u00e9ritable champ de bataille, avec les suiveurs, les d\u00e9magogues malhabiles d&rsquo;un c\u00f4t\u00e9, et les factions dissidentes color\u00e9es et \u00e9tranges de l&rsquo;autre. C&rsquo;est dans ce contexte que l&rsquo;h\u00e9ro\u00efne Heather Brooks, une ancienne de l&rsquo;arm\u00e9e des Etats-Unis, va s&rsquo;engager dans une lutte acharn\u00e9e son fils nouveau-n\u00e9, tomb\u00e9 aux mains du gouvernement. Le personnage sera accompagn\u00e9 par\u00a0Son Cassidy, un ancien quarterback professionnel. Ensemble, l&rsquo;une et l&rsquo;autre esp\u00e8rent forment une r\u00e9sistance utopique pour faire tomber le pouvoir en place. Une guerre ravage le pays et  l&rsquo;\u00e2me de la nation toute enti\u00e8re est en jeu.\u00a0\u00bb<\/p>\n<p style=\"text-align: justify;\">Hey, <strong>Cassidy<\/strong>. Un hommage aux comics <strong>Preacher<\/strong> de <strong>Garth Ennis<\/strong> ? Peut-\u00eatre. Le premier num\u00e9ro de\u00a0<strong>Bloodland\u00a0<\/strong>est attendu pour le 14 janvier 2026 avec des couvertures variantes sign\u00e9es\u00a0<strong>Christopher Mitten<\/strong> et\u00a0<strong>Andrea Sorrentino<\/strong>.<\/p>\n<p style=\"text-align: justify;\"><a href=\"https:\/\/bleedingcool.com\/comics\/bloodland-1-launches-in-ignition-press-january-2025-solicits\/\" rel=\"nofollow noopener\" target=\"_blank\">Source<\/a><\/p>\n","protected":false},"excerpt":{"rendered":"Dans un pr\u00e9sent politique devenu propice aux satires de toutes sortes, le sc\u00e9nariste\u00a0B. Clay Moore assume de poser&hellip;\n","protected":false},"author":2,"featured_media":505111,"comment_status":"","ping_status":"","sticky":false,"template":"","format":"standard","meta":{"footnotes":""},"categories":[1589],"tags":[11,73,1866,12,1864,1865,1863,308],"class_list":{"0":"post-505110","1":"post","2":"type-post","3":"status-publish","4":"format-standard","5":"has-post-thumbnail","7":"category-etats-unis","8":"tag-actualites","9":"tag-etats-unis","10":"tag-etats-unis-damerique","11":"tag-news","12":"tag-united-states","13":"tag-united-states-of-america","14":"tag-us","15":"tag-usa"},"share_on_mastodon":{"url":"https:\/\/pubeurope.com\/@fr\/115475853636045289","error":""},"_links":{"self":[{"href":"https:\/\/www.europesays.com\/fr\/wp-json\/wp\/v2\/posts\/505110","targetHints":{"allow":["GET"]}}],"collection":[{"href":"https:\/\/www.europesays.com\/fr\/wp-json\/wp\/v2\/posts"}],"about":[{"href":"https:\/\/www.europesays.com\/fr\/wp-json\/wp\/v2\/types\/post"}],"author":[{"embeddable":true,"href":"https:\/\/www.europesays.com\/fr\/wp-json\/wp\/v2\/users\/2"}],"replies":[{"embeddable":true,"href":"https:\/\/www.europesays.com\/fr\/wp-json\/wp\/v2\/comments?post=505110"}],"version-history":[{"count":0,"href":"https:\/\/www.europesays.com\/fr\/wp-json\/wp\/v2\/posts\/505110\/revisions"}],"wp:featuredmedia":[{"embeddable":true,"href":"https:\/\/www.europesays.com\/fr\/wp-json\/wp\/v2\/media\/505111"}],"wp:attachment":[{"href":"https:\/\/www.europesays.com\/fr\/wp-json\/wp\/v2\/media?parent=505110"}],"wp:term":[{"taxonomy":"category","embeddable":true,"href":"https:\/\/www.europesays.com\/fr\/wp-json\/wp\/v2\/categories?post=505110"},{"taxonomy":"post_tag","embeddable":true,"href":"https:\/\/www.europesays.com\/fr\/wp-json\/wp\/v2\/tags?post=505110"}],"curies":[{"name":"wp","href":"https:\/\/api.w.org\/{rel}","templated":true}]}}