{"id":505112,"date":"2025-11-01T18:27:19","date_gmt":"2025-11-01T18:27:19","guid":{"rendered":"https:\/\/www.europesays.com\/fr\/505112\/"},"modified":"2025-11-01T18:27:19","modified_gmt":"2025-11-01T18:27:19","slug":"le-royaume-uni-annonce-66-millions-de-dollars-daide-supplementaire-pour-le-soudan","status":"publish","type":"post","link":"https:\/\/www.europesays.com\/fr\/505112\/","title":{"rendered":"Le Royaume-Uni annonce 6,6 millions de dollars d\u2019aide suppl\u00e9mentaire pour le Soudan"},"content":{"rendered":"<p style=\"text-align:justify;\">AA \/ Londres \/ Aysu Bicer<\/p>\n<p style=\"text-align:justify;\">\u200b\u200b\u200b\u200b\u200b\u200b\u200b<\/p>\n<p style=\"text-align:justify;\">Le Royaume-Uni a annonc\u00e9 l\u2019octroi d\u2019une aide humanitaire suppl\u00e9mentaire de 5 millions de livres sterling (soit environ 6,6 millions de dollars) en faveur du Soudan, alors que la ministre britannique des Affaires \u00e9trang\u00e8res, Yvette Cooper, a averti que les efforts internationaux \u00ab \u00e9chouent actuellement \u00e0 faire face \u00e0 la crise humanitaire et au conflit d\u00e9vastateur \u00bb qui ravagent le pays.<\/p>\n<p style=\"text-align:justify;\">S\u2019exprimant lors du Manama Dialogue au Bahre\u00efn, Cooper a d\u00e9clar\u00e9 :<\/p>\n<p style=\"text-align:justify;\">\u00ab Au Soudan aujourd\u2019hui, c\u2019est le d\u00e9sespoir total\u2026 Trop longtemps, ce terrible conflit a \u00e9t\u00e9 n\u00e9glig\u00e9, tandis que la souffrance ne cessait de s\u2019aggraver. \u00bb<\/p>\n<p style=\"text-align:justify;\">Elle a d\u00e9nonc\u00e9 les \u00ab sc\u00e8nes v\u00e9ritablement horribles et totalement intol\u00e9rables \u00bb observ\u00e9es \u00e0 El-Fasher, o\u00f9 environ 260 000 personnes, dont la moiti\u00e9 sont des enfants, vivent dans des conditions proches de la famine, encercl\u00e9es par la violence et priv\u00e9es d\u2019aide humanitaire.<\/p>\n<p style=\"text-align:justify;\">Selon le minist\u00e8re britannique des Affaires \u00e9trang\u00e8res, ce nouveau financement permettra de fournir de la nourriture d\u2019urgence, des soins m\u00e9dicaux et une aide aux victimes de violences sexuelles, dont 2 millions de livres sp\u00e9cifiquement allou\u00e9s \u00e0 l\u2019accompagnement des victimes de viols et d\u2019abus.<\/p>\n<p style=\"text-align:justify;\">\u00ab Les rapports r\u00e9cents en provenance du Darfour sont v\u00e9ritablement effroyables \u00bb, a ajout\u00e9 Cooper, d\u00e9non\u00e7ant des \u00ab atrocit\u00e9s, ex\u00e9cutions massives, famines et usage du viol comme arme de guerre \u00bb, soulignant que les femmes et les enfants paient le prix le plus lourd de cette crise humanitaire, \u00ab la plus grave du XXI\u1d49 si\u00e8cle \u00bb.<\/p>\n<p style=\"text-align:justify;\">Depuis le 15 avril 2023, les affrontements entre l\u2019arm\u00e9e soudanaise et les Forces de soutien rapide (FSR) ont fait environ 20 000 morts et plus de 15 millions de d\u00e9plac\u00e9s, selon des donn\u00e9es de l\u2019ONU et de sources locales. Les multiples tentatives de m\u00e9diation r\u00e9gionale et internationale n\u2019ont jusqu\u2019\u00e0 pr\u00e9sent pas permis de mettre fin aux combats.<\/p>\n<p style=\"text-align:justify;\">&#8211; \u00ab La situation \u00e0 Gaza reste extr\u00eamement fragile \u00bb<\/p>\n<p style=\"text-align:justify;\">La ministre britannique a \u00e9galement averti que la situation \u00e0 Gaza demeurait \u00ab extr\u00eamement fragile \u00bb, appelant toutes les parties \u00e0 respecter leurs engagements et \u00e0 \u0153uvrer en faveur d\u2019une paix durable, plut\u00f4t qu\u2019un simple cessez-le-feu temporaire.<\/p>\n<p style=\"text-align:justify;\">\u00ab L\u2019aide humanitaire ne peut \u00eatre conditionnelle. Nous ne pouvons laisser des enfants affam\u00e9s ni des familles priv\u00e9es de soins m\u00e9dicaux \u00bb, a-t-elle d\u00e9clar\u00e9.<\/p>\n<p style=\"text-align:justify;\">Elle a ajout\u00e9 que tous les acteurs devaient tenir leurs promesses afin de maintenir \u00ab l\u2019\u00e9lan et les progr\u00e8s n\u00e9cessaires \u00e0 une paix durable \u00bb, soulignant que \u00ab Gaza ne doit pas rester coinc\u00e9e entre guerre et paix \u00bb.<\/p>\n<p style=\"text-align:justify;\">Cooper a par ailleurs soutenu les initiatives visant \u00e0 r\u00e9former la gouvernance palestinienne, estimant qu\u2019il fallait \u00ab progresser vers une Gaza lib\u00e9r\u00e9e du Hamas et administr\u00e9e par une Autorit\u00e9 palestinienne r\u00e9form\u00e9e \u00bb.<\/p>\n<p style=\"text-align:justify;\">Elle a pr\u00e9cis\u00e9 que de nouvelles dispositions s\u00e9curitaires seraient n\u00e9cessaires, notamment via une force de stabilisation et la police palestinienne, et que le Royaume-Uni partagerait son expertise en coordination civilo-militaire, d\u00e9sarmement et reconstruction.<\/p>\n<p style=\"text-align:justify;\">\u00ab Ces efforts devront sans doute \u00eatre soutenus par l\u2019ONU, et probablement encadr\u00e9s par une s\u00e9rie de r\u00e9solutions \u00bb, a-t-elle ajout\u00e9, appelant la communaut\u00e9 internationale \u00e0 ne pas rel\u00e2cher ses efforts malgr\u00e9 les difficult\u00e9s \u00e0 venir.<\/p>\n<p style=\"text-align:justify;\">\u00ab Nous avons d\u00e9j\u00e0 parcouru un long chemin, et il serait dangereux de compromettre ces progr\u00e8s. Aujourd\u2019hui plus que jamais, la coop\u00e9ration internationale est essentielle. \u00c0 Gaza, il existe une lueur d\u2019espoir, certes fragile, mais r\u00e9elle \u00bb, a conclu la ministre.<\/p>\n<p style=\"text-align:justify;\">Selon des chiffres r\u00e9cents, plus de 68 000 Palestiniens ont \u00e9t\u00e9 tu\u00e9s \u00e0 Gaza depuis octobre 2023 lors des attaques isra\u00e9liennes.<\/p>\n<p style=\"text-align:justify;\">Un cessez-le-feu entre Isra\u00ebl et le Hamas a \u00e9t\u00e9 conclu le 10 octobre dans le cadre d\u2019un plan de paix en 20 points propos\u00e9 par le pr\u00e9sident am\u00e9ricain Donald Trump, bien que Tel-Aviv ait viol\u00e9 la tr\u00eave \u00e0 plusieurs reprises.<\/p>\n<p style=\"text-align:justify;\">* Traduit de l&rsquo;anglais par Adama Bamba<\/p>\n<p>                            &#13;<br \/>\n                                <a href=\"https:\/\/www.aa.com.tr\/fr\/p\/abonnement\/1001\" target=\"_blank\" style=\"font-size:12px; color:#444; text-decoration:none;\" rel=\"noopener\">&#13;<br \/>\n                                    Seulement une partie des d\u00e9p\u00eaches, que l&rsquo;Agence Anadolu diffuse \u00e0 ses abonn\u00e9s via le Syst\u00e8me de Diffusion interne (HAS), est diffus\u00e9e sur le site de l&rsquo;AA, de mani\u00e8re r\u00e9sum\u00e9e. <b style=\"color:#1897F7\">Contactez-nous s&rsquo;il vous pla\u00eet pour vous abonner.<\/b>&#13;<br \/>\n                                <\/a>&#13;<\/p>\n","protected":false},"excerpt":{"rendered":"AA \/ Londres \/ Aysu Bicer \u200b\u200b\u200b\u200b\u200b\u200b\u200b Le Royaume-Uni a annonc\u00e9 l\u2019octroi d\u2019une aide humanitaire suppl\u00e9mentaire de 5&hellip;\n","protected":false},"author":2,"featured_media":505113,"comment_status":"","ping_status":"","sticky":false,"template":"","format":"standard","meta":{"footnotes":""},"categories":[1588],"tags":[11,62669,1785,1777,674,12,473,1853,4535,1851,1850,1852],"class_list":{"0":"post-505112","1":"post","2":"type-post","3":"status-publish","4":"format-standard","5":"has-post-thumbnail","7":"category-royaume-uni","8":"tag-actualites","9":"tag-aide-supplmentaire","10":"tag-anadolu-ajansi","11":"tag-eu","12":"tag-europe","13":"tag-news","14":"tag-royaume-uni","15":"tag-royaume-uni-de-grande-bretagne-et-dirlande-du-nord","16":"tag-soudan","17":"tag-uk","18":"tag-united-kingdom","19":"tag-united-kingdom-of-great-britain-and-northern-ireland"},"share_on_mastodon":{"url":"https:\/\/pubeurope.com\/@fr\/115475857012873968","error":""},"_links":{"self":[{"href":"https:\/\/www.europesays.com\/fr\/wp-json\/wp\/v2\/posts\/505112","targetHints":{"allow":["GET"]}}],"collection":[{"href":"https:\/\/www.europesays.com\/fr\/wp-json\/wp\/v2\/posts"}],"about":[{"href":"https:\/\/www.europesays.com\/fr\/wp-json\/wp\/v2\/types\/post"}],"author":[{"embeddable":true,"href":"https:\/\/www.europesays.com\/fr\/wp-json\/wp\/v2\/users\/2"}],"replies":[{"embeddable":true,"href":"https:\/\/www.europesays.com\/fr\/wp-json\/wp\/v2\/comments?post=505112"}],"version-history":[{"count":0,"href":"https:\/\/www.europesays.com\/fr\/wp-json\/wp\/v2\/posts\/505112\/revisions"}],"wp:featuredmedia":[{"embeddable":true,"href":"https:\/\/www.europesays.com\/fr\/wp-json\/wp\/v2\/media\/505113"}],"wp:attachment":[{"href":"https:\/\/www.europesays.com\/fr\/wp-json\/wp\/v2\/media?parent=505112"}],"wp:term":[{"taxonomy":"category","embeddable":true,"href":"https:\/\/www.europesays.com\/fr\/wp-json\/wp\/v2\/categories?post=505112"},{"taxonomy":"post_tag","embeddable":true,"href":"https:\/\/www.europesays.com\/fr\/wp-json\/wp\/v2\/tags?post=505112"}],"curies":[{"name":"wp","href":"https:\/\/api.w.org\/{rel}","templated":true}]}}