{"id":505114,"date":"2025-11-01T18:28:22","date_gmt":"2025-11-01T18:28:22","guid":{"rendered":"https:\/\/www.europesays.com\/fr\/505114\/"},"modified":"2025-11-01T18:28:22","modified_gmt":"2025-11-01T18:28:22","slug":"lallemagne-a-coordonne-son-temoignage-devant-la-cij-sur-les-exportations-darmes-vers-israel","status":"publish","type":"post","link":"https:\/\/www.europesays.com\/fr\/505114\/","title":{"rendered":"LAllemagne a coordonn\u00e9 son t\u00e9moignage devant la CIJ sur les exportations darmes vers Isra\u00ebl"},"content":{"rendered":"<p>Des documents internes obtenus par Drop Site et Stern montrent que le gouvernement allemand a coordonn\u00e9 son t\u00e9moignage avec Isra\u00ebl avant son audition devant la CIJ \u00e0 La Haye en avril 2024. Ces documents jettent le doute sur l&rsquo;exhaustivit\u00e9 de ce r\u00e9cit.<\/p>\n<p>Selon Press TV, l&rsquo;Allemagne a comparu devant la plus haute juridiction de l&rsquo;ONU apr\u00e8s que le Nicaragua a port\u00e9 plainte contre Berlin pour complicit\u00e9 dans le g\u00e9nocide de Gaza, en raison de ses livraisons d&rsquo;armes et d&rsquo;autres \u00e9quipements militaires \u00e0 Isra\u00ebl.<\/p>\n<p>Lors de l&rsquo;audience du 8 avril 2024, le repr\u00e9sentant du Nicaragua a critiqu\u00e9 la livraison, annonc\u00e9e, de 10\u00a0000 cartouches de munitions de pr\u00e9cision de 120 mm pour chars, provenant des stocks de la Bundeswehr (forces arm\u00e9es allemandes), suite \u00e0 une demande d&rsquo;Isra\u00ebl.<\/p>\n<p>Le lendemain, \u00e0 La Haye, la repr\u00e9sentante de l&rsquo;Allemagne, Tania Freiin von Uslar-Gleichen, a confirm\u00e9 qu&rsquo;Isra\u00ebl avait bien formul\u00e9 cette demande, mais a pr\u00e9cis\u00e9 qu&rsquo;elle \u00e9tait \u00ab\u00a0en cours d&rsquo;examen\u00a0\u00bb et qu&rsquo;aucune autorisation n&rsquo;avait \u00e9t\u00e9 d\u00e9livr\u00e9e.<\/p>\n<p>Elle a alors d\u00e9clar\u00e9 que la Bundeswehr n&rsquo;avait fourni ni armes ni munitions \u00e0 Isra\u00ebl depuis 2023, affirmant que \u00ab\u00a0les seuls articles fournis par la Bundeswehr \u00e0 Isra\u00ebl sont des fournitures m\u00e9dicales et des casques\u00a0\u00bb.<\/p>\n<p>Un document du minist\u00e8re allemand de la D\u00e9fense, dat\u00e9 du 29 janvier 2025, indique que le gouvernement a d\u00e9cid\u00e9, \u00ab\u00a0en accord avec l&rsquo;entit\u00e9 concern\u00e9e\u00a0\u00bb, de \u00ab\u00a0divulguer des informations compl\u00e9mentaires \u00e0 celles figurant dans le rapport sur les exportations d&rsquo;armements\u00a0\u00bb lors de l&rsquo;audience.<\/p>\n<p>Une autre lettre, dat\u00e9e du 15 janvier 2025, pr\u00e9cise que \u00ab les informations diff\u00e9renci\u00e9es sur les exportations de la Bundeswehr \u00bb, demand\u00e9es dans le cadre de la proc\u00e9dure, \u00ab n&rsquo;ont pas \u00e9t\u00e9 divulgu\u00e9es lors de la proc\u00e9dure devant la CIJ \u00bb.<\/p>\n<p>Une d\u00e9cision du tribunal administratif de Cologne, en date du 26 mai 2025, le confirme, indiquant que le t\u00e9moignage de l&rsquo;Allemagne, selon lequel seules des \u00ab fournitures m\u00e9dicales et des casques \u00bb avaient \u00e9t\u00e9 fournis, a \u00e9t\u00e9 fait, d&rsquo;apr\u00e8s \u00ab le d\u00e9fendeur [le minist\u00e8re allemand de la D\u00e9fense], en accord avec Isra\u00ebl \u00bb.<\/p>\n<p>L&rsquo;Allemagne, l&rsquo;un des plus fid\u00e8les alli\u00e9s d&rsquo;Isra\u00ebl et son deuxi\u00e8me exportateur d&rsquo;armes apr\u00e8s les \u00c9tats-Unis, a d\u00e9livr\u00e9 des licences d&rsquo;exportation de mat\u00e9riel militaire d&rsquo;une valeur de pr\u00e8s de 500 millions d&rsquo;euros durant l&rsquo;agression isra\u00e9lienne contre Gaza, selon ses propres chiffres.<\/p>\n<p>Toutefois, les livraisons directes \u00e0 la Bundeswehr sont rest\u00e9es confidentielles en raison des r\u00e9percussions potentielles sur les int\u00e9r\u00eats nationaux et les relations internationales.<\/p>\n<p>Alors que la proc\u00e9dure contre l&rsquo;Allemagne devant la CIJ se poursuit, le t\u00e9moignage coordonn\u00e9 de l&rsquo;Allemagne en avril 2024 a emp\u00each\u00e9 la Cour de prendre des mesures d&rsquo;urgence.<\/p>\n<p>La Cour internationale de Justice (CIJ) a rejet\u00e9, dans une d\u00e9cision pr\u00e9liminaire, la demande du Nicaragua visant \u00e0 suspendre les ventes d&rsquo;armes.<\/p>\n<p>Le Centre europ\u00e9en pour les droits constitutionnels et humains (ECCHR) a exprim\u00e9 sa vive inqui\u00e9tude face aux agissements de l&rsquo;Allemagne. \u00ab Lorsque le gouvernement allemand d\u00e9clare que les informations relatives aux livraisons des forces arm\u00e9es allemandes n&rsquo;ont \u00e9t\u00e9 communiqu\u00e9es \u00e0 la CIJ qu&rsquo;en accord avec Isra\u00ebl \u00bb, a d\u00e9clar\u00e9 l&rsquo;ECCHR dans un communiqu\u00e9,<\/p>\n<p>\u00ab Il semble possible que les marchandises susmentionn\u00e9es n&rsquo;aient pas \u00e9t\u00e9 les seules livr\u00e9es, mais seulement les seules divulgu\u00e9es \u00bb, a-t-il ajout\u00e9.<\/p>\n<p>Commentant ces d\u00e9veloppements, Matthias Goldmann, professeur de droit international, a d\u00e9clar\u00e9 que le fait que l&rsquo;Allemagne ne fournisse pas d&rsquo;explications compl\u00e8tes \u00e0 la CIJ constituerait un \u00ab scandale politique \u00bb et \u00ab un affront \u00e0 une juridiction internationale \u00bb.<\/p>\n<p>Si l&rsquo;Allemagne avait fait des d\u00e9clarations incompl\u00e8tes ou mensong\u00e8res devant la CIJ, cela \u00ab r\u00e9v\u00e9lerait clairement son double discours et remettrait en question sa cr\u00e9dibilit\u00e9 et son attachement \u00e0 l&rsquo;ordre international fond\u00e9 sur des r\u00e8gles \u00bb.<\/p>\n<p>Entre le 7 octobre 2023 et le 13 mai 2025, le gouvernement allemand a accord\u00e9 \u00e0 Isra\u00ebl des licences d&rsquo;exportation de mat\u00e9riel militaire d&rsquo;une valeur de 485,1 millions d&rsquo;euros.<\/p>\n<p>Ces exportations comprennent des pi\u00e8ces d\u00e9tach\u00e9es pour v\u00e9hicules blind\u00e9s, chars de combat et obusiers automoteurs, ainsi que des munitions pour fusils, canons et obusiers, et bien d&rsquo;autres \u00e9quipements.<\/p>\n<p>Plus de 68\u00a0800 Palestiniens ont \u00e9t\u00e9 tu\u00e9s lors d&rsquo;attaques isra\u00e9liennes contre Gaza depuis le 7 octobre 2023, selon le minist\u00e8re de la Sant\u00e9 de Gaza, et de nouveaux corps sont retrouv\u00e9s chaque jour.<\/p>\n","protected":false},"excerpt":{"rendered":"Des documents internes obtenus par Drop Site et Stern montrent que le gouvernement allemand a coordonn\u00e9 son t\u00e9moignage&hellip;\n","protected":false},"author":2,"featured_media":505115,"comment_status":"","ping_status":"","sticky":false,"template":"","format":"standard","meta":{"footnotes":""},"categories":[1587],"tags":[930,13041,43370,11,672,3683,57403,6376,3396,1898,1804,33781,11760,43116,26107,62670,8663,11895,1446,1805,154,1803,13413,44862,3026,932,62675,1777,674,21821,62673,665,9267,1801,1146,62674,26529,664,303,1577,4743,151,12,746,1802,3711,62672,3356,62671,240,9066,13703],"class_list":{"0":"post-505114","1":"post","2":"type-post","3":"status-publish","4":"format-standard","5":"has-post-thumbnail","7":"category-allemagne","8":"tag-le","9":"tag-a","10":"tag-accusee","11":"tag-actualites","12":"tag-allemagne","13":"tag-alors","14":"tag-apt","15":"tag-armes","16":"tag-avec","17":"tag-berlin","18":"tag-bundesrepublik-deutschland","19":"tag-cadre","20":"tag-cij","21":"tag-complicite","22":"tag-coordination","23":"tag-coordonne","24":"tag-cour","25":"tag-d","26":"tag-dans","27":"tag-de","28":"tag-des","29":"tag-deutschland","30":"tag-devant","31":"tag-documents","32":"tag-en","33":"tag-est","34":"tag-etroite","35":"tag-eu","36":"tag-europe","37":"tag-exportations","38":"tag-fourni","39":"tag-gaza","40":"tag-genocide","41":"tag-germany","42":"tag-guerre","43":"tag-incomplet","44":"tag-internationale","45":"tag-israel","46":"tag-justice","47":"tag-l","48":"tag-la","49":"tag-les","50":"tag-news","51":"tag-que","52":"tag-republique-federale-dallemagne","53":"tag-son","54":"tag-suggerent","55":"tag-sur","56":"tag-taghrib","57":"tag-temoignage","58":"tag-un","59":"tag-vers"},"share_on_mastodon":{"url":"","error":"Validation failed: Text character limit of 500 exceeded"},"_links":{"self":[{"href":"https:\/\/www.europesays.com\/fr\/wp-json\/wp\/v2\/posts\/505114","targetHints":{"allow":["GET"]}}],"collection":[{"href":"https:\/\/www.europesays.com\/fr\/wp-json\/wp\/v2\/posts"}],"about":[{"href":"https:\/\/www.europesays.com\/fr\/wp-json\/wp\/v2\/types\/post"}],"author":[{"embeddable":true,"href":"https:\/\/www.europesays.com\/fr\/wp-json\/wp\/v2\/users\/2"}],"replies":[{"embeddable":true,"href":"https:\/\/www.europesays.com\/fr\/wp-json\/wp\/v2\/comments?post=505114"}],"version-history":[{"count":0,"href":"https:\/\/www.europesays.com\/fr\/wp-json\/wp\/v2\/posts\/505114\/revisions"}],"wp:featuredmedia":[{"embeddable":true,"href":"https:\/\/www.europesays.com\/fr\/wp-json\/wp\/v2\/media\/505115"}],"wp:attachment":[{"href":"https:\/\/www.europesays.com\/fr\/wp-json\/wp\/v2\/media?parent=505114"}],"wp:term":[{"taxonomy":"category","embeddable":true,"href":"https:\/\/www.europesays.com\/fr\/wp-json\/wp\/v2\/categories?post=505114"},{"taxonomy":"post_tag","embeddable":true,"href":"https:\/\/www.europesays.com\/fr\/wp-json\/wp\/v2\/tags?post=505114"}],"curies":[{"name":"wp","href":"https:\/\/api.w.org\/{rel}","templated":true}]}}