{"id":505116,"date":"2025-11-01T18:29:13","date_gmt":"2025-11-01T18:29:13","guid":{"rendered":"https:\/\/www.europesays.com\/fr\/505116\/"},"modified":"2025-11-01T18:29:13","modified_gmt":"2025-11-01T18:29:13","slug":"paray-le-monial-1-300-guides-deurope-reunies-pour-le-plus-important-rassemblement-de-lannee","status":"publish","type":"post","link":"https:\/\/www.europesays.com\/fr\/505116\/","title":{"rendered":"Paray-le-Monial. 1\u00a0300 Guides d\u2019Europe r\u00e9unies pour le plus important rassemblement de l\u2019ann\u00e9e"},"content":{"rendered":"<p>\u00ab\u00a0C\u2019est le plus important rassemblement de Guides d\u2019Europe, ce week-end \u00e0 Paray. En quatre ans, nous enregistrons une croissance de 25\u00a0%. Le mouvement scout, pour ses valeurs, attire de plus en plus de jeunes en recherche d\u2019amiti\u00e9 vraie. Ils ont besoin d\u2019un socle et de rep\u00e8res\u00a0\u00bb, pr\u00e9cise Nicolas Maillard, directeur des op\u00e9rations de l\u2019association Guides et Scouts d\u2019Europe.<\/p>\n<p>Apr\u00e8s avoir bivouaqu\u00e9 jeudi dans les communes proches, <a href=\"https:\/\/www.lejsl.com\/societe\/2024\/11\/03\/1-200-guides-d-europe-ont-plante-leurs-tentes-en-ville\" target=\"_blank\" rel=\"noopener\">les Guides ont plant\u00e9 leur tente au Vernay<\/a> vendredi soir. Les 1\u00a0300 participantes, dont 150 venues de douze pays diff\u00e9rents, se sont retrouv\u00e9es pour une veill\u00e9e festive. Samedi, elles ont rejoint le parc des Chapelains \u00e0 Paray, \u00e0 pied, en chantant, le sac \u00e0 dos&#8230;<\/p>\n","protected":false},"excerpt":{"rendered":"\u00ab\u00a0C\u2019est le plus important rassemblement de Guides d\u2019Europe, ce week-end \u00e0 Paray. En quatre ans, nous enregistrons une&hellip;\n","protected":false},"author":2,"featured_media":505117,"comment_status":"","ping_status":"","sticky":false,"template":"","format":"standard","meta":{"footnotes":""},"categories":[1586],"tags":[11,6211,1687,3895,1777,674,107,1011,27,12,12015,12016,2661,5889,5486,25,273,104,1631],"class_list":{"0":"post-505116","1":"post","2":"type-post","3":"status-publish","4":"format-standard","5":"has-post-thumbnail","7":"category-europe","8":"tag-actualites","9":"tag-conference","10":"tag-culture-loisirs","11":"tag-edition-charolais-brionnais","12":"tag-eu","13":"tag-europe","14":"tag-fil-info","15":"tag-fr","16":"tag-france","17":"tag-news","18":"tag-paray-le-monial","19":"tag-paray-le-monial-bassin","20":"tag-patrimoine-culturel","21":"tag-religion-croyance","22":"tag-rencontre","23":"tag-republique-francaise","24":"tag-selection-de-la-redaction","25":"tag-societe","26":"tag-vie-associative"},"share_on_mastodon":{"url":"https:\/\/pubeurope.com\/@fr\/115475865047645711","error":""},"_links":{"self":[{"href":"https:\/\/www.europesays.com\/fr\/wp-json\/wp\/v2\/posts\/505116","targetHints":{"allow":["GET"]}}],"collection":[{"href":"https:\/\/www.europesays.com\/fr\/wp-json\/wp\/v2\/posts"}],"about":[{"href":"https:\/\/www.europesays.com\/fr\/wp-json\/wp\/v2\/types\/post"}],"author":[{"embeddable":true,"href":"https:\/\/www.europesays.com\/fr\/wp-json\/wp\/v2\/users\/2"}],"replies":[{"embeddable":true,"href":"https:\/\/www.europesays.com\/fr\/wp-json\/wp\/v2\/comments?post=505116"}],"version-history":[{"count":0,"href":"https:\/\/www.europesays.com\/fr\/wp-json\/wp\/v2\/posts\/505116\/revisions"}],"wp:featuredmedia":[{"embeddable":true,"href":"https:\/\/www.europesays.com\/fr\/wp-json\/wp\/v2\/media\/505117"}],"wp:attachment":[{"href":"https:\/\/www.europesays.com\/fr\/wp-json\/wp\/v2\/media?parent=505116"}],"wp:term":[{"taxonomy":"category","embeddable":true,"href":"https:\/\/www.europesays.com\/fr\/wp-json\/wp\/v2\/categories?post=505116"},{"taxonomy":"post_tag","embeddable":true,"href":"https:\/\/www.europesays.com\/fr\/wp-json\/wp\/v2\/tags?post=505116"}],"curies":[{"name":"wp","href":"https:\/\/api.w.org\/{rel}","templated":true}]}}