{"id":505118,"date":"2025-11-01T18:30:15","date_gmt":"2025-11-01T18:30:15","guid":{"rendered":"https:\/\/www.europesays.com\/fr\/505118\/"},"modified":"2025-11-01T18:30:15","modified_gmt":"2025-11-01T18:30:15","slug":"accord-commercial-renforce-ue-ukraine-les-agriculteurs-francais-sacrifies","status":"publish","type":"post","link":"https:\/\/www.europesays.com\/fr\/505118\/","title":{"rendered":"Accord commercial renforc\u00e9 UE-Ukraine : Les agriculteurs fran\u00e7ais sacrifi\u00e9s"},"content":{"rendered":"<p><strong>Bruxelles et Kiev ouvrent une nouvelle \u00e8re de libre-\u00e9change, anticipant une hausse progressive des \u00e9changes bilat\u00e9raux d\u00e8s 2026, notamment dans les secteurs de l\u2019agroalimentaire, de l\u2019\u00e9nergie renouvelable et des biens industriels interm\u00e9diaires.<\/strong><\/p>\n<p><img loading=\"lazy\" decoding=\"async\" class=\"size-full wp-image-73443\" src=\"https:\/\/www.europesays.com\/fr\/wp-content\/uploads\/2025\/11\/bruxelles-agriculture-capture-euronews.jpg\" alt=\"Bruxelles : les tracteurs de la col\u00e8re contre l'Europe (capture eunews)\" width=\"1200\" height=\"799\"  \/>Bruxelles : les tracteurs de la col\u00e8re contre l\u2019Europe (capture euronews)<\/p>\n<p>L\u2019Union europ\u00e9enne et l\u2019Ukraine viennent de franchir une nouvelle \u00e9tape dans leur partenariat \u00e9conomique. Depuis le 29 octobre 2025, l\u2019entr\u00e9e en vigueur du nouvel accord commercial UE-Ukraine, version renforc\u00e9e de la zone de libre-\u00e9change approfondi et complet (DCFTA+), instaure un cadre permanent.<\/p>\n<p>Cet accord marque la fin des mesures commerciales autonomes adopt\u00e9es \u00e0 titre exceptionnel apr\u00e8s l\u2019invasion russe et ouvre la voie \u00e0 une lib\u00e9ralisation des \u00e9changes. Objectif : stimuler le commerce bilat\u00e9ral qui favorise d\u2019abord l\u2019\u00e9conomie ukrainienne.<\/p>\n<p>Un cadre commercial<\/p>\n<p>Le nouvel accord repose sur trois piliers cl\u00e9s :<\/p>\n<ol>\n<li>\nDes flux commerciaux accrus\n<\/li>\n<\/ol>\n<p>Le texte introduit une lib\u00e9ralisation suppl\u00e9mentaire des \u00e9changes, tout en ajustant les quotas d\u2019importation pour les produits sensibles. <strong>Pour les fili\u00e8res europ\u00e9ennes du sucre, de la volaille, des \u0153ufs, des c\u00e9r\u00e9ales et du miel<\/strong>, les volumes d\u2019importation progressent \u00e9norm\u00e9ment. Plusieurs produits industriels et agricoles non sensibles b\u00e9n\u00e9ficient d\u00e9sormais d\u2019une ouverture totale du march\u00e9, offrant de nouvelles opportunit\u00e9s \u00e0 la fois pour les exportateurs ukrainiens et les importateurs europ\u00e9ens. Selon la Commission europ\u00e9enne, cette approche \u201ccombine soutien \u00e0 l\u2019\u00e9conomie ukrainienne et protection \u00e9quilibr\u00e9e des int\u00e9r\u00eats agricoles europ\u00e9ens\u201d. Dans les faits, les quotas explosent :<br \/><strong>\u2022 Sucre : \u00d75 (20k \u2192 100k tonnes)<\/strong><br \/><strong>\u2022 Poulet\/volaille : 90k \u2192 120k tonnes<\/strong><br \/><strong>\u2022 \u0152ufs : 6k \u2192 18k tonnes<\/strong><br \/><strong>\u2022 Bonus scandale : Miel 6k \u2192 35k tonnes !<\/strong><\/p>\n<p>2- Un alignement progressif sur les normes europ\u00e9ennes<\/p>\n<p>L\u2019acc\u00e8s \u00e9largi au march\u00e9 de l\u2019UE sera conditionn\u00e9 au rapprochement des standards ukrainiens en mati\u00e8re de qualit\u00e9, de s\u00e9curit\u00e9 alimentaire, de bien-\u00eatre animal et d\u2019environnement. <strong>Les entreprises ukrainiennes devront ainsi adapter progressivement leurs pratiques aux normes de production europ\u00e9ennes,<\/strong> un processus qui renforcera leur comp\u00e9titivit\u00e9 \u00e0 long terme et facilitera leur int\u00e9gration dans les cha\u00eenes de valeur industrielles de l\u2019UE. Mais on ne sait pas quand. En attendant, les \u0153ufs, la volaille, le bl\u00e9 et autres produits arrivent quotidiennement sur le march\u00e9 fran\u00e7ais p\u00e9nalisant nos agriculteurs.<\/p>\n<p>3- Une clause de sauvegarde<\/p>\n<p>Un m\u00e9canisme de protection rapide doit permettre, en th\u00e9orie, \u00e0 l\u2019UE ou \u00e0 l\u2019Ukraine de suspendre temporairement certaines pr\u00e9f\u00e9rences commerciales si des importations provoquent des d\u00e9s\u00e9quilibres graves sur le march\u00e9. Mais il ne s\u2019agit que d\u2019un v\u0153u pieux.<\/p>\n<p>Des b\u00e9n\u00e9fices \u00e0 long terme ?<\/p>\n<p><strong>Pour Bruxelles<\/strong>, ce nouvel accord est <strong>un investissement dans la stabilit\u00e9 \u00e9conomique r\u00e9gionale<\/strong>. Il vise \u00e0 consolider les relations commerciales dans un cadre durable, facteur cl\u00e9 pour attirer les investissements \u00e9trangers et assurer la s\u00e9curit\u00e9 \u00e9conomique de l\u2019Ukraine.<\/p>\n<p><strong>Du c\u00f4t\u00e9 ukrainien<\/strong>, la DCFTA+ permettra d\u2019accro\u00eetre la diversification des d\u00e9bouch\u00e9s et de s\u00e9curiser l\u2019acc\u00e8s au march\u00e9 europ\u00e9en, <strong>qui repr\u00e9sente d\u00e9j\u00e0 plus de 60 % de ses exportations<\/strong>.<br \/>Les deux parties se sont \u00e9galement engag\u00e9es \u00e0 faciliter la reprise des exportations vers les march\u00e9s tiers, notamment dans les pays du Sud et du Proche-Orient, afin de renforcer la s\u00e9curit\u00e9 alimentaire mondiale.<br \/><strong>Pour la France<\/strong> et les producteurs europ\u00e9ens, c\u2019est une catastrophe qui s\u2019annonce.<\/p>\n<p>Depuis 2022, les \u00e9changes entre l\u2019UE et l\u2019Ukraine \u00e9taient r\u00e9gis par des mesures commerciales autonomes (MCA) offrant une <strong>lib\u00e9ralisation unilat\u00e9rale des droits de douane<\/strong>. Ces mesures exceptionnelles avaient permis de soutenir l\u2019\u00e9conomie ukrainienne frapp\u00e9e par la guerre, mais leur caract\u00e8re temporaire limitait la visibilit\u00e9 des op\u00e9rateurs \u00e9conomiques, selon Bruxelles.<\/p>\n<p>Un signal fort envoy\u00e9 aux march\u00e9s et aux investisseurs<\/p>\n<p>L\u2019accord, adopt\u00e9 formellement par la Commission europ\u00e9enne et le gouvernement ukrainien mi-octobre apr\u00e8s validation par le Conseil, s\u2019inscrit dans une strat\u00e9gie plus large de rapprochement \u00e9conomique entre Kiev et Bruxelles.<br \/>\u00ab Ce nouvel accord transforme le soutien exceptionnel de l\u2019UE en un partenariat commercial durable. C\u2019est une \u00e9tape cl\u00e9 vers l\u2019int\u00e9gration \u00e9conomique de l\u2019Ukraine au march\u00e9 unique \u00bb, a soulign\u00e9 un haut responsable europ\u00e9en \u00e0 Bruxelles.<\/p>\n<p>Les chiffres cl\u00e9s du commerce UE-Ukraine<\/p>\n<p><strong>Commerce total UE-Ukraine<\/strong> \u2248 55 milliards \u20ac.<br \/>En hausse de +18 % depuis 2021 malgr\u00e9 la guerre<br \/><strong>Exportations ukrainiennes vers l\u2019UE<\/strong> 31,2 milliards \u20ac<br \/>Principalement produits agricoles, m\u00e9taux, produits chimiques<br \/><strong>Exportations de l\u2019UE vers l\u2019Ukraine<\/strong> 23,8 milliards \u20ac<br \/>Machines, \u00e9quipements, produits pharmaceutiques, v\u00e9hicules<br \/><strong>Part de l\u2019UE dans le commerce ext\u00e9rieur de l\u2019Ukraine<\/strong> \u2248 61 %<br \/>L\u2019UE reste de loin le premier partenaire commercial de Kiev<br \/><strong>Produits agricoles ukrainiens import\u00e9s dans l\u2019UE<\/strong> (2024) +25 % vs 2022<br \/>Forte hausse du ma\u00efs, bl\u00e9, huile de tournesol et volaille<br \/><strong>IDE europ\u00e9ens en Ukraine (stock 2024)<\/strong> \u2248 8,5 milliards \u20ac<br \/>En reprise progressive, concentr\u00e9s sur l\u2019\u00e9nergie et l\u2019agro-industrie<br \/><strong>Balance commerciale UE-Ukraine +7,4 milliards \u20ac en faveur de l\u2019Ukraine<\/strong><br \/>Refl\u00e8te la lib\u00e9ralisation des produits agricoles<br \/><strong>Pr\u00e9visions de croissance des \u00e9changes<\/strong> (2026\u20132028) +10 \u00e0 +12 %\/an<br \/>Port\u00e9es par l\u2019application de la DCFTA+ et la reconstruction du pays<\/p>\n<blockquote class=\"twitter-tweet\">\n<p dir=\"ltr\" lang=\"fr\">\ud83d\udd34\ud83c\uddfa\ud83c\udde6\ud83c\uddea\ud83c\uddfa ALERTE : Bruxelles ach\u00e8ve de saborder l\u2019agriculture fran\u00e7aise avec un nouvel accord commercial \u201crenforc\u00e9\u201d UE-Ukraine, entr\u00e9 en vigueur cette semaine<\/p>\n<p>Silence assourdissant des \u00e9lus fran\u00e7ais : aucun d\u00e9bat national, juste une d\u00e9cision impos\u00e9e par von der Leyen au nom du\u2026 <a href=\"https:\/\/t.co\/nYXpYIeKYt\">pic.twitter.com\/nYXpYIeKYt<\/a><\/p>\n<p>\u2014 Camille Moscow \ud83c\uddf7\ud83c\uddfa \ud83c\udf3f \u2626\ufe0f (@camille_moscow) <a href=\"https:\/\/twitter.com\/camille_moscow\/status\/1984212543859024152?ref_src=twsrc%5Etfw\" target=\"_blank\" rel=\"noopener\">October 31, 2025<\/a><\/p>\n<\/blockquote>\n<p>\t\t<script async src=\"https:\/\/platform.twitter.com\/widgets.js\" charset=\"utf-8\"><\/script><\/p>\n","protected":false},"excerpt":{"rendered":"Bruxelles et Kiev ouvrent une nouvelle \u00e8re de libre-\u00e9change, anticipant une hausse progressive des \u00e9changes bilat\u00e9raux d\u00e8s 2026,&hellip;\n","protected":false},"author":2,"featured_media":505119,"comment_status":"","ping_status":"","sticky":false,"template":"","format":"standard","meta":{"footnotes":""},"categories":[1586],"tags":[328,11,35431,2360,1777,674,1779,1011,27,12,25,1778,220,364],"class_list":{"0":"post-505118","1":"post","2":"type-post","3":"status-publish","4":"format-standard","5":"has-post-thumbnail","7":"category-europe","8":"tag-a-la-une","9":"tag-actualites","10":"tag-agriculture-et-alimentation","11":"tag-bruxelles","12":"tag-eu","13":"tag-europe","14":"tag-european-union","15":"tag-fr","16":"tag-france","17":"tag-news","18":"tag-republique-francaise","19":"tag-ue","20":"tag-ukraine","21":"tag-union-europeenne"},"share_on_mastodon":{"url":"https:\/\/pubeurope.com\/@fr\/115475869579940573","error":""},"_links":{"self":[{"href":"https:\/\/www.europesays.com\/fr\/wp-json\/wp\/v2\/posts\/505118","targetHints":{"allow":["GET"]}}],"collection":[{"href":"https:\/\/www.europesays.com\/fr\/wp-json\/wp\/v2\/posts"}],"about":[{"href":"https:\/\/www.europesays.com\/fr\/wp-json\/wp\/v2\/types\/post"}],"author":[{"embeddable":true,"href":"https:\/\/www.europesays.com\/fr\/wp-json\/wp\/v2\/users\/2"}],"replies":[{"embeddable":true,"href":"https:\/\/www.europesays.com\/fr\/wp-json\/wp\/v2\/comments?post=505118"}],"version-history":[{"count":0,"href":"https:\/\/www.europesays.com\/fr\/wp-json\/wp\/v2\/posts\/505118\/revisions"}],"wp:featuredmedia":[{"embeddable":true,"href":"https:\/\/www.europesays.com\/fr\/wp-json\/wp\/v2\/media\/505119"}],"wp:attachment":[{"href":"https:\/\/www.europesays.com\/fr\/wp-json\/wp\/v2\/media?parent=505118"}],"wp:term":[{"taxonomy":"category","embeddable":true,"href":"https:\/\/www.europesays.com\/fr\/wp-json\/wp\/v2\/categories?post=505118"},{"taxonomy":"post_tag","embeddable":true,"href":"https:\/\/www.europesays.com\/fr\/wp-json\/wp\/v2\/tags?post=505118"}],"curies":[{"name":"wp","href":"https:\/\/api.w.org\/{rel}","templated":true}]}}