{"id":50513,"date":"2025-04-25T00:55:20","date_gmt":"2025-04-25T00:55:20","guid":{"rendered":"https:\/\/www.europesays.com\/fr\/50513\/"},"modified":"2025-04-25T00:55:20","modified_gmt":"2025-04-25T00:55:20","slug":"a-rennes-des-emplois-presentes-aux-habitants-du-blosne-ce-vendredi","status":"publish","type":"post","link":"https:\/\/www.europesays.com\/fr\/50513\/","title":{"rendered":"\u00c0 Rennes, des emplois pr\u00e9sent\u00e9s aux habitants du Blosne, ce vendredi"},"content":{"rendered":"<p>En collaboration avec WeKer et le Conservatoire de Rennes, la Ville de Rennes, Rennes m\u00e9tropole et le centre communal d\u2019action sociale (CCAS) organisent, ce vendredi 25\u00a0avril 2025, de 10\u00a0h \u00e0 16\u00a0h, <a href=\"https:\/\/rennes.maville.com\/actu\/actudet_-a-rennes-le-safari-des-metiers-pour-recruter-dans-le-numerique-_7-6278094_actu.Htm\" target=\"_blank\" rel=\"noopener\">une journ\u00e9e d\u00e9di\u00e9e \u00e0 la d\u00e9couverte des m\u00e9tiers des deux collectivit\u00e9s pour les habitants du Blosne<\/a>, un quartier prioritaire de la politique de la ville. Cette initiative vise \u00e0 faciliter les \u00e9changes entre les riverains et les professionnels, tout en mettant en avant les dispositifs d\u2019acc\u00e8s \u00e0 l\u2019emploi, comme les jobs d\u2019\u00e9t\u00e9, l\u2019apprentissage et le service civique.<\/p>\n<p>Des animations sont pr\u00e9vues l\u2019apr\u00e8s-midi<\/p>\n<p>Plus de 150\u00a0m\u00e9tiers seront pr\u00e9sent\u00e9s sur le site local du conservatoire (place Jean-Normand), couvrant des domaines vari\u00e9s. Des animations sont \u00e9galement pr\u00e9vues, comme une animation de golf urbain en \u00e9quipe, de 12 h 30 \u00e0 15 h 30, dans le quartier du Blosne.<\/p>\n<p>\u00a0<\/p>\n","protected":false},"excerpt":{"rendered":"En collaboration avec WeKer et le Conservatoire de Rennes, la Ville de Rennes, Rennes m\u00e9tropole et le centre&hellip;\n","protected":false},"author":2,"featured_media":50514,"comment_status":"","ping_status":"","sticky":false,"template":"","format":"standard","meta":{"footnotes":""},"categories":[2821],"tags":[1111,11,8765,829,2303,1777,674,1011,27,4021,12,14321,584,25,6949],"class_list":{"0":"post-50513","1":"post","2":"type-post","3":"status-publish","4":"format-standard","5":"has-post-thumbnail","7":"category-rennes","8":"tag-actu","9":"tag-actualites","10":"tag-blosne","11":"tag-bretagne","12":"tag-emplois","13":"tag-eu","14":"tag-europe","15":"tag-fr","16":"tag-france","17":"tag-habitants","18":"tag-news","19":"tag-presentes","20":"tag-rennes","21":"tag-republique-francaise","22":"tag-vendredi"},"share_on_mastodon":{"url":"https:\/\/pubeurope.com\/@fr\/114395881549125689","error":""},"_links":{"self":[{"href":"https:\/\/www.europesays.com\/fr\/wp-json\/wp\/v2\/posts\/50513","targetHints":{"allow":["GET"]}}],"collection":[{"href":"https:\/\/www.europesays.com\/fr\/wp-json\/wp\/v2\/posts"}],"about":[{"href":"https:\/\/www.europesays.com\/fr\/wp-json\/wp\/v2\/types\/post"}],"author":[{"embeddable":true,"href":"https:\/\/www.europesays.com\/fr\/wp-json\/wp\/v2\/users\/2"}],"replies":[{"embeddable":true,"href":"https:\/\/www.europesays.com\/fr\/wp-json\/wp\/v2\/comments?post=50513"}],"version-history":[{"count":0,"href":"https:\/\/www.europesays.com\/fr\/wp-json\/wp\/v2\/posts\/50513\/revisions"}],"wp:featuredmedia":[{"embeddable":true,"href":"https:\/\/www.europesays.com\/fr\/wp-json\/wp\/v2\/media\/50514"}],"wp:attachment":[{"href":"https:\/\/www.europesays.com\/fr\/wp-json\/wp\/v2\/media?parent=50513"}],"wp:term":[{"taxonomy":"category","embeddable":true,"href":"https:\/\/www.europesays.com\/fr\/wp-json\/wp\/v2\/categories?post=50513"},{"taxonomy":"post_tag","embeddable":true,"href":"https:\/\/www.europesays.com\/fr\/wp-json\/wp\/v2\/tags?post=50513"}],"curies":[{"name":"wp","href":"https:\/\/api.w.org\/{rel}","templated":true}]}}