{"id":505132,"date":"2025-11-01T18:38:10","date_gmt":"2025-11-01T18:38:10","guid":{"rendered":"https:\/\/www.europesays.com\/fr\/505132\/"},"modified":"2025-11-01T18:38:10","modified_gmt":"2025-11-01T18:38:10","slug":"invite-de-derniere-minute-a-metz-daniil-medvedev-declare-finalement-forfait-lequipe","status":"publish","type":"post","link":"https:\/\/www.europesays.com\/fr\/505132\/","title":{"rendered":"Invit\u00e9 de derni\u00e8re minute \u00e0 Metz, Daniil Medvedev d\u00e9clare finalement forfait &#8211; L&#039;\u00c9quipe"},"content":{"rendered":"<ol>\n<li><a href=\"https:\/\/news.google.com\/rss\/articles\/CBMiwgFBVV95cUxPLURZUUNsc3dLQ0otMEcyLXczSTdqNzdRcUpoSlNlZVNUOHFpakQ5OTg1TWQwZGZUT0xDaHU5M2MzN2llanpkTVljZTRTelBUN1JBQlBZUFg5ME9iTWJsUlYtOU91VXJsSG5TOW9kZE03TXVyNXFNcUZqeTFtM0Q5eGpodTQyLW9Eb1FvVkY1REVBeTdhWDVkcmlWOS00RVE1N3FUOXdISVRTMVR5NlJ1cF9PaUYxMElIN2IzYkNiT2w2Zw?oc=5\" target=\"_blank\" rel=\"nofollow noopener\">Invit\u00e9 de derni\u00e8re minute \u00e0 Metz, Daniil Medvedev d\u00e9clare finalement forfait<\/a>&nbsp;&nbsp;L&rsquo;\u00c9quipe<\/li>\n<li><a href=\"https:\/\/news.google.com\/rss\/articles\/CBMikwFBVV95cUxOOW1wYUZDdlI0NlpfeWVLRHdERkZKaWp5Qmk4N3FVQTczaGd6OUNFS041SEJ3SnNaS29Fd0E3d1BHQ3NFR2RxRThVSkRIZ2hRc1Y5a0JRQ1J4dDd5YkNtNU52c2t3djRQLXd1V1p2MWFHc0VCQ2wwbF9NNGVQXy0zd3dDVUVuY082VlQ2QUs5NlJHU28?oc=5\" target=\"_blank\" rel=\"nofollow noopener\">Tennis. Le cr\u00e9puscule d\u2019un g\u00e9ant : la fin d&rsquo;une longue histoire pour le Moselle Open<\/a>&nbsp;&nbsp;Le Republicain Lorrain<\/li>\n<li><a href=\"https:\/\/news.google.com\/rss\/articles\/CBMisgFBVV95cUxNa1g0NkdXQkIyTEVrZmxmSUVrdU5sV0xMeE81SGI3SThuN0JYbGU1ejdaY2psaTdUQWFNR1l6YldTVmNRTkR3S3VManU0bEJ3Q1JlZlROeUhUNENpTHJHVjJFVUliRVBYUk9QU3FMWnN1VWZGY3hrMVFraTVRVFM3UllKQUhfeTBRQkE0Yzk0bkdXZWwzd3d0b05LRkFZbzVIVUdjbkYzOHJya0kzY0VkYzFn?oc=5\" target=\"_blank\" rel=\"nofollow noopener\">Le Moselle Open de tennis s\u2019ouvre aujourd\u2019hui pour une derni\u00e8re \u00e9dition<\/a>&nbsp;&nbsp;Radio M\u00e9lodie<\/li>\n<li><a href=\"https:\/\/news.google.com\/rss\/articles\/CBMinAJBVV95cUxNLXI0S2ZhMkJoU0tQTWhPNmlNakxpS3NuNmk4MlNUaFE1bndraE5xV1VwazRIc1RzcVZ6Z1UyOHRlaHBiTUpvVXRvQXU0YTBsWWZuY1R2Rkktc2FmZkNGc0dkWlVweWZsZWFiRV9oMlhkSnJwSmRCX1pHaGNBTUtsbVcxdnZQOG1wVnNRcnF3eDRGcmp1cGpBTEhMTHJ6LWl6TXVESDRTWGZzUkNTSjJuaGFmLVRFOUVsOUxWN2JqaDlaeFU5amdyYTN4MjBYQjZTaXluRUtBV2FUUUI5WUVsS1l4cjJhWEQtZHAyU1Azcjd6d3V5eC1JX01zcXRMekFpNXdrOFU0eGtzVkdjcVB5a0lrWUc3LWFWSHdmbg?oc=5\" target=\"_blank\" rel=\"nofollow noopener\">Encore dans la course pour \u00eatre qualifi\u00e9 au Masters, Daniil Medvedev invit\u00e9 \u00e0 Metz, pas de wild-card pour Valentin Vacherot<\/a>&nbsp;&nbsp;MSN<\/li>\n<li><a href=\"https:\/\/news.google.com\/rss\/articles\/CBMigwFBVV95cUxNTy12OEU5SWJVaU1LSjVvbGttVHk5QWFua0dFQ3V0Rm1mQkp0bVcta2xQMXFnaWxwZDZ4cGxuakh5UnVlWjBMeHhELXh4VjJqVEc0WlZxVzlkM0FXNXJWRkI0WjJadk5xbXJTZ2pvdzQ1NXcyU0xFQXFWTDZYUEFxaDFpYw?oc=5\" target=\"_blank\" rel=\"nofollow noopener\">Une derni\u00e8re danse \u00e0 Metz : le tableau de l\u2019ultime Open de Moselle promet du spectacle !<\/a>&nbsp;&nbsp;Tennis Temple<\/li>\n<\/ol>\n","protected":false},"excerpt":{"rendered":"Invit\u00e9 de derni\u00e8re minute \u00e0 Metz, Daniil Medvedev d\u00e9clare finalement forfait&nbsp;&nbsp;L&rsquo;\u00c9quipe Tennis. Le cr\u00e9puscule d\u2019un g\u00e9ant : la&hellip;\n","protected":false},"author":2,"featured_media":505133,"comment_status":"","ping_status":"","sticky":false,"template":"","format":"standard","meta":{"footnotes":""},"categories":[1415],"tags":[1011,27,60,1467],"class_list":{"0":"post-505132","1":"post","2":"type-post","3":"status-publish","4":"format-standard","5":"has-post-thumbnail","7":"category-tennis","8":"tag-fr","9":"tag-france","10":"tag-sports","11":"tag-tennis"},"share_on_mastodon":{"url":"https:\/\/pubeurope.com\/@fr\/115475900233649628","error":""},"_links":{"self":[{"href":"https:\/\/www.europesays.com\/fr\/wp-json\/wp\/v2\/posts\/505132","targetHints":{"allow":["GET"]}}],"collection":[{"href":"https:\/\/www.europesays.com\/fr\/wp-json\/wp\/v2\/posts"}],"about":[{"href":"https:\/\/www.europesays.com\/fr\/wp-json\/wp\/v2\/types\/post"}],"author":[{"embeddable":true,"href":"https:\/\/www.europesays.com\/fr\/wp-json\/wp\/v2\/users\/2"}],"replies":[{"embeddable":true,"href":"https:\/\/www.europesays.com\/fr\/wp-json\/wp\/v2\/comments?post=505132"}],"version-history":[{"count":0,"href":"https:\/\/www.europesays.com\/fr\/wp-json\/wp\/v2\/posts\/505132\/revisions"}],"wp:featuredmedia":[{"embeddable":true,"href":"https:\/\/www.europesays.com\/fr\/wp-json\/wp\/v2\/media\/505133"}],"wp:attachment":[{"href":"https:\/\/www.europesays.com\/fr\/wp-json\/wp\/v2\/media?parent=505132"}],"wp:term":[{"taxonomy":"category","embeddable":true,"href":"https:\/\/www.europesays.com\/fr\/wp-json\/wp\/v2\/categories?post=505132"},{"taxonomy":"post_tag","embeddable":true,"href":"https:\/\/www.europesays.com\/fr\/wp-json\/wp\/v2\/tags?post=505132"}],"curies":[{"name":"wp","href":"https:\/\/api.w.org\/{rel}","templated":true}]}}