{"id":50515,"date":"2025-04-25T00:56:10","date_gmt":"2025-04-25T00:56:10","guid":{"rendered":"https:\/\/www.europesays.com\/fr\/50515\/"},"modified":"2025-04-25T00:56:10","modified_gmt":"2025-04-25T00:56:10","slug":"la-france-triplement-condamnee-par-la-cedh","status":"publish","type":"post","link":"https:\/\/www.europesays.com\/fr\/50515\/","title":{"rendered":"la France triplement condamn\u00e9e par la CEDH"},"content":{"rendered":"<p class=\"xsm-p\">L\u2019histoire de \u00ab\u200aJulie\u200a\u00bb (c\u2019est un nom d\u2019emprunt) est connue\u200a : en 2010, elle avait d\u00e9pos\u00e9 plainte en r\u00e9gion parisienne pour des viols commis l\u2019ann\u00e9e pr\u00e9c\u00e9dente alors qu\u2019elle \u00e9tait \u00e2g\u00e9e de 14 ans. Adolescente fragile au point d\u2019avoir \u00e9t\u00e9 hospitalis\u00e9e en p\u00e9dopsychiatrie, elle souffrait de crises de t\u00e9tanie qui avaient n\u00e9cessit\u00e9 de nombreuses interventions des pompiers. <a href=\"https:\/\/www.dna.fr\/faits-divers-justice\/2024\/10\/15\/affaire-julie-le-consentement-au-coeur-du-proces-de-trois-pompiers-qui-s-ouvre-ce-mardi\" target=\"_blank\" rel=\"nofollow noopener\">Elle avait alors li\u00e9 avec certains d\u2019entre eux une relation incluant des rapports sexuels<\/a>. Les jeunes hommes avaient alors fait circuler ses coordonn\u00e9es dans d\u2019autres casernes. Mis en examen pour viols et agressions sexuelles sur mineure de moins de quinze ans et personne vuln\u00e9rable, trois de ces pompiers furent finalement relax\u00e9s.<\/p>\n<p class=\"xsm-p\">\u00ab\u200aJulie\u200a\u00bb s\u2019\u00e9tait alors pourvue devant la CEDH, qui a examin\u00e9 ce dossier avec deux autres affaires. Celle de \u00ab\u200aH.B.\u200a\u00bb, \u00e2g\u00e9e de 14 ans le soir o\u00f9 elle avait \u00e9t\u00e9 retrouv\u00e9e \u00e0 Forbach (Moselle) \u00ab\u200aen \u00e9tat d\u2019ivresse manifeste\u200a\u00bb alors qu\u2019elle venait d\u2019avoir des relations sexuelles avec deux hommes de 21 et 29 ans. Et celle de \u00ab\u200aM.L.\u200a\u00bb, \u00e0 Paris, elle aussi mineure (16 ans) le soir o\u00f9 l\u2019un de ses invit\u00e9s \u00e0 une f\u00eate avait, selon elle, profit\u00e9 de son \u00e9bri\u00e9t\u00e9. Dans ces deux cas, les pr\u00e9venus furent aussi mis hors de cause.<\/p>\n<p>Une \u00ab\u200asituation de particuli\u00e8re vuln\u00e9rabilit\u00e9\u200a\u00bb<\/p>\n<p class=\"xsm-p\">Les juges de Strasbourg estiment que la capacit\u00e9 des plaignantes \u00e0 consentir \u00e0 ces relations sexuelles a \u00e9t\u00e9 mal analys\u00e9e par la justice fran\u00e7aise, qui n\u2019a pas assez tenu compte de la \u00ab\u200asituation de particuli\u00e8re vuln\u00e9rabilit\u00e9\u200a\u00bb de ces jeunes femmes, mineures de surcro\u00eet.<\/p>\n<p>Ce contenu est bloqu\u00e9 car vous n&rsquo;avez pas accept\u00e9 les cookies et autres traceurs.<\/p>\n<p>En cliquant sur \u00ab J\u2019accepte \u00bb, les cookies et autres traceurs seront d\u00e9pos\u00e9s et vous pourrez visualiser les contenus  (<a href=\"\" class=\"consentModule_policy\" target=\"_blank\" title=\"Consulter la politique de protection des donn\u00e9es du fournisseur\">plus d&rsquo;informations<\/a>).<\/p>\n<p>En cliquant sur \u00ab J\u2019accepte tous les cookies \u00bb, vous autorisez des d\u00e9p\u00f4ts de cookies et autres traceurs pour le stockage de vos donn\u00e9es sur nos sites et applications \u00e0 des fins de personnalisation et de ciblage publicitaire.<\/p>\n<p class=\"consentModule_secondaryText\">Vous gardez la possibilit\u00e9 de retirer votre consentement \u00e0 tout moment en consultant notre <a href=\"https:\/\/www.dna.fr\/protection-des-donnees\" target=\"_blank\" title=\"Consulter notre politique de protection des donn\u00e9es\" rel=\"nofollow noopener\">politique de protection des donn\u00e9es<\/a>. <br \/>&#13;<br \/>\n            <a href=\"https:\/\/www.dna.fr\/faits-divers-justice\/2025\/04\/24\/javascript:Didomi.notice.show()\" class=\"consentModule_cmp\" rel=\"nofollow noopener\" target=\"_blank\">G\u00e9rer mes choix<\/a>&#13;\n        <\/p>\n<p>&#13;<br \/>\n                        J&rsquo;accepte&#13;<br \/>\n            J&rsquo;accepte tous les cookies&#13;\n        <\/p>\n<p class=\"xsm-p\">La Cour estime que la notion de consentement est trop floue dans le droit fran\u00e7ais\u200a: elle figure dans la jurisprudence, mais pas dans les textes de loi.<\/p>\n<p class=\"xsm-p\">Le sujet a fait d\u00e9bat il y a deux ans lorsqu\u2019une directive europ\u00e9enne proposait d\u2019inclure l\u2019absence de consentement dans la d\u00e9finition p\u00e9nale du viol des \u00c9tats membres. La France s\u2019y \u00e9tait oppos\u00e9e. Depuis, un projet de loi introduisant cette notion a \u00e9t\u00e9 mis \u00e0 l\u2019ordre du jour \u00e0 Paris. <a href=\"https:\/\/www.dna.fr\/societe\/2025\/04\/02\/les-deputes-votent-pour-integrer-la-notion-de-consentement-a-la-definition-du-viol\" target=\"_blank\" rel=\"nofollow noopener\">Approuv\u00e9 par l\u2019Assembl\u00e9e nationale au d\u00e9but de ce mois<\/a>, il doit encore \u00eatre examin\u00e9 par le S\u00e9nat.<\/p>\n<p>  Des proc\u00e9dures \u00ab\u200aattentatoires \u00e0 la dignit\u00e9\u200a\u00bb des victimes<\/p>\n<p class=\"xsm-p\">Dans leur arr\u00eat, les juges de Strasbourg condamnent aussi pour la premi\u00e8re fois la France pour \u00ab\u200avictimisation secondaire\u200a\u00bb, c\u2019est-\u00e0-dire un comportement humiliant envers les victimes dans le cadre de la proc\u00e9dure judiciaire.<\/p>\n<p class=\"xsm-p\">\u00ab\u200aJulie\u200a\u00bb a subi \u00ab\u200ades propos culpabilisants, moralisateurs et v\u00e9hiculant des st\u00e9r\u00e9otypes sexistes propres \u00e0 d\u00e9courager la confiance des victimes dans la justice\u200a\u00bb, et ce jusque dans les termes de la d\u00e9cision de la cour d\u2019appel, \u00ab\u200a\u00e0 la fois inop\u00e9rants et attentatoires \u00e0 la dignit\u00e9 de la requ\u00e9rante\u200a\u00bb.<\/p>\n<p class=\"xsm-p\">Son \u00e9tat de sant\u00e9, notoirement d\u00e9j\u00e0 fragile, s\u2019\u00e9tait m\u00eame \u00ab\u200ad\u00e9grad\u00e9 au cours des investigations\u200a\u00bb, jug\u00e9es aussi excessivement longues (11 ans) par la CEDH.<\/p>\n","protected":false},"excerpt":{"rendered":"L\u2019histoire de \u00ab\u200aJulie\u200a\u00bb (c\u2019est un nom d\u2019emprunt) est connue\u200a : en 2010, elle avait d\u00e9pos\u00e9 plainte en r\u00e9gion&hellip;\n","protected":false},"author":2,"featured_media":50516,"comment_status":"","ping_status":"","sticky":false,"template":"","format":"standard","meta":{"footnotes":""},"categories":[2820],"tags":[1111,11,271,272,1777,674,274,107,1011,27,329,775,12,25,640],"class_list":{"0":"post-50515","1":"post","2":"type-post","3":"status-publish","4":"format-standard","5":"has-post-thumbnail","7":"category-strasbourg","8":"tag-actu","9":"tag-actualites","10":"tag-crime","11":"tag-delit-et-contravention","12":"tag-eu","13":"tag-europe","14":"tag-faits-divers-justice","15":"tag-fil-info","16":"tag-fr","17":"tag-france","18":"tag-france-monde","19":"tag-grand-est","20":"tag-news","21":"tag-republique-francaise","22":"tag-strasbourg"},"share_on_mastodon":{"url":"https:\/\/pubeurope.com\/@fr\/114395885328667843","error":""},"_links":{"self":[{"href":"https:\/\/www.europesays.com\/fr\/wp-json\/wp\/v2\/posts\/50515","targetHints":{"allow":["GET"]}}],"collection":[{"href":"https:\/\/www.europesays.com\/fr\/wp-json\/wp\/v2\/posts"}],"about":[{"href":"https:\/\/www.europesays.com\/fr\/wp-json\/wp\/v2\/types\/post"}],"author":[{"embeddable":true,"href":"https:\/\/www.europesays.com\/fr\/wp-json\/wp\/v2\/users\/2"}],"replies":[{"embeddable":true,"href":"https:\/\/www.europesays.com\/fr\/wp-json\/wp\/v2\/comments?post=50515"}],"version-history":[{"count":0,"href":"https:\/\/www.europesays.com\/fr\/wp-json\/wp\/v2\/posts\/50515\/revisions"}],"wp:featuredmedia":[{"embeddable":true,"href":"https:\/\/www.europesays.com\/fr\/wp-json\/wp\/v2\/media\/50516"}],"wp:attachment":[{"href":"https:\/\/www.europesays.com\/fr\/wp-json\/wp\/v2\/media?parent=50515"}],"wp:term":[{"taxonomy":"category","embeddable":true,"href":"https:\/\/www.europesays.com\/fr\/wp-json\/wp\/v2\/categories?post=50515"},{"taxonomy":"post_tag","embeddable":true,"href":"https:\/\/www.europesays.com\/fr\/wp-json\/wp\/v2\/tags?post=50515"}],"curies":[{"name":"wp","href":"https:\/\/api.w.org\/{rel}","templated":true}]}}