{"id":505164,"date":"2025-11-01T19:00:20","date_gmt":"2025-11-01T19:00:20","guid":{"rendered":"https:\/\/www.europesays.com\/fr\/505164\/"},"modified":"2025-11-01T19:00:20","modified_gmt":"2025-11-01T19:00:20","slug":"photos-les-dinosaures-ont-envahi-le-parc-des-expos-de-vandoeuvre-les-nancy","status":"publish","type":"post","link":"https:\/\/www.europesays.com\/fr\/505164\/","title":{"rendered":"Photos. Les dinosaures ont envahi le parc des expos de Vandoeuvre-l\u00e8s-Nancy !"},"content":{"rendered":"<p>Le Mus\u00e9e \u00c9ph\u00e9m\u00e8re s\u2019est install\u00e9 au parc des expositions de Vandoeuvre avec trois galeries et plus de 100 dinosaures animatroniques grandeur nature. Parmi eux, le plus grand spinosaure robotis\u00e9 d\u2019Europe impressionne tous les visiteurs. Un spectacle vivant de 20 minutes, m\u00ealant effets sp\u00e9ciaux et cr\u00e9atures anim\u00e9es, vient compl\u00e9ter cette immersion saisissante. Ludique et p\u00e9dagogique, l\u2019exposition invite petits et grands \u00e0 d\u00e9couvrir la pr\u00e9histoire autrement.<\/p>\n","protected":false},"excerpt":{"rendered":"Le Mus\u00e9e \u00c9ph\u00e9m\u00e8re s\u2019est install\u00e9 au parc des expositions de Vandoeuvre avec trois galeries et plus de 100&hellip;\n","protected":false},"author":2,"featured_media":505165,"comment_status":"","ping_status":"","sticky":false,"template":"","format":"standard","meta":{"footnotes":""},"categories":[9635],"tags":[1111,11,7782,33,1704,1777,674,107,1011,27,2798,775,1702,12,25,3140,5711],"class_list":{"0":"post-505164","1":"post","2":"type-post","3":"status-publish","4":"format-standard","5":"has-post-thumbnail","7":"category-nancy","8":"tag-actu","9":"tag-actualites","10":"tag-balades-et-randonnees","11":"tag-economie","12":"tag-edition-nancy-et-agglomeration","13":"tag-eu","14":"tag-europe","15":"tag-fil-info","16":"tag-fr","17":"tag-france","18":"tag-galerie-photo","19":"tag-grand-est","20":"tag-nancy","21":"tag-news","22":"tag-republique-francaise","23":"tag-spectacle","24":"tag-vandoeuvre-les-nancy"},"share_on_mastodon":{"url":"https:\/\/pubeurope.com\/@fr\/115475986893151855","error":""},"_links":{"self":[{"href":"https:\/\/www.europesays.com\/fr\/wp-json\/wp\/v2\/posts\/505164","targetHints":{"allow":["GET"]}}],"collection":[{"href":"https:\/\/www.europesays.com\/fr\/wp-json\/wp\/v2\/posts"}],"about":[{"href":"https:\/\/www.europesays.com\/fr\/wp-json\/wp\/v2\/types\/post"}],"author":[{"embeddable":true,"href":"https:\/\/www.europesays.com\/fr\/wp-json\/wp\/v2\/users\/2"}],"replies":[{"embeddable":true,"href":"https:\/\/www.europesays.com\/fr\/wp-json\/wp\/v2\/comments?post=505164"}],"version-history":[{"count":0,"href":"https:\/\/www.europesays.com\/fr\/wp-json\/wp\/v2\/posts\/505164\/revisions"}],"wp:featuredmedia":[{"embeddable":true,"href":"https:\/\/www.europesays.com\/fr\/wp-json\/wp\/v2\/media\/505165"}],"wp:attachment":[{"href":"https:\/\/www.europesays.com\/fr\/wp-json\/wp\/v2\/media?parent=505164"}],"wp:term":[{"taxonomy":"category","embeddable":true,"href":"https:\/\/www.europesays.com\/fr\/wp-json\/wp\/v2\/categories?post=505164"},{"taxonomy":"post_tag","embeddable":true,"href":"https:\/\/www.europesays.com\/fr\/wp-json\/wp\/v2\/tags?post=505164"}],"curies":[{"name":"wp","href":"https:\/\/api.w.org\/{rel}","templated":true}]}}