{"id":50517,"date":"2025-04-25T00:57:13","date_gmt":"2025-04-25T00:57:13","guid":{"rendered":"https:\/\/www.europesays.com\/fr\/50517\/"},"modified":"2025-04-25T00:57:13","modified_gmt":"2025-04-25T00:57:13","slug":"thierry-azoulay-veto-chirurgien-et-ophtalmo","status":"publish","type":"post","link":"https:\/\/www.europesays.com\/fr\/50517\/","title":{"rendered":"Thierry Azoulay, v\u00e9to, chirurgien et ophtalmo"},"content":{"rendered":"<p>La patiente du jour, allong\u00e9e sur la table d\u2019op\u00e9ration, s\u2019appelle Vania. Son \u0153il droit affleure sous le drap vert. Tout, ici, rappelle un bloc chirurgical classique\u00a0: les bips de la surveillance cardiaque, des instruments chirurgicaux st\u00e9rilis\u00e9s, un microscope de pr\u00e9cision\u2026 en dehors du fait que Vania est une jeune husky de onze mois.<\/p>\n<p>Au chevet de l&rsquo;animal, le v\u00e9t\u00e9rinaire Thierry Alouzay, \u00e0 la t\u00eate de la clinique pour animaux strasbourgeoise Agoravet. Il est l\u2019un des rares sp\u00e9cialistes d\u2019ophtalmologie des animaux en France. Et Vania va avoir bien besoin de ses aptitudes. La jeune chienne souffre d\u2019une affection rare et complexe pour son \u00e2ge. Sa ma\u00eetresse, Jacqueline Kuhn, raconte\u00a0: \u00ab\u00a0Elle est devenue tr\u00e8s peureuse vers ses six mois, elle aboyait sur des choses improbables comme des panneaux de signalisation, des branches. Mon&#8230;<\/p>\n","protected":false},"excerpt":{"rendered":"La patiente du jour, allong\u00e9e sur la table d\u2019op\u00e9ration, s\u2019appelle Vania. Son \u0153il droit affleure sous le drap&hellip;\n","protected":false},"author":2,"featured_media":50518,"comment_status":"","ping_status":"","sticky":false,"template":"","format":"standard","meta":{"footnotes":""},"categories":[2820],"tags":[1111,11,2389,1867,2649,2880,1777,674,107,1011,27,775,12,25,71,4604,104,640,2879],"class_list":{"0":"post-50517","1":"post","2":"type-post","3":"status-publish","4":"format-standard","5":"has-post-thumbnail","7":"category-strasbourg","8":"tag-actu","9":"tag-actualites","10":"tag-alsace","11":"tag-animaux","12":"tag-bas-rhin","13":"tag-edition-strasbourg","14":"tag-eu","15":"tag-europe","16":"tag-fil-info","17":"tag-fr","18":"tag-france","19":"tag-grand-est","20":"tag-news","21":"tag-republique-francaise","22":"tag-sante","23":"tag-selection-abonne","24":"tag-societe","25":"tag-strasbourg","26":"tag-strasbourg-ville"},"share_on_mastodon":{"url":"https:\/\/pubeurope.com\/@fr\/114395889310807084","error":""},"_links":{"self":[{"href":"https:\/\/www.europesays.com\/fr\/wp-json\/wp\/v2\/posts\/50517","targetHints":{"allow":["GET"]}}],"collection":[{"href":"https:\/\/www.europesays.com\/fr\/wp-json\/wp\/v2\/posts"}],"about":[{"href":"https:\/\/www.europesays.com\/fr\/wp-json\/wp\/v2\/types\/post"}],"author":[{"embeddable":true,"href":"https:\/\/www.europesays.com\/fr\/wp-json\/wp\/v2\/users\/2"}],"replies":[{"embeddable":true,"href":"https:\/\/www.europesays.com\/fr\/wp-json\/wp\/v2\/comments?post=50517"}],"version-history":[{"count":0,"href":"https:\/\/www.europesays.com\/fr\/wp-json\/wp\/v2\/posts\/50517\/revisions"}],"wp:featuredmedia":[{"embeddable":true,"href":"https:\/\/www.europesays.com\/fr\/wp-json\/wp\/v2\/media\/50518"}],"wp:attachment":[{"href":"https:\/\/www.europesays.com\/fr\/wp-json\/wp\/v2\/media?parent=50517"}],"wp:term":[{"taxonomy":"category","embeddable":true,"href":"https:\/\/www.europesays.com\/fr\/wp-json\/wp\/v2\/categories?post=50517"},{"taxonomy":"post_tag","embeddable":true,"href":"https:\/\/www.europesays.com\/fr\/wp-json\/wp\/v2\/tags?post=50517"}],"curies":[{"name":"wp","href":"https:\/\/api.w.org\/{rel}","templated":true}]}}