{"id":505178,"date":"2025-11-01T19:08:23","date_gmt":"2025-11-01T19:08:23","guid":{"rendered":"https:\/\/www.europesays.com\/fr\/505178\/"},"modified":"2025-11-01T19:08:23","modified_gmt":"2025-11-01T19:08:23","slug":"la-basse-cour-une-scene-ouverte-100-senior-mercredi-a-la-basse-cour","status":"publish","type":"post","link":"https:\/\/www.europesays.com\/fr\/505178\/","title":{"rendered":"La basse cour. Une sc\u00e8ne ouverte 100\u00a0% senior, mercredi \u00e0 la Basse cour"},"content":{"rendered":"<p>La sc\u00e8ne humoristique serait elle l\u2019apanage des trentenaires\u00a0? Pour d\u00e9jouer ce clich\u00e9, Christian Leurot, programmateur \u00e0 la Basse-cour a lanc\u00e9 Les seniors rient , une sc\u00e8ne ouverte mensuelle 100\u00a0% d\u00e9di\u00e9e aux humoristes de plus de 60 ans. Pour ce mois de novembre, cinq humoristes, dont un professionnel, proposeront leurs univers d\u00e9cal\u00e9, avec, Yvette, une pr\u00e9sentatrice qui saura vous surprendre (notre photo).<\/p>\n<p class=\"note\">\u00c0 d\u00e9couvrir le mercredi 5\u00a0novembre \u00e0 20\u00a0h\u00a030, \u00e0 la Basse cour. Tarifs\u00a0: 8-10 euros.<\/p>\n","protected":false},"excerpt":{"rendered":"La sc\u00e8ne humoristique serait elle l\u2019apanage des trentenaires\u00a0? Pour d\u00e9jouer ce clich\u00e9, Christian Leurot, programmateur \u00e0 la Basse-cour&hellip;\n","protected":false},"author":2,"featured_media":505179,"comment_status":"","ping_status":"","sticky":false,"template":"","format":"standard","meta":{"footnotes":""},"categories":[9566],"tags":[1111,11,2430,1687,112,1777,674,1011,27,2731,2732,12,25,3140],"class_list":{"0":"post-505178","1":"post","2":"type-post","3":"status-publish","4":"format-standard","5":"has-post-thumbnail","7":"category-grenoble","8":"tag-actu","9":"tag-actualites","10":"tag-auvergne-rhone-alpes","11":"tag-culture-loisirs","12":"tag-edition-grenoble-agglomeration","13":"tag-eu","14":"tag-europe","15":"tag-fr","16":"tag-france","17":"tag-grenoble","18":"tag-grenoble-bassin","19":"tag-news","20":"tag-republique-francaise","21":"tag-spectacle"},"share_on_mastodon":{"url":"https:\/\/pubeurope.com\/@fr\/115476018269431950","error":""},"_links":{"self":[{"href":"https:\/\/www.europesays.com\/fr\/wp-json\/wp\/v2\/posts\/505178","targetHints":{"allow":["GET"]}}],"collection":[{"href":"https:\/\/www.europesays.com\/fr\/wp-json\/wp\/v2\/posts"}],"about":[{"href":"https:\/\/www.europesays.com\/fr\/wp-json\/wp\/v2\/types\/post"}],"author":[{"embeddable":true,"href":"https:\/\/www.europesays.com\/fr\/wp-json\/wp\/v2\/users\/2"}],"replies":[{"embeddable":true,"href":"https:\/\/www.europesays.com\/fr\/wp-json\/wp\/v2\/comments?post=505178"}],"version-history":[{"count":0,"href":"https:\/\/www.europesays.com\/fr\/wp-json\/wp\/v2\/posts\/505178\/revisions"}],"wp:featuredmedia":[{"embeddable":true,"href":"https:\/\/www.europesays.com\/fr\/wp-json\/wp\/v2\/media\/505179"}],"wp:attachment":[{"href":"https:\/\/www.europesays.com\/fr\/wp-json\/wp\/v2\/media?parent=505178"}],"wp:term":[{"taxonomy":"category","embeddable":true,"href":"https:\/\/www.europesays.com\/fr\/wp-json\/wp\/v2\/categories?post=505178"},{"taxonomy":"post_tag","embeddable":true,"href":"https:\/\/www.europesays.com\/fr\/wp-json\/wp\/v2\/tags?post=505178"}],"curies":[{"name":"wp","href":"https:\/\/api.w.org\/{rel}","templated":true}]}}