{"id":505190,"date":"2025-11-01T19:15:13","date_gmt":"2025-11-01T19:15:13","guid":{"rendered":"https:\/\/www.europesays.com\/fr\/505190\/"},"modified":"2025-11-01T19:15:13","modified_gmt":"2025-11-01T19:15:13","slug":"mendy-linsubmersible-decouvrez-les-notes-des-joueurs-de-logc-nice-apres-leur-courte-defaite-1-0-face-au-paris-sg","status":"publish","type":"post","link":"https:\/\/www.europesays.com\/fr\/505190\/","title":{"rendered":"Mendy l\u2019insubmersible&#8230; D\u00e9couvrez les notes des joueurs de l\u2019OGC Nice apr\u00e8s leur courte d\u00e9faite (1-0) face au Paris-SG"},"content":{"rendered":"<p class=\"fs-5 \"><strong>Diouf (8)\u00a0:<\/strong> il bloque la premi\u00e8re tentative de Barcola (15\u2019), avant de s\u2019estimer heureux qu\u2019il lui frappe dessus (39\u2019). Hakimi (38\u2019) \u00e9tait hors-jeu \u00e0 peine plus t\u00f4t, en revanche Yehvann ne doit rien \u00e0 personne sur ses parades sur la frappe de Vitinha (68\u2019), les t\u00eates de Ramos (80\u2019) et Ruiz (90\u2019+4)&#8230; puis Ramos a surgi. Etincelant avec ses mains, le portier avait \u00e9t\u00e9 moins en r\u00e9ussite au pied mais il m\u00e9ritait lui aussi le nul pour sa prestation.<\/p>\n<p class=\"fs-5 \"><strong>Bah (6)\u00a0: <\/strong>dans la lign\u00e9e de son match contre Lille, le g\u00e9ant a rayonn\u00e9 dans sa zone et confirm\u00e9 sa mont\u00e9e en puissance.<\/p>\n<p class=\"fs-5 \"><strong>Oppong (6)\u00a0:<\/strong> lui aussi confirme semaine apr\u00e8s semaine sa r\u00e9gularit\u00e9. Bien plac\u00e9, bien camp\u00e9 sur ses appuis, il a \u00e9t\u00e9 solide. Au Parc des Princes, face au champion d\u2019Europe, \u00e7a prouve qu\u2019il est bien plus qu\u2019une bonne surprise.<\/p>\n<p class=\"fs-5 \"><strong>Bard (4)\u00a0:<\/strong> valeureux dans le combat, le capitaine a \u00e9t\u00e9 largement plus emprunt\u00e9 dans ses relances et ses contestations aupr\u00e8s de l\u2019arbitre. Il s\u2019est m\u00eame parfois perdu \u00e0 trop r\u00e2ler, \u00e0 l\u2019image de sa touche trop lentement jou\u00e9e et donc perdue au profit des Parisiens.<\/p>\n<p class=\"fs-5 \"><strong>Mendy (8)\u00a0: <\/strong>sa prestation a \u00e9t\u00e9 remarquable. Il est reparti du Parc avec le sentiment du devoir personnel accompli et Kvaratskhelia dans sa poche, \u00e7a veut tout dire. Imp\u00e9rial dans le duel, tr\u00e8s dur \u00e0 bouger, il s\u2019est offert le luxe de se projeter pour partir seul au but et alerter Chevalier du gauche (89\u2019). Un match plein.<\/p>\n<p class=\"fs-5 \"><strong>Louchet (5)\u00a0:<\/strong> il a ratur\u00e9 quelques sorties de balle avant de frapper le corner le plus dangereux de la partie (32\u2019). Tr\u00e8s volontaire dans les courses, il devance Za\u00efre-Emery dans une zone dangereuse (58\u2019), puis a c\u00e9d\u00e9 sa place \u00e0 Abdul Samed (84\u2019).<\/p>\n<p class=\"fs-5 \"><strong>Boudaoui (5)\u00a0:<\/strong> pas simple pour un match de retour. L\u2019Alg\u00e9rien a tr\u00e8s peu touch\u00e9 de ballons mais s\u2019est mis au diapason des copains dans l\u2019effort, avec une touche technique suppl\u00e9mentaire dans ses tentatives de remont\u00e9es de balle.<\/p>\n<p class=\"fs-5 \"><strong>Sanson (4)\u00a0:<\/strong> lui aussi a tr\u00e8s peu touch\u00e9 le cuir mais il a \u00e9t\u00e9 moins en \u00e9vidence que ses copains \u00e0 la r\u00e9cup\u00e9ration en m\u00eame temps jusqu\u2019\u00e0 sa sortie au profit de Vanhoutte (71\u2019), qui a pris le relais avec abn\u00e9gation dans l\u2019effort aussi.<\/p>\n<p class=\"fs-5 \"><strong>Abdi (4)\u00a0:<\/strong> beaucoup trop d\u2019erreurs techniques l\u2019ont emp\u00each\u00e9 de mieux g\u00e9rer quelques ballons de sortie qui auraient pu faire respirer son \u00e9quipe. Dans le repli, il a soutenu les copains \u00e0 fond en revanche.<\/p>\n<p class=\"fs-5 \"><strong>Gouveia (5)\u00a0:<\/strong> il s\u2019est donn\u00e9, quitte \u00e0 prendre le ballon en pleine t\u00eate en fin de match pour prot\u00e9ger son but. Un investissement \u00e0 souligner pour une recrue qui n\u2019a pas eu beaucoup de temps de jeu jusqu\u2019ici.<\/p>\n<p class=\"fs-5 \"><strong>Jansson (3)\u00a0: <\/strong>align\u00e9 en pointe d\u2019un syst\u00e8me ultra-d\u00e9fensif, il a touch\u00e9 quelques ballons mais n\u2019a jamais rien pu cr\u00e9er avec, avant de c\u00e9der sa place \u00e0 Diop d\u00e8s la pause. Le Marocain a tout de suite apport\u00e9 de la s\u00e9r\u00e9nit\u00e9 technique. Puis s\u2019est touch\u00e9 l\u2019arri\u00e8re de la cuisse et a r\u00e9clam\u00e9 le changement par Boga (71\u2019), qui a trouv\u00e9 l\u2019espace pour percuter balle au pied et frapper (82\u2019).<\/p>\n<p class=\"fs-5 \"><strong>Match\u00a0: <\/strong>5<strong><br \/>Arbitre\u00a0:<\/strong> 6<br \/><strong>Coach\u00a0:<\/strong> 6, son plan de jeu minimaliste mais conforme au contexte actuel a fonctionn\u00e9 \u00e0 une seconde pr\u00e8s. Frustrant.<\/p>\n","protected":false},"excerpt":{"rendered":"Diouf (8)\u00a0: il bloque la premi\u00e8re tentative de Barcola (15\u2019), avant de s\u2019estimer heureux qu\u2019il lui frappe dessus&hellip;\n","protected":false},"author":2,"featured_media":505191,"comment_status":"","ping_status":"","sticky":false,"template":"","format":"standard","meta":{"footnotes":""},"categories":[2819],"tags":[1111,11,1777,674,1011,27,12,2401,54521,882,25],"class_list":{"0":"post-505190","1":"post","2":"type-post","3":"status-publish","4":"format-standard","5":"has-post-thumbnail","7":"category-nice","8":"tag-actu","9":"tag-actualites","10":"tag-eu","11":"tag-europe","12":"tag-fr","13":"tag-france","14":"tag-news","15":"tag-nice","16":"tag-ogcnice","17":"tag-provence-alpes-cote-dazur","18":"tag-republique-francaise"},"share_on_mastodon":{"url":"https:\/\/pubeurope.com\/@fr\/115476045717873600","error":""},"_links":{"self":[{"href":"https:\/\/www.europesays.com\/fr\/wp-json\/wp\/v2\/posts\/505190","targetHints":{"allow":["GET"]}}],"collection":[{"href":"https:\/\/www.europesays.com\/fr\/wp-json\/wp\/v2\/posts"}],"about":[{"href":"https:\/\/www.europesays.com\/fr\/wp-json\/wp\/v2\/types\/post"}],"author":[{"embeddable":true,"href":"https:\/\/www.europesays.com\/fr\/wp-json\/wp\/v2\/users\/2"}],"replies":[{"embeddable":true,"href":"https:\/\/www.europesays.com\/fr\/wp-json\/wp\/v2\/comments?post=505190"}],"version-history":[{"count":0,"href":"https:\/\/www.europesays.com\/fr\/wp-json\/wp\/v2\/posts\/505190\/revisions"}],"wp:featuredmedia":[{"embeddable":true,"href":"https:\/\/www.europesays.com\/fr\/wp-json\/wp\/v2\/media\/505191"}],"wp:attachment":[{"href":"https:\/\/www.europesays.com\/fr\/wp-json\/wp\/v2\/media?parent=505190"}],"wp:term":[{"taxonomy":"category","embeddable":true,"href":"https:\/\/www.europesays.com\/fr\/wp-json\/wp\/v2\/categories?post=505190"},{"taxonomy":"post_tag","embeddable":true,"href":"https:\/\/www.europesays.com\/fr\/wp-json\/wp\/v2\/tags?post=505190"}],"curies":[{"name":"wp","href":"https:\/\/api.w.org\/{rel}","templated":true}]}}