{"id":505194,"date":"2025-11-01T19:18:33","date_gmt":"2025-11-01T19:18:33","guid":{"rendered":"https:\/\/www.europesays.com\/fr\/505194\/"},"modified":"2025-11-01T19:18:33","modified_gmt":"2025-11-01T19:18:33","slug":"en-pleine-crise-sanitaire-des-agriculteurs-decouvrent-des-camions-etrangers-remplis-de-bovins-en-gironde","status":"publish","type":"post","link":"https:\/\/www.europesays.com\/fr\/505194\/","title":{"rendered":"En pleine crise sanitaire, des agriculteurs d\u00e9couvrent des camions \u00e9trangers remplis de bovins en Gironde"},"content":{"rendered":"<p>            Par<br \/>\n        <strong><br \/>\n            <a href=\"https:\/\/actu.fr\/auteur\/julian-doubax\" title=\"Consulter tous les articles de Julian Doubax\" target=\"_blank\" rel=\"noopener\">Julian Doubax<\/a><br \/>\n        <\/strong><\/p>\n<p>        Publi\u00e9 le<\/p>\n<p>            30 oct. 2025 \u00e0 15h22        <\/p>\n<p>C\u2019est l\u2019affront de trop pour les agriculteurs. Ce jeudi 30\u00a0octobre 2025, des membres de la Coordination rurale 33 ont mis la main sur <strong>six camions immatricul\u00e9s au Royaume-Uni et en Irlande remplis de bovins<\/strong> dans une zone de transit \u00e0 <a href=\"https:\/\/actu.fr\/nouvelle-aquitaine\/blanquefort_33056\" target=\"_blank\" rel=\"noopener\">Blanquefort<\/a> (Gironde).<\/p>\n<p class=\" wall-content\">Actuellement la France est touch\u00e9e par des mesures strictes concernant la propagation de la <a href=\"https:\/\/actu.fr\/bourgogne-franche-comte\/ecleux_39206\/dermatose-nodulaire-contagieuse-un-sixieme-foyer-decouvert-a-ecleux_63369768.html\" target=\"_blank\" rel=\"noopener\">dermatose nodulaire contagieuse bovine<\/a> (DNC), une maladie virale qui n\u2019est pas transmissible \u00e0 l\u2019Homme. \u00ab\u2009Des vaches fran\u00e7aises <strong>n\u2019ont pas le droit de circuler et sont abattues<\/strong> tandis que des camions \u00e9trangers sont autoris\u00e9s \u00e0 traverser des zones infect\u00e9es\u2009\u00bb, s\u2019insurge Vincent Collineau, co-pr\u00e9sident de la CR 33, qui se trouve sur les lieux avec une trentaine d\u2019autres membres.<\/p>\n<p class=\" wall-content\">\u00ab\u2009Nous n\u2019avons rien contre les transporteurs qui font leur travail mais nous voulons des explications de la part de l\u2019\u00c9tat. Les \u00e9leveurs ont la <strong>double peine<\/strong>\u2009: ils ne peuvent pas faire de commerce et leurs animaux sont abattus.\u2009\u00bb<\/p>\n<p>    <a href=\"https:\/\/www.facebook.com\/plugins\/post.php?href=https%3A%2F%2Fwww.facebook.com%2Fpermalink.php%3Fstory_fbid%3Dpfbid02PXvESx6R7HtcrpKHXqFRh2Q48rkvpQGU3AJBYX51eBzKLivRRoSKUWfAgn9r4Bwzl%26id%3D61571712101000&amp;show_text=true&amp;width=350\" title=\"Ouvrie le lien\" target=\"_blank\" rel=\"noopener\">Cliquez ici pour visualiser le contenu<\/a><\/p>\n<p>La gendarmerie est sur place<\/p>\n<p class=\" wall-content\">Les membres de la CR sont donc venus dans la zone de transit dans la matin\u00e9e en esp\u00e9rant obtenir des clarifications. \u00ab\u2009Il n\u2019y a aucun d\u00e9bordement, nous sommes pacifistes. Nous souhaitons juste d\u00e9noncer cette situation\u2009\u00bb, explique Vincent Collineau. Des membres de la Coordination rurale sont aussi venus donner main forte. Tr\u00e8s vite, la <strong>gendarmerie<\/strong> s\u2019est rendue sur place.<\/p>\n<p class=\" wall-content\">\u00ab\u2009L\u2019ambiance est calme mais ils refusent de partir\u2009\u00bb rapportent les gendarmes alors que les camions et les 400 bovins pr\u00e9sents <strong>doivent reprendre la route en direction<\/strong> d\u2019Irun (Espagne) \u00e0 partir de 21 heures. Ce matin, Annie Genevard, ministre de l\u2019Agriculture, a annonc\u00e9 la reprise anticip\u00e9e des<strong> exportations de bovins<\/strong> dans un cadre sanitaire ma\u00eetris\u00e9 \u00e0 partir du 1er\u00a0novembre.<\/p>\n<p class=\" wall-content\">Personnalisez votre actualit\u00e9 en ajoutant vos villes et m\u00e9dias en favori avec <a href=\"https:\/\/moncompte.actu.fr\" title=\"D\u00e9couvez Mon Actu\" rel=\"nofollow noopener\" data-trk=\"{&quot;cta&quot;:{&quot;action&quot;:&quot;https:\\\/\\\/moncompte.actu.fr&quot;,&quot;category&quot;:&quot;mon compte&quot;,&quot;from&quot;:&quot;article footer&quot;,&quot;name&quot;:&quot;Mon actu&quot;,&quot;type&quot;:&quot;cta&quot;}}\" target=\"_blank\">Mon Actu<\/a>.<\/p>\n","protected":false},"excerpt":{"rendered":"Par Julian Doubax Publi\u00e9 le 30 oct. 2025 \u00e0 15h22 C\u2019est l\u2019affront de trop pour les agriculteurs. Ce&hellip;\n","protected":false},"author":2,"featured_media":505195,"comment_status":"","ping_status":"","sticky":false,"template":"","format":"standard","meta":{"footnotes":""},"categories":[2817],"tags":[1111,11,327,1997,1777,674,1011,27,3381,12,2219,25,104],"class_list":{"0":"post-505194","1":"post","2":"type-post","3":"status-publish","4":"format-standard","5":"has-post-thumbnail","7":"category-bordeaux","8":"tag-actu","9":"tag-actualites","10":"tag-agriculture","11":"tag-bordeaux","12":"tag-eu","13":"tag-europe","14":"tag-fr","15":"tag-france","16":"tag-gendarmerie","17":"tag-news","18":"tag-nouvelle-aquitaine","19":"tag-republique-francaise","20":"tag-societe"},"share_on_mastodon":{"url":"https:\/\/pubeurope.com\/@fr\/115476057581274155","error":""},"_links":{"self":[{"href":"https:\/\/www.europesays.com\/fr\/wp-json\/wp\/v2\/posts\/505194","targetHints":{"allow":["GET"]}}],"collection":[{"href":"https:\/\/www.europesays.com\/fr\/wp-json\/wp\/v2\/posts"}],"about":[{"href":"https:\/\/www.europesays.com\/fr\/wp-json\/wp\/v2\/types\/post"}],"author":[{"embeddable":true,"href":"https:\/\/www.europesays.com\/fr\/wp-json\/wp\/v2\/users\/2"}],"replies":[{"embeddable":true,"href":"https:\/\/www.europesays.com\/fr\/wp-json\/wp\/v2\/comments?post=505194"}],"version-history":[{"count":0,"href":"https:\/\/www.europesays.com\/fr\/wp-json\/wp\/v2\/posts\/505194\/revisions"}],"wp:featuredmedia":[{"embeddable":true,"href":"https:\/\/www.europesays.com\/fr\/wp-json\/wp\/v2\/media\/505195"}],"wp:attachment":[{"href":"https:\/\/www.europesays.com\/fr\/wp-json\/wp\/v2\/media?parent=505194"}],"wp:term":[{"taxonomy":"category","embeddable":true,"href":"https:\/\/www.europesays.com\/fr\/wp-json\/wp\/v2\/categories?post=505194"},{"taxonomy":"post_tag","embeddable":true,"href":"https:\/\/www.europesays.com\/fr\/wp-json\/wp\/v2\/tags?post=505194"}],"curies":[{"name":"wp","href":"https:\/\/api.w.org\/{rel}","templated":true}]}}