{"id":5052,"date":"2025-04-06T10:40:11","date_gmt":"2025-04-06T10:40:11","guid":{"rendered":"https:\/\/www.europesays.com\/fr\/5052\/"},"modified":"2025-04-06T10:40:11","modified_gmt":"2025-04-06T10:40:11","slug":"devant-pres-de-4-000-spectateurs-a-la-rabine-les-espoirs-du-rc-vannes-perdent-le-choc-contre-le-stade-francais","status":"publish","type":"post","link":"https:\/\/www.europesays.com\/fr\/5052\/","title":{"rendered":"Devant pr\u00e8s de 4\u00a0000 spectateurs \u00e0 La Rabine, les espoirs du RC Vannes perdent le choc contre le Stade Fran\u00e7ais"},"content":{"rendered":"<p>Reichel-Espoirs Accession (4e journ\u00e9e). RC Vannes &#8211; Stade Fran\u00e7ais : 20-28<\/p>\n<p>Les pr\u00e8s de 4 000 spectateurs venus garnir La Rabine n\u2019auront pas suffi. Les espoirs du RC Vannes se sont inclin\u00e9s face \u00e0 ceux du Stade Fran\u00e7ais (20-28), \u00e0 l\u2019occasion de la quatri\u00e8me journ\u00e9e de la deuxi\u00e8me phase de poules.<\/p>\n<p>Pourtant, tout avait bien commenc\u00e9. Sous un soleil radieux, les jeunes Vannetais menaient 17-10 \u00e0 la mi-temps gr\u00e2ce \u00e0 des essais de Romain Valentin (4\u2019) et d\u2019Arthur Pissot (27\u2019). Mais ils ont craqu\u00e9 en seconde p\u00e9riode face \u00e0 des Parisiens revenus tr\u00e8s fort, qui encha\u00eenent ainsi un quatri\u00e8me succ\u00e8s en autant de rencontres.<\/p>\n<p>Pour le RCV, avec trois d\u00e9faites et une seule victoire, la possibilit\u00e9 d\u2019une qualification en demi-finales s\u2019\u00e9loigne. D\u2019autant que Biarritz, deuxi\u00e8me de la poule et actuellement dernier qualifi\u00e9, s\u2019est impos\u00e9 \u00e0 Dax (41-27).<\/p>\n<p><img decoding=\"async\" src=\"https:\/\/www.europesays.com\/fr\/wp-content\/uploads\/2025\/04\/67f1554f4dd15fd5d70851a0.1.jpeg\" width=\"480\" height=\"300\" class=\"web_golden_m\" loading=\"lazy\" alt=\"Les Vannetais Basile Paul (\u00e0 gauche), Toky Brothers (avec le ballon) et Jean Cotarmanac'h ont perdu face au Stade Fran\u00e7ais \u00e0 cause, notamment, d\u2019une mauvaise entame de seconde p\u00e9riode.\"\/>Les Vannetais Basile Paul (\u00e0 gauche), Toky Brothers (avec le ballon) et Jean Cotarmanac&rsquo;h ont perdu face au Stade Fran\u00e7ais \u00e0 cause, notamment, d\u2019une mauvaise entame de seconde p\u00e9riode. (Photo Mya Roynard)La fiche technique<\/p>\n<p><strong class=\"tech\">Arbitre :<\/strong> O. Lanceleur.<\/p>\n<p><strong class=\"tech\">Spectateurs :<\/strong> 3 885 environ.<\/p>\n<p><strong class=\"tech\">Les points.<\/strong> Vannes : 2 essais de Valentin (4\u2019), Pissot (27\u2019) ; 2 transformations de Cotarmanac\u2019h (5\u2019, 28\u2019) ; 1 p\u00e9nalit\u00e9 de Gicquel (70\u2019) ; 1 drop de Cotarmanac\u2019h (35\u2019).<\/p>\n<p>Stade Fran\u00e7ais : 3 essais de Lodjro (30\u2019), Tabuakoto (43\u2019), Fabre (49\u2019) ; 2 transformations de Lamkam (32\u2019, 50\u2019) ; 3 p\u00e9nalit\u00e9s de Lamkam (21\u2019, 63\u2019, 78\u2019).<\/p>\n<p><strong class=\"tech\">Cartons jaunes.<\/strong> Vannes : Stegehuis (78\u2019) ; Stade Fran\u00e7ais : Borsali (55\u2019), Russell (69\u2019).<\/p>\n<p><strong class=\"tech\">Carton blanc.<\/strong> Vannes : (77\u2019).\ufeff<\/p>\n<p><strong class=\"tech\">VANNES.<\/strong> 15. Lemanier (Cotarmanac\u2019h, 74\u2019) &#8211; 14. Pissot, 13. Poulter (Lya\u00ebt, 57\u2019), 12. Malaulau, 11. Brothers &#8211; 10. Cotarmanac\u2019h (Gicquel, 57\u2019), 9. Valentin (Liprendy, 72\u2019) &#8211; 7. Camara, 8. Brown (cap.) (Tuugahala, 58\u2019), 6. Bourgeois &#8211; 5. Desjeux, 4. Paul (Stegehuis, 72\u2019) &#8211; 3. Maritz (Automalo, 57\u2019), 2. Suta (Scolan, 72\u2019), 1. Tafili (F\u00e9e).<\/p>\n<p><strong class=\"tech\">STADE FRAN\u00c7AIS.<\/strong> 15. Lodjro &#8211; 14. Tanguy, 13. Russell, 12. Nollet, 11. Peyrot &#8211; 10. Lamkam, 9. Fabre &#8211; 7. Tabuakoto (Viliamu, 50\u2019 puis Koffi, 55\u2019 et Viliamu, 65\u2019), 8. Scelzo (cap.) \ufeff, 6. Chiffrin (Pauga, 50\u2019) &#8211; 5. McCrea (Lambot, 50\u2019), 4. Turagacoke &#8211; 3. Asi, 2. Tia (Mbuta, 50\u2019), 1. Koffi (Borsali, 50\u2019).<\/p>\n<p>Non entr\u00e9s en jeu : Sans, de Villeneuve, Gnehi Koue.<\/p>\n","protected":false},"excerpt":{"rendered":"Reichel-Espoirs Accession (4e journ\u00e9e). RC Vannes &#8211; Stade Fran\u00e7ais : 20-28 Les pr\u00e8s de 4 000 spectateurs venus&hellip;\n","protected":false},"author":2,"featured_media":5053,"comment_status":"","ping_status":"","sticky":false,"template":"","format":"standard","meta":{"footnotes":""},"categories":[1416],"tags":[3166,1011,27,3164,3167,479,1468,60,3165],"class_list":{"0":"post-5052","1":"post","2":"type-post","3":"status-publish","4":"format-standard","5":"has-post-thumbnail","7":"category-rugby","8":"tag-en-continu-sports","9":"tag-fr","10":"tag-france","11":"tag-rc-vannes","12":"tag-rcv","13":"tag-rugby","14":"tag-rugby-football","15":"tag-sports","16":"tag-vannes"},"share_on_mastodon":{"url":"https:\/\/pubeurope.com\/@fr\/114290597801034726","error":""},"_links":{"self":[{"href":"https:\/\/www.europesays.com\/fr\/wp-json\/wp\/v2\/posts\/5052","targetHints":{"allow":["GET"]}}],"collection":[{"href":"https:\/\/www.europesays.com\/fr\/wp-json\/wp\/v2\/posts"}],"about":[{"href":"https:\/\/www.europesays.com\/fr\/wp-json\/wp\/v2\/types\/post"}],"author":[{"embeddable":true,"href":"https:\/\/www.europesays.com\/fr\/wp-json\/wp\/v2\/users\/2"}],"replies":[{"embeddable":true,"href":"https:\/\/www.europesays.com\/fr\/wp-json\/wp\/v2\/comments?post=5052"}],"version-history":[{"count":0,"href":"https:\/\/www.europesays.com\/fr\/wp-json\/wp\/v2\/posts\/5052\/revisions"}],"wp:featuredmedia":[{"embeddable":true,"href":"https:\/\/www.europesays.com\/fr\/wp-json\/wp\/v2\/media\/5053"}],"wp:attachment":[{"href":"https:\/\/www.europesays.com\/fr\/wp-json\/wp\/v2\/media?parent=5052"}],"wp:term":[{"taxonomy":"category","embeddable":true,"href":"https:\/\/www.europesays.com\/fr\/wp-json\/wp\/v2\/categories?post=5052"},{"taxonomy":"post_tag","embeddable":true,"href":"https:\/\/www.europesays.com\/fr\/wp-json\/wp\/v2\/tags?post=5052"}],"curies":[{"name":"wp","href":"https:\/\/api.w.org\/{rel}","templated":true}]}}