{"id":505205,"date":"2025-11-01T19:24:16","date_gmt":"2025-11-01T19:24:16","guid":{"rendered":"https:\/\/www.europesays.com\/fr\/505205\/"},"modified":"2025-11-01T19:24:16","modified_gmt":"2025-11-01T19:24:16","slug":"bouches-du-rhone-un-mort-et-deux-blesses-dans-le-crash-dun-petit-avion-pres-de-marseille","status":"publish","type":"post","link":"https:\/\/www.europesays.com\/fr\/505205\/","title":{"rendered":"Bouches-du-Rh\u00f4ne. Un mort et deux bless\u00e9s dans le crash d&rsquo;un petit avion pr\u00e8s de Marseille"},"content":{"rendered":"<p>Un homme est mort et deux ont \u00e9t\u00e9 bless\u00e9s dans le crash d&rsquo;un petit avion samedi apr\u00e8s-midi sur la commune de Roquefort-la-B\u00e9doule (Bouches-du-Rh\u00f4ne), pr\u00e8s de Marseille, a-t-on appris aupr\u00e8s des sapeurs-pompiers.\u00a0<\/p>\n<p>Le pilote, \u00e2g\u00e9 de 40 ans, est d\u00e9c\u00e9d\u00e9 et les passagers, deux hommes \u00e2g\u00e9s d&rsquo;une quarantaine d&rsquo;ann\u00e9es, sont \u00ab polytraumatis\u00e9s \u00bb, ont indiqu\u00e9 \u00e0 l&rsquo;AFP les sapeurs-pompiers des Bouches-du-Rh\u00f4ne.<\/p>\n<p>Ce contenu est bloqu\u00e9 car vous n&rsquo;avez pas accept\u00e9 les cookies et autres traceurs.<\/p>\n<p>En cliquant sur \u00ab J\u2019accepte \u00bb, les cookies et autres traceurs seront d\u00e9pos\u00e9s et vous pourrez visualiser les contenus  (<a href=\"\" class=\"consentModule_policy\" target=\"_blank\" title=\"Consulter la politique de protection des donn\u00e9es du fournisseur\">plus d&rsquo;informations<\/a>).<\/p>\n<p>En cliquant sur \u00ab J\u2019accepte tous les cookies \u00bb, vous autorisez des d\u00e9p\u00f4ts de cookies et autres traceurs pour le stockage de vos donn\u00e9es sur nos sites et applications \u00e0 des fins de personnalisation et de ciblage publicitaire.<\/p>\n<p class=\"consentModule_secondaryText\">Vous gardez la possibilit\u00e9 de retirer votre consentement \u00e0 tout moment en consultant notre <a href=\"https:\/\/www.ledauphine.com\/protection-des-donnees\" target=\"_blank\" title=\"Consulter notre politique de protection des donn\u00e9es\" rel=\"noopener\">politique de protection des donn\u00e9es<\/a>. <br \/>&#13;<br \/>\n            <a href=\"https:\/\/www.ledauphine.com\/faits-divers-justice\/2025\/11\/01\/javascript:Didomi.notice.show()\" class=\"consentModule_cmp\" target=\"_blank\" rel=\"noopener\">G\u00e9rer mes choix<\/a>&#13;\n        <\/p>\n<p>&#13;<br \/>\n                        J&rsquo;accepte&#13;<br \/>\n            J&rsquo;accepte tous les cookies&#13;\n        <\/p>\n<p>  \u00ab\u00a0A cause des conditions m\u00e9t\u00e9orologiques\u00a0\u00bb<\/p>\n<p>Les deux victimes bless\u00e9es ont \u00e9t\u00e9 transport\u00e9es \u00e0 l&rsquo;h\u00f4pital, sans que l&rsquo;on sache pour l&rsquo;instant si leur pronostic vital est engag\u00e9, a ajout\u00e9 cette m\u00eame source. L&rsquo;accident a eu lieu aux alentours de 16h30, dans un massif de Roquefort-la-B\u00e9doule.\u00a0<\/p>\n<p>Le petit avion, qui effectuait un vol \u00ab dans la r\u00e9gion \u00bb, se serait crash\u00e9 \u00ab a priori \u00e0 cause des conditions m\u00e9t\u00e9orologiques \u00bb, a-t-on appris d&rsquo;une source proche du dossier. Aucune habitation n&rsquo;a \u00e9t\u00e9 touch\u00e9e, ont pr\u00e9cis\u00e9 les pompiers.<\/p>\n","protected":false},"excerpt":{"rendered":"Un homme est mort et deux ont \u00e9t\u00e9 bless\u00e9s dans le crash d&rsquo;un petit avion samedi apr\u00e8s-midi sur&hellip;\n","protected":false},"author":2,"featured_media":505206,"comment_status":"","ping_status":"","sticky":false,"template":"","format":"standard","meta":{"footnotes":""},"categories":[2814],"tags":[119,1111,11,1777,674,274,107,1011,27,329,884,12,882,25],"class_list":{"0":"post-505205","1":"post","2":"type-post","3":"status-publish","4":"format-standard","5":"has-post-thumbnail","7":"category-marseille","8":"tag-accident","9":"tag-actu","10":"tag-actualites","11":"tag-eu","12":"tag-europe","13":"tag-faits-divers-justice","14":"tag-fil-info","15":"tag-fr","16":"tag-france","17":"tag-france-monde","18":"tag-marseille","19":"tag-news","20":"tag-provence-alpes-cote-dazur","21":"tag-republique-francaise"},"share_on_mastodon":{"url":"https:\/\/pubeurope.com\/@fr\/115476081188238475","error":""},"_links":{"self":[{"href":"https:\/\/www.europesays.com\/fr\/wp-json\/wp\/v2\/posts\/505205","targetHints":{"allow":["GET"]}}],"collection":[{"href":"https:\/\/www.europesays.com\/fr\/wp-json\/wp\/v2\/posts"}],"about":[{"href":"https:\/\/www.europesays.com\/fr\/wp-json\/wp\/v2\/types\/post"}],"author":[{"embeddable":true,"href":"https:\/\/www.europesays.com\/fr\/wp-json\/wp\/v2\/users\/2"}],"replies":[{"embeddable":true,"href":"https:\/\/www.europesays.com\/fr\/wp-json\/wp\/v2\/comments?post=505205"}],"version-history":[{"count":0,"href":"https:\/\/www.europesays.com\/fr\/wp-json\/wp\/v2\/posts\/505205\/revisions"}],"wp:featuredmedia":[{"embeddable":true,"href":"https:\/\/www.europesays.com\/fr\/wp-json\/wp\/v2\/media\/505206"}],"wp:attachment":[{"href":"https:\/\/www.europesays.com\/fr\/wp-json\/wp\/v2\/media?parent=505205"}],"wp:term":[{"taxonomy":"category","embeddable":true,"href":"https:\/\/www.europesays.com\/fr\/wp-json\/wp\/v2\/categories?post=505205"},{"taxonomy":"post_tag","embeddable":true,"href":"https:\/\/www.europesays.com\/fr\/wp-json\/wp\/v2\/tags?post=505205"}],"curies":[{"name":"wp","href":"https:\/\/api.w.org\/{rel}","templated":true}]}}