{"id":505209,"date":"2025-11-01T19:26:18","date_gmt":"2025-11-01T19:26:18","guid":{"rendered":"https:\/\/www.europesays.com\/fr\/505209\/"},"modified":"2025-11-01T19:26:18","modified_gmt":"2025-11-01T19:26:18","slug":"une-enfant-de-2-ans-ecrasee-par-un-tracteur-conduit-par-un-proche","status":"publish","type":"post","link":"https:\/\/www.europesays.com\/fr\/505209\/","title":{"rendered":"une enfant de 2 ans \u00e9cras\u00e9e par un tracteur conduit par un proche"},"content":{"rendered":"<p itemprop=\"description\"><strong>Ce vendredi, la r\u00e9union de famille \u00e0 Saint-Julien-sur-Bibost a vir\u00e9 au cauchemar.<\/strong><\/p>\n<p>Dans des circonstances encore floues, un homme a r\u00e9alis\u00e9 une manoeuvre avec un tracteur et a accidentellement percut\u00e9 une enfant de 2 ans, qui faisait partie de son entourage familial.<\/p>\n<p>Malgr\u00e9 l&rsquo;intervention des secours dans la commune rhodanienne, la fillette est d\u00e9c\u00e9d\u00e9e sur place.<\/p>\n<p>La gendarmerie a pris le relais et a auditionn\u00e9 le conducteur du tracteur et ses proches. L&rsquo;enqu\u00eate se poursuit.<\/p>\n","protected":false},"excerpt":{"rendered":"Ce vendredi, la r\u00e9union de famille \u00e0 Saint-Julien-sur-Bibost a vir\u00e9 au cauchemar. Dans des circonstances encore floues, un&hellip;\n","protected":false},"author":2,"featured_media":505210,"comment_status":"","ping_status":"","sticky":false,"template":"","format":"standard","meta":{"footnotes":""},"categories":[1889],"tags":[1111,11,2813,2190,2430,1109,251,1112,2811,1777,674,118,1011,27,1922,1110,1114,2428,2810,12,241,316,25,2812,517,800],"class_list":{"0":"post-505209","1":"post","2":"type-post","3":"status-publish","4":"format-standard","5":"has-post-thumbnail","7":"category-lyon","8":"tag-actu","9":"tag-actualites","10":"tag-article","11":"tag-asvel","12":"tag-auvergne-rhone-alpes","13":"tag-breves","14":"tag-culture","15":"tag-depeches","16":"tag-economique","17":"tag-eu","18":"tag-europe","19":"tag-faits-divers","20":"tag-fr","21":"tag-france","22":"tag-info","23":"tag-informations","24":"tag-infos","25":"tag-lyon","26":"tag-lyonmag","27":"tag-news","28":"tag-ol","29":"tag-politique","30":"tag-republique-francaise","31":"tag-sociale","32":"tag-sport","33":"tag-transports"},"share_on_mastodon":{"url":"https:\/\/pubeurope.com\/@fr\/115476089027735759","error":""},"_links":{"self":[{"href":"https:\/\/www.europesays.com\/fr\/wp-json\/wp\/v2\/posts\/505209","targetHints":{"allow":["GET"]}}],"collection":[{"href":"https:\/\/www.europesays.com\/fr\/wp-json\/wp\/v2\/posts"}],"about":[{"href":"https:\/\/www.europesays.com\/fr\/wp-json\/wp\/v2\/types\/post"}],"author":[{"embeddable":true,"href":"https:\/\/www.europesays.com\/fr\/wp-json\/wp\/v2\/users\/2"}],"replies":[{"embeddable":true,"href":"https:\/\/www.europesays.com\/fr\/wp-json\/wp\/v2\/comments?post=505209"}],"version-history":[{"count":0,"href":"https:\/\/www.europesays.com\/fr\/wp-json\/wp\/v2\/posts\/505209\/revisions"}],"wp:featuredmedia":[{"embeddable":true,"href":"https:\/\/www.europesays.com\/fr\/wp-json\/wp\/v2\/media\/505210"}],"wp:attachment":[{"href":"https:\/\/www.europesays.com\/fr\/wp-json\/wp\/v2\/media?parent=505209"}],"wp:term":[{"taxonomy":"category","embeddable":true,"href":"https:\/\/www.europesays.com\/fr\/wp-json\/wp\/v2\/categories?post=505209"},{"taxonomy":"post_tag","embeddable":true,"href":"https:\/\/www.europesays.com\/fr\/wp-json\/wp\/v2\/tags?post=505209"}],"curies":[{"name":"wp","href":"https:\/\/api.w.org\/{rel}","templated":true}]}}