{"id":505213,"date":"2025-11-01T19:29:15","date_gmt":"2025-11-01T19:29:15","guid":{"rendered":"https:\/\/www.europesays.com\/fr\/505213\/"},"modified":"2025-11-01T19:29:15","modified_gmt":"2025-11-01T19:29:15","slug":"ile-de-france-le-ministere-de-leducation-chiffre-officiellement-le-manque-dassistants-handicap","status":"publish","type":"post","link":"https:\/\/www.europesays.com\/fr\/505213\/","title":{"rendered":"Ile-de-France\u00a0: le minist\u00e8re de l&rsquo;Education chiffre officiellement le manque d&rsquo;assistants handicap"},"content":{"rendered":"\n<p>Au niveau national, il y a toutefois pire que l\u2019Ile-de-France. Dans l\u2019acad\u00e9mie d\u2019Aix-Marseille, plus de 33% des besoins n\u2019\u00e9taient pas couverts \u00e0 la rentr\u00e9e, contre 22,1% dans celle de Cr\u00e9teil ou 21,3% dans celle de Versailles.<\/p>\n<p>Ces chiffres de la p\u00e9nurie,<a href=\"https:\/\/94.citoyens.com\/2025\/greve-pour-obtenir-des-assistants-handicap-a-la-maternelle-joliot-curie-de-champigny-sur-marne,01-09-2025.html\" target=\"_blank\" rel=\"noopener\"> d\u00e9nonc\u00e9e \u00e0 longueur d\u2019ann\u00e9e par les parents d\u2019\u00e9l\u00e8ves et enseignants<\/a>, au<a href=\"https:\/\/94.citoyens.com\/2023\/accompagnement-du-handicap-a-lecole-une-mere-deleve-gagne-en-justice-a-rosny-sous-bois,11-01-2023.html\" target=\"_blank\" rel=\"noopener\"> point d\u2019aller parfois en justice<\/a>, c\u2019est la Direction g\u00e9n\u00e9rale de l\u2019enseignement scolaire (Dgesco) au minist\u00e8re de l\u2019Education nationale, qui les a fournis \u00e0 la <a href=\"https:\/\/www.assemblee-nationale.fr\/dyn\/17\/organes\/autres-commissions\/commissions-enquete\/ce-defaillances-prise-en-charge-sante-mentale-handicap\" target=\"_blank\" rel=\"noopener\">commission d\u2019enqu\u00eate parlementaire sur les d\u00e9faillances de prises en charge du handicap et de la sant\u00e9 mentale.<\/a><\/p>\n<p>Au total en France, 48 726 \u00e9l\u00e8ves en situation de handicap \u00e9taient sans accompagnement \u00e0 la rentr\u00e9e 2025. Le pire taux se trouve  dans les Bouches-du-Rh\u00f4ne, o\u00f9 6 949 \u00e9l\u00e8ves sont en attente (sur 16 064 notifi\u00e9s), soit 43,3% des \u00e9l\u00e8ves porteurs de handicap, d\u00fbment notifi\u00e9s par la MDPH (Maison d\u00e9partementale du handicap) comme devant \u00eatre accompagn\u00e9s, selon ces chiffres, <a href=\"https:\/\/www.lemonde.fr\/education\/article\/2025\/10\/31\/ecole-inclusive-les-chiffres-du-manque-d-aesh-revelent-de-fortes-disparites-territoriales_6650575_1473685.html\" target=\"_blank\" rel=\"noopener\">cit\u00e9s par Le Monde<\/a>.<\/p>\n<p>Lors d\u2019une audition du ministre de l\u2019Education, Edouard Geffray, le rapporteur de cette commission, le d\u00e9put\u00e9 socialiste S\u00e9bastien Saint-Pasteur, a not\u00e9 \u201cdes disparit\u00e9s entre acad\u00e9mies (\u2026) assez vertigineuses\u201d, comparant les acad\u00e9mies d\u2019Aix-Marseille et de Bordeaux, o\u00f9 seuls 2,95% des besoins ne sont pas pourvus (528 \u00e9l\u00e8ves en attente sur 17 893).<\/p>\n<p>3000 \u00e9l\u00e8ves en attente en Val-de-Marne, 1 500 en Seine-Saint-Denis<\/p>\n<p>Dans l\u2019acad\u00e9mie de Cr\u00e9teil, qui couvre les trois d\u00e9partements de l\u2019est parisien (Val-de-Marne, Seine-Saint-Denis et Seine-et-Marne), ce sont 6 210 \u00e9l\u00e8ves qui sont en attente sur 28 097 notifi\u00e9s, soit un taux de 22,1%. A l\u2019ouest, dans l\u2019acad\u00e9mie de Versailles (Hauts-de-Seine, Yvelines et Essonne),   ils sont 5 697 sur 26 786, soit un taux de 21,3%. Mais, au sein m\u00eame de ces acad\u00e9mies, les taux de carence diff\u00e8rent. Il se monte ainsi \u00e0 36,9% dans le Val-de-Marne ou 29,1% dans l\u2019Essonne. En valeur absolue, chiffre Le Monde, \u201cles six d\u00e9partements comptant le plus d\u2019enfants en situation de handicap laiss\u00e9s pour compte\u201d se situent en Ile-de-France. Le Val-de-Marne est en t\u00eate avec plus de 3\u00a0000\u00a0\u00e9l\u00e8ves en attente. Suit l\u2019Essonne avec 2\u00a0300 et le Val-d\u2019Oise avec 2\u00a0000). La Seine-Saint-Denis, Paris et la Seine-et-Marne ont chacun environ 1 500 \u00e9l\u00e8ves en attente d\u2019un accompagnement.<\/p>\n<p>Hausse spectaculaire des \u00e9l\u00e8ves non accompagn\u00e9s entre 2024 et 2025<\/p>\n<p>Interrog\u00e9 sur ces chiffres, Edouard Geffray a confirm\u00e9 que le nombre d\u2019\u00e9l\u00e8ves sans accompagnement \u00e0 la rentr\u00e9e \u00e9tait \u201cde l\u2019ordre de 50 000\u201d (contre 36 186 l\u2019an dernier), (NDLR : soit une hausse de 38%) tout en pr\u00e9cisant qu\u2019au moment des vacances de la Toussaint, il \u00e9tait \u201caux alentours de 42 000 (soit une hausse de 16%)\u201d. Un ph\u00e9nom\u00e8ne \u201c\u00e9videmment massif\u201d, a reconnu le ministre.<\/p>\n<p>Travail avec les recteurs d\u00e8s la rentr\u00e9e pour lisser les disparit\u00e9s<\/p>\n<p>Concernant les disparit\u00e9s entre acad\u00e9mies, il a promis de \u201cv\u00e9rifier attentivement\u201d les chiffres. Mais \u201csi ces \u00e9carts sont effectivement confirm\u00e9s, que ce n\u2019est pas un probl\u00e8me de remont\u00e9es statistiques mais que c\u2019est un probl\u00e8me de faits, \u00e7a veut probablement dire qu\u2019il y a des enjeux d\u2019organisation qui sont \u00e0 reprendre en partageant de meilleures pratiques\u201d, a-t-il dit.<\/p>\n<p>\u201cCes disparit\u00e9s ne peuvent pas demeurer\u201d, a ajout\u00e9 celui qui entend \u201cd\u00e8s le d\u00e9but de la semaine prochaine travailler avec les recteurs\u201d sur le sujet.<\/p>\n<p><a href=\"https:\/\/94.citoyens.com\/theme\/aesh\" target=\"_blank\" rel=\"noopener\">Voir tous nos articles sur les AESH<\/a><\/p>\n<p>Lire aussi :<\/p>\n<\/p><\/p>\n","protected":false},"excerpt":{"rendered":"Au niveau national, il y a toutefois pire que l\u2019Ile-de-France. Dans l\u2019acad\u00e9mie d\u2019Aix-Marseille, plus de 33% des besoins&hellip;\n","protected":false},"author":2,"featured_media":505214,"comment_status":"","ping_status":"","sticky":false,"template":"","format":"standard","meta":{"footnotes":""},"categories":[1592],"tags":[49209,62676,62677,1111,11,30198,14770,4298,14772,1057,1126,11271,1936,14774,1777,674,1011,27,1943,3314,662,303,42271,41634,5759,12,62678,55761,626,50042,25,30223,71,2072,1937,1945,10920,1938],"class_list":{"0":"post-505213","1":"post","2":"type-post","3":"status-publish","4":"format-standard","5":"has-post-thumbnail","7":"category-ile-de-france","8":"tag-academie-de-creteil","9":"tag-academie-de-versailles","10":"tag-accompagnants-deleves-en-situation-de-handicap","11":"tag-actu","12":"tag-actualites","13":"tag-aesh","14":"tag-champigny-sur-marne","15":"tag-chiffres","16":"tag-creteil","17":"tag-education","18":"tag-education-nationale","19":"tag-enseignants","20":"tag-essonne","21":"tag-est-parisien-2","22":"tag-eu","23":"tag-europe","24":"tag-fr","25":"tag-france","26":"tag-handicap","27":"tag-hauts-de-seine","28":"tag-ile-de-france","29":"tag-justice","30":"tag-mdph","31":"tag-ministere-de-leducation","32":"tag-ministere-de-leducation-nationale","33":"tag-news","34":"tag-parents-deleves","35":"tag-parents-deleve","36":"tag-paris","37":"tag-rentree-des-classes","38":"tag-republique-francaise","39":"tag-rosny-sous-bois","40":"tag-sante","41":"tag-sante-mentale","42":"tag-seine-et-marne","43":"tag-seine-saint-denis","44":"tag-vacances-de-la-toussaint","45":"tag-yvelines"},"share_on_mastodon":{"url":"","error":"Validation failed: Text character limit of 500 exceeded"},"_links":{"self":[{"href":"https:\/\/www.europesays.com\/fr\/wp-json\/wp\/v2\/posts\/505213","targetHints":{"allow":["GET"]}}],"collection":[{"href":"https:\/\/www.europesays.com\/fr\/wp-json\/wp\/v2\/posts"}],"about":[{"href":"https:\/\/www.europesays.com\/fr\/wp-json\/wp\/v2\/types\/post"}],"author":[{"embeddable":true,"href":"https:\/\/www.europesays.com\/fr\/wp-json\/wp\/v2\/users\/2"}],"replies":[{"embeddable":true,"href":"https:\/\/www.europesays.com\/fr\/wp-json\/wp\/v2\/comments?post=505213"}],"version-history":[{"count":0,"href":"https:\/\/www.europesays.com\/fr\/wp-json\/wp\/v2\/posts\/505213\/revisions"}],"wp:featuredmedia":[{"embeddable":true,"href":"https:\/\/www.europesays.com\/fr\/wp-json\/wp\/v2\/media\/505214"}],"wp:attachment":[{"href":"https:\/\/www.europesays.com\/fr\/wp-json\/wp\/v2\/media?parent=505213"}],"wp:term":[{"taxonomy":"category","embeddable":true,"href":"https:\/\/www.europesays.com\/fr\/wp-json\/wp\/v2\/categories?post=505213"},{"taxonomy":"post_tag","embeddable":true,"href":"https:\/\/www.europesays.com\/fr\/wp-json\/wp\/v2\/tags?post=505213"}],"curies":[{"name":"wp","href":"https:\/\/api.w.org\/{rel}","templated":true}]}}