{"id":505217,"date":"2025-11-01T19:32:18","date_gmt":"2025-11-01T19:32:18","guid":{"rendered":"https:\/\/www.europesays.com\/fr\/505217\/"},"modified":"2025-11-01T19:32:18","modified_gmt":"2025-11-01T19:32:18","slug":"paris-bat-nice-sur-le-fil-et-se-libere-dun-poids","status":"publish","type":"post","link":"https:\/\/www.europesays.com\/fr\/505217\/","title":{"rendered":"Paris bat Nice sur le fil et se lib\u00e8re d&rsquo;un poids"},"content":{"rendered":"<p class=\"mb-4 text-lg md:leading-8 break-words\">Longtemps emprunt\u00e9, le Paris SG a failli encha\u00eener un deuxi\u00e8me match nul d&rsquo;affil\u00e9e, samedi contre Nice au Parc des Princes, mais l&rsquo;a emport\u00e9 \u00e0 la derni\u00e8re seconde (1-0), s&rsquo;assurant la premi\u00e8re place de Ligue 1 avant de recevoir mardi le Bayern Munich.<\/p>\n<p class=\"mb-4 text-lg md:leading-8 break-words\">D\u00e9cid\u00e9ment, la venue de Nice en championnat n&rsquo;est jamais tranquille pour les Parisiens, battus en septembre 2023 (3-2) et en avril 2025 (3-1). Et le match nul qui s&rsquo;est longtemps dessin\u00e9 aurait encore frustr\u00e9 les Parisiens, qui souhaitaient enfin prendre leur revanche. Mais aussi tourner la page d&rsquo;un nul m\u00e9diocre \u00e0 Lorient mercredi (1-1), o\u00f9 de surcro\u00eet D\u00e9sir\u00e9 Dou\u00e9 s&rsquo;est bless\u00e9, et pr\u00e9parer id\u00e9alement la venue du Bayern en Ligue des champions.<\/p>\n<p class=\"mb-4 text-lg md:leading-8 break-words\">C&rsquo;est bien une victoire qu&rsquo;ils ont enregistr\u00e9 \u00e0 la 94e minute, \u00e9margeant d\u00e9sormais \u00e0 24 points, devant Monaco (20) et Marseille (19) qui jouent en soir\u00e9e.<\/p>\n<p class=\"mb-4 text-lg md:leading-8 break-words\">Le coup de t\u00eate de Gon\u00e7alo Ramos a eu un effet cathartique pour tout un club, un stade et m\u00eame pour le joueur, qui disputait l\u00e0 son centi\u00e8me match avec le PSG, souvent dans le r\u00f4le de rempla\u00e7ant de luxe.<\/p>\n<p class=\"mb-4 text-lg md:leading-8 break-words\">Yehvann Diouf venait de sortir une parade extraordinaire devant le Portugais, d\u00e9j\u00e0 sur un corner. Mais le num\u00e9ro 9, rentr\u00e9 quelques minutes auparavant, a profit\u00e9 cette fois du relais de la t\u00eate de Khvicha Kvaratskehlia pour tromper le gardien (90+4). A la baguette des deux corners, Lee Kang-in, lui aussi rentr\u00e9 en cours de match. La joie rageuse des joueurs et du staff en disaient long sur leur soulagement.<\/p>\n<p class=\"mb-4 text-lg md:leading-8 break-words\">Dommage pour Nice, qui aurait avec un nul au Parc soulign\u00e9 s&rsquo;il en \u00e9tait besoin l&rsquo;excellente tournure prise par l&rsquo;\u00e9quipe sous les ordres de Franck Haise, pour sa deuxi\u00e8me saison au club: les Azur\u00e9ens viennent de battre Lille, Lyon et Rennes et mis en \u00e9chec Monaco. Ils restent bloqu\u00e9s \u00e0 la 8e place avec 17 points.<\/p>\n<p class=\"mb-4 text-lg md:leading-8 break-words\">&#8211; Acc\u00e9l\u00e9ration &#8211;<\/p>\n<p class=\"mb-4 text-lg md:leading-8 break-words\">La rencontre a \u00e9t\u00e9 essentiellement un jeu d&rsquo;attaque-d\u00e9fense, avec \u00e9videmment le PSG dans le r\u00f4le offensif. Mais il s&rsquo;est cass\u00e9 les dents sur le bloc bas parfaitement mis en place et tenu par le \u00ab\u00a0Gym\u00a0\u00bb. Le premier tir parisien n&rsquo;est arriv\u00e9 qu&rsquo;\u00e0 la 15e minute, par Bradley Barcola, et il a \u00e9t\u00e9 inoffensif.<\/p>\n<p class=\"mb-4 text-lg md:leading-8 break-words\">Khvicha Kvaratskhelia a l&rsquo;instant d&rsquo;apr\u00e8s voulu y aller seul en slalomant sur le flanc droit, en vain, signe d&rsquo;une forme d&rsquo;impuissance. Une frappe au-dessus d&rsquo;Achraf Hakimi (36e), les tergiversations ou un tir au-dessus de Senny Mayulu (46e), titularis\u00e9 \u00e0 la place d&rsquo;Ousmane Demb\u00e9l\u00e9, pr\u00e9serv\u00e9 en vue de mardi, ou encore un tir trop mou et centr\u00e9 de Barcola (38e) ont symbolis\u00e9 les impr\u00e9cisions parisiennes.<\/p>\n<p class=\"mb-4 text-lg md:leading-8 break-words\">Le plan ni\u00e7ois \u00e9tait aussi de se projeter vite en contre mais sur cet aspect-l\u00e0, il a fait chou blanc, la faute au pressing parisien et \u00e0 une arri\u00e8re-garde Pacho-Zabarnyi vigilante. Seul un corner tr\u00e8s bien tir\u00e9 a g\u00ean\u00e9 la d\u00e9fense parisienne qui a eu du mal \u00e0 d\u00e9gager le ballon (30e). Beaucoup plus tard, Jeremie Boga r\u00e9alisera aussi un beau raid conclu par une frappe trop tendre (82e).<\/p>\n<p class=\"mb-4 text-lg md:leading-8 break-words\">Avec lors du dernier tiers la rentr\u00e9e de Fabian Ruiz, qui n&rsquo;avait plus jou\u00e9 depuis le 1er octobre, le jeu parisien s&rsquo;est acc\u00e9l\u00e9r\u00e9, avec notamment deux centres au cordeau de l&rsquo;Espagnol. Un tir de Vitinha vers la lucarne a oblig\u00e9 Yehvann Diouf \u00e0 se d\u00e9tendre parfaitement (68e).<\/p>\n<p class=\"mb-4 text-lg md:leading-8 break-words\">Et la rentr\u00e9e tr\u00e8s acclam\u00e9e d&rsquo;Ousmane Demb\u00e9l\u00e9 a achev\u00e9 de revigorer les supporters. Gon\u00e7alo Ramos, entr\u00e9 quelques minutes plus t\u00f4t, a failli les r\u00e9compenser rapidement avec une frappe en pivot qui a fr\u00f4l\u00e9 la lucarne (80e). Mais c&rsquo;est le spectre du pi\u00e8ge des deux derni\u00e8res d\u00e9faites au Parc contre Nice en Ligue 1 qui a ressurgi lorsque Salis Abdul Samed a plong\u00e9 dans le dos de la charni\u00e8re parisienne pour solliciter Lucas Chevalier (90e). A cet instant pr\u00e9cis, peut-\u00eatre, le PSG aurait sign\u00e9 pour un match nul&#8230; Cela aurait \u00e9t\u00e9 dommage pour lui, au vu du d\u00e9nouement.<\/p>\n<p class=\"mb-4 text-lg md:leading-8 break-words\">bap\/dar<\/p>\n","protected":false},"excerpt":{"rendered":"Longtemps emprunt\u00e9, le Paris SG a failli encha\u00eener un deuxi\u00e8me match nul d&rsquo;affil\u00e9e, samedi contre Nice au Parc&hellip;\n","protected":false},"author":2,"featured_media":505218,"comment_status":"","ping_status":"","sticky":false,"template":"","format":"standard","meta":{"footnotes":""},"categories":[1888],"tags":[1111,1928,11,1927,4782,9707,1777,674,14700,1011,27,13297,1307,1781,4668,2428,3127,12,1926,2334,626,1925,92,93,20338,584,25,45776,1615,13296,22572],"class_list":{"0":"post-505217","1":"post","2":"type-post","3":"status-publish","4":"format-standard","5":"has-post-thumbnail","7":"category-paris","8":"tag-actu","9":"tag-actu-paris","10":"tag-actualites","11":"tag-actualites-paris","12":"tag-bayern-munich","13":"tag-bradley-barcola","14":"tag-eu","15":"tag-europe","16":"tag-fabian-ruiz","17":"tag-fr","18":"tag-france","19":"tag-khvicha-kvaratskhelia","20":"tag-lille","21":"tag-lorient","22":"tag-lucas-chevalier","23":"tag-lyon","24":"tag-monaco","25":"tag-news","26":"tag-news-paris","27":"tag-parc-des-princes","28":"tag-paris","29":"tag-paris-news","30":"tag-paris-sg","31":"tag-psg","32":"tag-ramos","33":"tag-rennes","34":"tag-republique-francaise","35":"tag-salis-abdul-samed","36":"tag-senny-mayulu","37":"tag-vitinha","38":"tag-yehvann-diouf"},"share_on_mastodon":{"url":"https:\/\/pubeurope.com\/@fr\/115476112535111394","error":""},"_links":{"self":[{"href":"https:\/\/www.europesays.com\/fr\/wp-json\/wp\/v2\/posts\/505217","targetHints":{"allow":["GET"]}}],"collection":[{"href":"https:\/\/www.europesays.com\/fr\/wp-json\/wp\/v2\/posts"}],"about":[{"href":"https:\/\/www.europesays.com\/fr\/wp-json\/wp\/v2\/types\/post"}],"author":[{"embeddable":true,"href":"https:\/\/www.europesays.com\/fr\/wp-json\/wp\/v2\/users\/2"}],"replies":[{"embeddable":true,"href":"https:\/\/www.europesays.com\/fr\/wp-json\/wp\/v2\/comments?post=505217"}],"version-history":[{"count":0,"href":"https:\/\/www.europesays.com\/fr\/wp-json\/wp\/v2\/posts\/505217\/revisions"}],"wp:featuredmedia":[{"embeddable":true,"href":"https:\/\/www.europesays.com\/fr\/wp-json\/wp\/v2\/media\/505218"}],"wp:attachment":[{"href":"https:\/\/www.europesays.com\/fr\/wp-json\/wp\/v2\/media?parent=505217"}],"wp:term":[{"taxonomy":"category","embeddable":true,"href":"https:\/\/www.europesays.com\/fr\/wp-json\/wp\/v2\/categories?post=505217"},{"taxonomy":"post_tag","embeddable":true,"href":"https:\/\/www.europesays.com\/fr\/wp-json\/wp\/v2\/tags?post=505217"}],"curies":[{"name":"wp","href":"https:\/\/api.w.org\/{rel}","templated":true}]}}