{"id":505227,"date":"2025-11-01T19:38:17","date_gmt":"2025-11-01T19:38:17","guid":{"rendered":"https:\/\/www.europesays.com\/fr\/505227\/"},"modified":"2025-11-01T19:38:17","modified_gmt":"2025-11-01T19:38:17","slug":"apple-croque-les-droits-de-diffusion-de-la-formule-1-aux-etats-unis","status":"publish","type":"post","link":"https:\/\/www.europesays.com\/fr\/505227\/","title":{"rendered":"Apple croque les droits de diffusion de la Formule 1 aux \u00c9tats-Unis"},"content":{"rendered":"<p xmlns=\"\" class=\"article_paragraphe\">Ce n\u2019est pas le braquage du si\u00e8cle, mais le film <a class=\"article_lien\" onclick=\"return xt_click(this, &#039;C&#039;,xtn2,id_context+&#039;::&#039;+id_page+&#039;::CoeurArticle_Lien_XTC&#039;, &#039;N&#039;);\" href=\"https:\/\/www.caradisiac.com\/f1-avec-brad-pitt-des-images-en-pole-position-un-scenario-en-fond-de-grille-216471.htm\" rel=\"nofollow noopener\" target=\"_blank\">F1<\/a>, dans lequel Apple a inject\u00e9 150\u00a0millions de dollars, pour un budget total de 300\u00a0millions, en d\u00e9j\u00e0 a rapport\u00e9 le double. La pomme s\u2019y retrouve donc et ce succ\u00e8s public semble lui donner des ailes. Alors le roi de l\u2019Iphone r\u00eave de cin\u00e9ma, mais aussi de <a class=\"article_lien\" onclick=\"return xt_click(this, &#039;C&#039;,xtn2,id_context+&#039;::&#039;+id_page+&#039;::CoeurArticle_Lien_XTC&#039;, &#039;N&#039;);\" href=\"https:\/\/www.caradisiac.com\/actualite--sport-auto--formule-1\/\" rel=\"nofollow noopener\" target=\"_blank\">Formule 1<\/a>, et pas seulement sur le grand \u00e9cran.<\/p>\n<p xmlns=\"\" class=\"article_paragraphe\">Le septi\u00e8me art, Apple s\u2019en est empar\u00e9 depuis quelques ann\u00e9es d\u00e9j\u00e0, avec des succ\u00e8s mitig\u00e9s. Si certains films que la firme a coproduits ont honorablement r\u00e9ussi, comme <a class=\"article_lien\" onclick=\"return xt_click(this, &#039;C&#039;,xtn2,id_context+&#039;::&#039;+id_page+&#039;::CoeurArticle_Lien_XTC&#039;, &#039;N&#039;);\" href=\"https:\/\/www.youtube.com\/watch?v=CFkGF6qVOp8\" target=\"_blank\" rel=\"nofollow noopener\">Killers of the flower moon<\/a> de Martin Scorsese ou le <a class=\"article_lien\" onclick=\"return xt_click(this, &#039;C&#039;,xtn2,id_context+&#039;::&#039;+id_page+&#039;::CoeurArticle_Lien_XTC&#039;, &#039;N&#039;);\" href=\"https:\/\/www.youtube.com\/watch?v=A3xaMZZooVs\" target=\"_blank\" rel=\"nofollow noopener\">Napoleon<\/a> de Ridley Scott avec Joaquin Phoenix, d\u2019autres ont essuy\u00e9 de s\u00e9v\u00e8res revers.<\/p>\n<p>Le film F1 tourn\u00e9 \u00e0 l\u2019Iphone\u00a0?<\/p>\n<p xmlns=\"\" class=\"article_paragraphe\"><strong class=\"article_bold\">C\u2019est bien s\u00fbr, et en premier lieu, pour nourrir sa plateforme Apple TV que le g\u00e9ant de Cuppertino s\u2019improvise producteur de cin\u00e9ma, <\/strong>mais si les films financ\u00e9s pouvaient, en plus, rapporter quelques subsides en salles, Tim Cook le boss, ne s\u2019y opposerait pas. Et si, de surcro\u00eet, les produits qu\u2019il fabrique sont mis en valeur, c\u2019est encore mieux.<\/p>\n<p xmlns=\"\" class=\"article_paragraphe\">C\u2019est ainsi qu\u2019Apple a trouss\u00e9 une l\u00e9gende selon laquelle F1 aurait \u00e9t\u00e9, en partie, tourn\u00e9 au smartphone. Mais il est inutile de tenter de reproduire les sc\u00e8nes film\u00e9es en cam\u00e9ra embarqu\u00e9es avec son iPhone, m\u00eame si c\u2019est un 17 Pro, au volant de sa Clio. <strong class=\"article_bold\">Seuls quelques \u00e9l\u00e9ments de la cam\u00e9ra du t\u00e9l\u00e9phone ont \u00e9t\u00e9 utilis\u00e9s pour d\u00e9velopper les appareils sp\u00e9cialement cr\u00e9\u00e9s pour le film, et dont les r\u00e9sultats sont effectivement bluffants.<\/strong><\/p>\n<p xmlns=\"\" class=\"article_paragraphe\">Apple va donc multiplier les productions de films, mais pas que. Avec un b\u00e9n\u00e9fice qui devrait d\u00e9passer les 100\u00a0milliards de dollars cette ann\u00e9e, la firme peut s\u2019offrir quelques extras. C\u2019est ainsi qu\u2019elle vient de se payer les droits de diffusion de la F1 aux \u00c9tats-Unis. C\u2019est un vieux r\u00eave qui remonte \u00e0 2016, m\u00eame si \u00e0 l\u2019\u00e9poque, la <a class=\"article_lien\" onclick=\"return xt_click(this, &#039;C&#039;,xtn2,id_context+&#039;::&#039;+id_page+&#039;::CoeurArticle_Lien_XTC&#039;, &#039;N&#039;);\" href=\"https:\/\/www.caradisiac.com\/apple-futur-patron-de-la-formule-1-109182.htm\" rel=\"nofollow noopener\" target=\"_blank\">rumeur<\/a> soutenait qu\u2019Apple voulait s\u2019offrir l\u2019ensemble du barnum mondial de la discipline reine, de l\u2019organisation aux droits t\u00e9l\u00e9.<\/p>\n<p xmlns=\"\" class=\"article_paragraphe\">Ses ambitions ont quelque peu \u00e9t\u00e9 revues \u00e0 la baisse depuis, m\u00eame si <strong class=\"article_bold\">le prix de cette diffusion pour les seuls US atteint 150\u00a0millions de dollars par an<\/strong>. Mais outre l\u2019espoir de faire une bonne affaire, la pomme est satisfaite d\u2019avoir soutir\u00e9 ces droits au nez et \u00e0 la barbe de <strong class=\"article_bold\">son vieil ennemi Disney qui les d\u00e9tenaient depuis des ann\u00e9es en ne payant \u00ab\u00a0que\u00a0\u00bb 85\u00a0millions de dollars. <\/strong>Car l\u2019engouement r\u00e9cent du pays de la Nascar pour la discipline reine, notamment gr\u00e2ce au succ\u00e8s de la s\u00e9rie documentaire <a class=\"article_lien\" onclick=\"return xt_click(this, &#039;C&#039;,xtn2,id_context+&#039;::&#039;+id_page+&#039;::CoeurArticle_Lien_XTC&#039;, &#039;N&#039;);\" href=\"https:\/\/www.caradisiac.com\/route-de-nuit-et-si-netflix-avait-sauve-la-formule-1-189655.htm\" rel=\"nofollow noopener\" target=\"_blank\">Formula 1\u00a0: drive to survive<\/a> de Netflix, ont fait monter les ench\u00e8res.<\/p>\n<p>Canal +\u00a0d\u00e9passe Apple, mais en France seulement<\/p>\n<p xmlns=\"\" class=\"article_paragraphe\">Apple TV devient donc la nouvelle cha\u00eene am\u00e9ricaine de la F1, avec la retransmission des grands prix en direct, et le film F1 en exclusivit\u00e9. Mais si cette exclu pour le film est effective aux US, il n\u2019en va pas de m\u00eame chez nous. Non seulement <strong class=\"article_bold\">Canal d\u00e9tient toujours les droits de diffusion des courses pour la France, mais en plus, la cha\u00eene crypt\u00e9e va ravir le film F1 \u00e0 Apple, du moins dans un premier temps.<\/strong><\/p>\n<p xmlns=\"\" class=\"article_paragraphe\">C\u2019est une simple question de l\u00e9gislation hexagonale. <strong class=\"article_bold\">Canal a l\u2019autorisation de diffusion des films six mois apr\u00e8s leur sortie en salle, en \u00e9change du versement d\u2019aides \u00e0 la production de films fran\u00e7ais. Les plateformes, quant \u00e0 elle, doivent attendre 9 mois pour les programmer<\/strong>. Ironie du sort\u00a0: Apple qui a coproduit F1 se voit d\u00e9passer par Canal qui en profite pour diffuser le film d\u00e8s No\u00ebl. La pomme n\u2019a plus qu\u2019\u00e0 attendre le printemps<\/p>\n","protected":false},"excerpt":{"rendered":"Ce n\u2019est pas le braquage du si\u00e8cle, mais le film F1, dans lequel Apple a inject\u00e9 150\u00a0millions de&hellip;\n","protected":false},"author":2,"featured_media":505228,"comment_status":"","ping_status":"","sticky":false,"template":"","format":"standard","meta":{"footnotes":""},"categories":[1589],"tags":[11,73,1866,12,1864,1865,1863,308],"class_list":{"0":"post-505227","1":"post","2":"type-post","3":"status-publish","4":"format-standard","5":"has-post-thumbnail","7":"category-etats-unis","8":"tag-actualites","9":"tag-etats-unis","10":"tag-etats-unis-damerique","11":"tag-news","12":"tag-united-states","13":"tag-united-states-of-america","14":"tag-us","15":"tag-usa"},"share_on_mastodon":{"url":"https:\/\/pubeurope.com\/@fr\/115476136259500137","error":""},"_links":{"self":[{"href":"https:\/\/www.europesays.com\/fr\/wp-json\/wp\/v2\/posts\/505227","targetHints":{"allow":["GET"]}}],"collection":[{"href":"https:\/\/www.europesays.com\/fr\/wp-json\/wp\/v2\/posts"}],"about":[{"href":"https:\/\/www.europesays.com\/fr\/wp-json\/wp\/v2\/types\/post"}],"author":[{"embeddable":true,"href":"https:\/\/www.europesays.com\/fr\/wp-json\/wp\/v2\/users\/2"}],"replies":[{"embeddable":true,"href":"https:\/\/www.europesays.com\/fr\/wp-json\/wp\/v2\/comments?post=505227"}],"version-history":[{"count":0,"href":"https:\/\/www.europesays.com\/fr\/wp-json\/wp\/v2\/posts\/505227\/revisions"}],"wp:featuredmedia":[{"embeddable":true,"href":"https:\/\/www.europesays.com\/fr\/wp-json\/wp\/v2\/media\/505228"}],"wp:attachment":[{"href":"https:\/\/www.europesays.com\/fr\/wp-json\/wp\/v2\/media?parent=505227"}],"wp:term":[{"taxonomy":"category","embeddable":true,"href":"https:\/\/www.europesays.com\/fr\/wp-json\/wp\/v2\/categories?post=505227"},{"taxonomy":"post_tag","embeddable":true,"href":"https:\/\/www.europesays.com\/fr\/wp-json\/wp\/v2\/tags?post=505227"}],"curies":[{"name":"wp","href":"https:\/\/api.w.org\/{rel}","templated":true}]}}