{"id":50523,"date":"2025-04-25T01:00:08","date_gmt":"2025-04-25T01:00:08","guid":{"rendered":"https:\/\/www.europesays.com\/fr\/50523\/"},"modified":"2025-04-25T01:00:08","modified_gmt":"2025-04-25T01:00:08","slug":"une-jeune-femme-placee-en-garde-a-vue-2","status":"publish","type":"post","link":"https:\/\/www.europesays.com\/fr\/50523\/","title":{"rendered":"Une jeune femme plac\u00e9e en garde \u00e0 vue"},"content":{"rendered":"<p>L\u2019affaire a choqu\u00e9 tout un quartier. <a href=\"https:\/\/www.20minutes.fr\/nantes\/4149722-20250422-nantes-bebe-retrouve-wc-publics-enquete-ouverte\" target=\"_blank\" class=\"color-ultramarine c-link\" rel=\"noopener\">Un nouveau-n\u00e9, encore vivant, a \u00e9t\u00e9 retrouv\u00e9 lundi dans les toilettes publiques<\/a> de la place du Vieux-Doulon, \u00e0 <a href=\"https:\/\/www.20minutes.fr\/nantes\/\" target=\"_blank\" class=\"color-ultramarine c-link\" rel=\"noopener\">Nantes<\/a>. Trois jours plus tard, une femme de 28 ans, affirmant \u00eatre la m\u00e8re de l\u2019enfant, a \u00e9t\u00e9 plac\u00e9e en garde \u00e0 vue pour \u00ab\u00a0d\u00e9laissement de mineur\u00a0\u00bb, rapporte <a href=\"https:\/\/www.ouest-france.fr\/societe\/bebe-decouvert-dans-des-toilettes-a-nantes-une-femme-de-28-ans-en-garde-a-vue-b3c989e4-20e8-11f0-87cd-08a4dcb5c93e\" rel=\"nofollow noopener\" target=\"_blank\" class=\"color-ultramarine c-link\">Ouest-France<\/a>.<\/p>\n<p>La jeune femme s\u2019est rendue d\u2019elle-m\u00eame au commissariat central de Nantes mercredi 23\u00a0avril \u00e0 17h15, apr\u00e8s avoir \u00e9t\u00e9 identifi\u00e9e gr\u00e2ce aux investigations men\u00e9es par la <a href=\"https:\/\/www.20minutes.fr\/dossier\/police\" target=\"_blank\" class=\"color-ultramarine c-link\" rel=\"noopener\">police<\/a>\u00a0: exploitation des cam\u00e9ras de vid\u00e9osurveillance, auditions de commer\u00e7ants du quartier et recoupements <a href=\"https:\/\/www.20minutes.fr\/dossier\/adn\" target=\"_blank\" class=\"color-ultramarine c-link\" rel=\"noopener\">ADN<\/a> et t\u00e9l\u00e9phoniques ont permis aux enqu\u00eateurs d\u2019orienter leurs recherches.<\/p>\n<\/p>\n<p>La fillette \u00ab\u00a0venait \u00e0 l\u2019\u00e9vidence de na\u00eetre\u00a0\u00bb<\/p>\n<p>Dans un communiqu\u00e9 diffus\u00e9 mardi 22\u00a0avril, le procureur de la R\u00e9publique de Nantes, Antoine Leroy, avait pr\u00e9cis\u00e9 que la fillette \u00ab\u00a0venait \u00e0 l\u2019\u00e9vidence de na\u00eetre\u00a0\u00bb et avait \u00e9t\u00e9 retrouv\u00e9e \u00ab\u00a0face contre le lavabo\u00a0\u00bb. L\u00e9g\u00e8rement en hypothermie au moment de sa d\u00e9couverte, elle a \u00e9t\u00e9 imm\u00e9diatement prise en charge par le Samu et transf\u00e9r\u00e9e aux urgences. Ses jours ne sont pas en danger.<\/p>\n<p><a href=\"https:\/\/www.20minutes.fr\/nantes\/\" target=\"_blank\" class=\"c-link c-btn c-btn--primary\" rel=\"noopener\">Toute l&rsquo;actualit\u00e9 de Nantes et sa r\u00e9gion<\/a><\/p>\n<p>Initialement, le parquet avait ouvert une enqu\u00eate pour \u00ab\u00a0tentative d\u2019homicide\u00a0\u00bb, en raison du risque \u00e9lev\u00e9 que le nourrisson \u00ab\u00a0ait pu ne pas \u00eatre d\u00e9couvert \u00e0 temps\u00a0\u00bb, expliquait le procureur. Ce chef d\u2019accusation a \u00e9t\u00e9 requalifi\u00e9 en \u00ab\u00a0d\u00e9laissement de mineur\u00a0\u00bb apr\u00e8s l\u2019identification de la m\u00e8re pr\u00e9sum\u00e9e. L\u2019enqu\u00eate se poursuit.<\/p>\n","protected":false},"excerpt":{"rendered":"L\u2019affaire a choqu\u00e9 tout un quartier. Un nouveau-n\u00e9, encore vivant, a \u00e9t\u00e9 retrouv\u00e9 lundi dans les toilettes publiques&hellip;\n","protected":false},"author":2,"featured_media":50524,"comment_status":"","ping_status":"","sticky":false,"template":"","format":"standard","meta":{"footnotes":""},"categories":[2818],"tags":[14323,1111,47,11,3493,1777,674,118,1011,27,303,3047,766,12,2636,3764,25,14322],"class_list":{"0":"post-50523","1":"post","2":"type-post","3":"status-publish","4":"format-standard","5":"has-post-thumbnail","7":"category-nantes","8":"tag-abandon","9":"tag-actu","10":"tag-actualite","11":"tag-actualites","12":"tag-bebe","13":"tag-eu","14":"tag-europe","15":"tag-faits-divers","16":"tag-fr","17":"tag-france","18":"tag-justice","19":"tag-loire-atlantique","20":"tag-nantes","21":"tag-news","22":"tag-pays-de-la-loire","23":"tag-procureur-de-la-republique","24":"tag-republique-francaise","25":"tag-samu"},"share_on_mastodon":{"url":"https:\/\/pubeurope.com\/@fr\/114395901053508530","error":""},"_links":{"self":[{"href":"https:\/\/www.europesays.com\/fr\/wp-json\/wp\/v2\/posts\/50523","targetHints":{"allow":["GET"]}}],"collection":[{"href":"https:\/\/www.europesays.com\/fr\/wp-json\/wp\/v2\/posts"}],"about":[{"href":"https:\/\/www.europesays.com\/fr\/wp-json\/wp\/v2\/types\/post"}],"author":[{"embeddable":true,"href":"https:\/\/www.europesays.com\/fr\/wp-json\/wp\/v2\/users\/2"}],"replies":[{"embeddable":true,"href":"https:\/\/www.europesays.com\/fr\/wp-json\/wp\/v2\/comments?post=50523"}],"version-history":[{"count":0,"href":"https:\/\/www.europesays.com\/fr\/wp-json\/wp\/v2\/posts\/50523\/revisions"}],"wp:featuredmedia":[{"embeddable":true,"href":"https:\/\/www.europesays.com\/fr\/wp-json\/wp\/v2\/media\/50524"}],"wp:attachment":[{"href":"https:\/\/www.europesays.com\/fr\/wp-json\/wp\/v2\/media?parent=50523"}],"wp:term":[{"taxonomy":"category","embeddable":true,"href":"https:\/\/www.europesays.com\/fr\/wp-json\/wp\/v2\/categories?post=50523"},{"taxonomy":"post_tag","embeddable":true,"href":"https:\/\/www.europesays.com\/fr\/wp-json\/wp\/v2\/tags?post=50523"}],"curies":[{"name":"wp","href":"https:\/\/api.w.org\/{rel}","templated":true}]}}