{"id":505236,"date":"2025-11-01T19:43:12","date_gmt":"2025-11-01T19:43:12","guid":{"rendered":"https:\/\/www.europesays.com\/fr\/505236\/"},"modified":"2025-11-01T19:43:12","modified_gmt":"2025-11-01T19:43:12","slug":"retour-de-lisf-ou-cadeau-aux-tres-riches-liberation","status":"publish","type":"post","link":"https:\/\/www.europesays.com\/fr\/505236\/","title":{"rendered":"retour de l\u2019ISF ou cadeau aux tr\u00e8s riches\u00a0? \u2013 Lib\u00e9ration"},"content":{"rendered":"<p>D\u00e9cryptage <\/p>\n<p class=\"sc-cPiKLX sc-leXBFf AiZTS iSucVa\">Alors que la journ\u00e9e de d\u00e9bat sur le budget s\u2019achevait vendredi 31\u00a0octobre, l\u2019adoption d\u2019un amendement sur un remplacement de l\u2019imp\u00f4t sur la fortune immobili\u00e8re par un nouveau dispositif, dont le rendement et l\u2019efficacit\u00e9 restent encore tr\u00e8s flous, a r\u00e9chauff\u00e9 le Palais-Bourbon. LFI et Renaissance fustigent une \u00aballiance entre le PS et le RN\u00bb.<\/p>\n","protected":false},"excerpt":{"rendered":"D\u00e9cryptage Alors que la journ\u00e9e de d\u00e9bat sur le budget s\u2019achevait vendredi 31\u00a0octobre, l\u2019adoption d\u2019un amendement sur un&hellip;\n","protected":false},"author":2,"featured_media":505237,"comment_status":"","ping_status":"","sticky":false,"template":"","format":"standard","meta":{"footnotes":""},"categories":[2],"tags":[11,416,25548,1011,27,12,429,25,2848],"class_list":{"0":"post-505236","1":"post","2":"type-post","3":"status-publish","4":"format-standard","5":"has-post-thumbnail","7":"category-actualites","8":"tag-actualites","9":"tag-assemblee-nationale","10":"tag-budget-public","11":"tag-fr","12":"tag-france","13":"tag-news","14":"tag-ps","15":"tag-republique-francaise","16":"tag-rn"},"share_on_mastodon":{"url":"https:\/\/pubeurope.com\/@fr\/115476155941100243","error":""},"_links":{"self":[{"href":"https:\/\/www.europesays.com\/fr\/wp-json\/wp\/v2\/posts\/505236","targetHints":{"allow":["GET"]}}],"collection":[{"href":"https:\/\/www.europesays.com\/fr\/wp-json\/wp\/v2\/posts"}],"about":[{"href":"https:\/\/www.europesays.com\/fr\/wp-json\/wp\/v2\/types\/post"}],"author":[{"embeddable":true,"href":"https:\/\/www.europesays.com\/fr\/wp-json\/wp\/v2\/users\/2"}],"replies":[{"embeddable":true,"href":"https:\/\/www.europesays.com\/fr\/wp-json\/wp\/v2\/comments?post=505236"}],"version-history":[{"count":0,"href":"https:\/\/www.europesays.com\/fr\/wp-json\/wp\/v2\/posts\/505236\/revisions"}],"wp:featuredmedia":[{"embeddable":true,"href":"https:\/\/www.europesays.com\/fr\/wp-json\/wp\/v2\/media\/505237"}],"wp:attachment":[{"href":"https:\/\/www.europesays.com\/fr\/wp-json\/wp\/v2\/media?parent=505236"}],"wp:term":[{"taxonomy":"category","embeddable":true,"href":"https:\/\/www.europesays.com\/fr\/wp-json\/wp\/v2\/categories?post=505236"},{"taxonomy":"post_tag","embeddable":true,"href":"https:\/\/www.europesays.com\/fr\/wp-json\/wp\/v2\/tags?post=505236"}],"curies":[{"name":"wp","href":"https:\/\/api.w.org\/{rel}","templated":true}]}}