{"id":505241,"date":"2025-11-01T19:46:11","date_gmt":"2025-11-01T19:46:11","guid":{"rendered":"https:\/\/www.europesays.com\/fr\/505241\/"},"modified":"2025-11-01T19:46:11","modified_gmt":"2025-11-01T19:46:11","slug":"cinq-francais-provisoirement-qualifies-a-laube-du-sprint-final-des-pq2-des-cartes-europeennes-lequipe","status":"publish","type":"post","link":"https:\/\/www.europesays.com\/fr\/505241\/","title":{"rendered":"Cinq Fran\u00e7ais provisoirement qualifi\u00e9s \u00e0 l&#039;aube du sprint final des PQ2 des cartes europ\u00e9ennes &#8211; L&#039;\u00c9quipe"},"content":{"rendered":"<ol>\n<li><a href=\"https:\/\/news.google.com\/rss\/articles\/CBMi2AFBVV95cUxPbzl6WVpjVmJMOEFRUklJVDhPUHdpdzk0MFpqY3UySXZGZVBRcnhvenFtOUVwV3otSENPQU12YU5zY0Jtay1MVkhhSUZEUzNNeFl5WXREaDNoVkthalNOdmJNS05McGsxTWMwcFQ1UFVxcGRFU1ZXQ3VQeVE3ODlDbTJibGRjQkhrRFY2UUIteHdTbTVhY1NSQk1TSFdOd3kzNDVHNHFVVE5TQ0xDVUlhcmNHQVRrRkJSZ0hHakRsWU9HWUU1bHRucGhiZG51Q2YxS254SnBxYkc?oc=5\" target=\"_blank\" rel=\"nofollow noopener\">Cinq Fran\u00e7ais provisoirement qualifi\u00e9s \u00e0 l&rsquo;aube du sprint final des PQ2 des cartes europ\u00e9ennes<\/a>&nbsp;&nbsp;L&rsquo;\u00c9quipe<\/li>\n<li><a href=\"https:\/\/news.google.com\/rss\/articles\/CBMilAJBVV95cUxPeG9EU2lFV3NmcndPZTdEbVVUdjhmQ2pSVU9wN2VXdDc1Z2UyYUVORXFwREJxcUlPQmdrUmpmODdoRUpQZ3hGd1ZkR3d0MTBOdVVVU2phVXlCTWx1YzRZMjhxc3Zjc1BXQkcyNGRlYVpiS0hNVVg2dnItU3BiYk9WYm43bFNZUVJ1RTN6OTNRX0VhamFjRndnTUVBMGNHajZxSUQ2ejNpN3NPb0dkejRJUFpvdllmdS00MWxrOFFBdzNTV3gybGtSdGo5MlRHTkZ4WGRLTDg0akpDLWhTbjR4NGd6T0VOXzl6NW9MTnV5TGhjVmotQjNyUHNUMkQ5ZUJRaGItd3VtN1ZHYktuSUNGaURpa2E?oc=5\" target=\"_blank\" rel=\"nofollow noopener\">Golf. Q-School du DPW Tour: Cinq joueurs Fran\u00e7ais dans le cut virtuel sur quatre sites en Espagne<\/a>&nbsp;&nbsp;Ouest-France<\/li>\n<li><a href=\"https:\/\/news.google.com\/rss\/articles\/CBMirgFBVV95cUxQRnlWbVZqVzNlY0dnRzNpa3hKTFVieUJWSlN6Y3AtV0dPUDJzYzlnaEx1UmY1OVFKTVNzVUtGSVE1WFpZSnd4a2xKNWhFaHM1V2Y0dGJrSmRTV1plaGdBcDVoSVZfMmJ2U201RHRUaG1oREdZWGh2dUFyQ0FScGtDZ0w1ajdyYlJfTS1LWDdyQnpSVElUS3lRWExMeVRlZmwtWmFZTTNzSWpEQmZSVHc?oc=5\" target=\"_blank\" rel=\"nofollow noopener\">A mi-parcours, cinq Fran\u00e7ais sont virtuellement qualifi\u00e9s pour les PQ3<\/a>&nbsp;&nbsp;Golf Plan\u00e8te<\/li>\n<li><a href=\"https:\/\/news.google.com\/rss\/articles\/CBMigwJBVV95cUxQazFTQW15RFlrZnVqbVZSUGFyYTFiMTRyMjJzZ3RCYlFRb05vX2hnTVpXRExtTkk0MTZrSGt5QXRuV19wQUhhRHlFM0x0LWg2WVI5dEJBeVM2Qjh0WVJxSHVUTkkyWWl5STJic3lySG9qbUxpdTdCd0NMeld2Xzg2MWZaVW5PZ0llcGdsN3pNbEszR0czSGpXNUFrbGFEV3MzZUhrdTR2d0w0ckNOM3ZRTXA5Wm80cTNGYWM1Qkp6S1lSNFNidklETW9EUnVMVHVJRjBZSmNjTzZjS3ZhaFdxdlQxc1R5eTJrNEFweDdQZlp4RGNQYzVzRnk5bzBQUGhOMUpR?oc=5\" target=\"_blank\" rel=\"nofollow noopener\">DP World Tour &#8211; Les golfeurs belges sont toujours en lice au second tour des Qualifying School<\/a>&nbsp;&nbsp;La Libre.be<\/li>\n<li><a href=\"https:\/\/news.google.com\/rss\/articles\/CBMi2AFBVV95cUxNcVd5d09zU2h2dWVpVFRPd1pZUEVMLUVkYklPYmlnVXoxRVU2aURMSkNZMEtJdXZzcl9WSUkxUWZ2WE1TR1lsRVRTQ3ZTTHpickRBWTJ1Zy0xT0cyODRGTjRWNEIycUJISWdaYnVxNlBfTDNLS3VuTTh5cFBHeUtXY1NlLWR6eXdGWWlTclRxNnVyZWZwaGxmaGZvNTdVcFJoZUN5S3VsVU9TRF9xbW9WeFpOaUxDdDFIcV9JOHFxMGhvT0lGc2p0VzBzMEhFeWtKX1NXcFpOT0s?oc=5\" target=\"_blank\" rel=\"nofollow noopener\">Cinq Bleus pour l&rsquo;instant dans les clous pour rallier la derni\u00e8re \u00e9tape des cartes europ\u00e9ennes<\/a>&nbsp;&nbsp;L&rsquo;\u00c9quipe<\/li>\n<\/ol>\n","protected":false},"excerpt":{"rendered":"Cinq Fran\u00e7ais provisoirement qualifi\u00e9s \u00e0 l&rsquo;aube du sprint final des PQ2 des cartes europ\u00e9ennes&nbsp;&nbsp;L&rsquo;\u00c9quipe Golf. Q-School du DPW&hellip;\n","protected":false},"author":2,"featured_media":505242,"comment_status":"","ping_status":"","sticky":false,"template":"","format":"standard","meta":{"footnotes":""},"categories":[1418],"tags":[1011,27,1472,60],"class_list":{"0":"post-505241","1":"post","2":"type-post","3":"status-publish","4":"format-standard","5":"has-post-thumbnail","7":"category-golf","8":"tag-fr","9":"tag-france","10":"tag-golf","11":"tag-sports"},"share_on_mastodon":{"url":"https:\/\/pubeurope.com\/@fr\/115476167586096363","error":""},"_links":{"self":[{"href":"https:\/\/www.europesays.com\/fr\/wp-json\/wp\/v2\/posts\/505241","targetHints":{"allow":["GET"]}}],"collection":[{"href":"https:\/\/www.europesays.com\/fr\/wp-json\/wp\/v2\/posts"}],"about":[{"href":"https:\/\/www.europesays.com\/fr\/wp-json\/wp\/v2\/types\/post"}],"author":[{"embeddable":true,"href":"https:\/\/www.europesays.com\/fr\/wp-json\/wp\/v2\/users\/2"}],"replies":[{"embeddable":true,"href":"https:\/\/www.europesays.com\/fr\/wp-json\/wp\/v2\/comments?post=505241"}],"version-history":[{"count":0,"href":"https:\/\/www.europesays.com\/fr\/wp-json\/wp\/v2\/posts\/505241\/revisions"}],"wp:featuredmedia":[{"embeddable":true,"href":"https:\/\/www.europesays.com\/fr\/wp-json\/wp\/v2\/media\/505242"}],"wp:attachment":[{"href":"https:\/\/www.europesays.com\/fr\/wp-json\/wp\/v2\/media?parent=505241"}],"wp:term":[{"taxonomy":"category","embeddable":true,"href":"https:\/\/www.europesays.com\/fr\/wp-json\/wp\/v2\/categories?post=505241"},{"taxonomy":"post_tag","embeddable":true,"href":"https:\/\/www.europesays.com\/fr\/wp-json\/wp\/v2\/tags?post=505241"}],"curies":[{"name":"wp","href":"https:\/\/api.w.org\/{rel}","templated":true}]}}