{"id":505245,"date":"2025-11-01T19:49:11","date_gmt":"2025-11-01T19:49:11","guid":{"rendered":"https:\/\/www.europesays.com\/fr\/505245\/"},"modified":"2025-11-01T19:49:11","modified_gmt":"2025-11-01T19:49:11","slug":"alexander-zverev-renvoye-a-ses-doutes-par-jannik-sinner-en-demi-finales-du-masters-1000-de-paris","status":"publish","type":"post","link":"https:\/\/www.europesays.com\/fr\/505245\/","title":{"rendered":"Alexander Zverev renvoy\u00e9 \u00e0 ses doutes par Jannik Sinner, en demi-finales du Masters\u00a01000 de Paris"},"content":{"rendered":"<p>                     <img loading=\"lazy\" decoding=\"async\" src=\"https:\/\/www.europesays.com\/fr\/wp-content\/uploads\/2025\/11\/74632d5_ftp-import-images-1-prspqvnxlhbs-5326427-01-06.jpg\" alt=\"L\u2019Italien Jannik Sinner (\u00e0 droite) serre la main de l\u2019Allemand Alexander Zverev en demi-finales du Masters\u00a01000\u00a0de Paris, \u00e0 la Paris La D\u00e9fense Arena de Nanterre, le 1er\u00a0novembre\u00a02025.\"   width=\"664\" height=\"443\"\/>    L\u2019Italien Jannik Sinner (\u00e0 droite) serre la main de l\u2019Allemand Alexander Zverev en demi-finales du Masters\u00a01000\u00a0de Paris, \u00e0 la Paris La D\u00e9fense Arena de Nanterre, le 1er\u00a0novembre\u00a02025.  DIMITAR DILKOFF \/ AFP                 <\/p>\n<p class=\"article__paragraph  \">Plus que jamais sur le mode \u00ab\u00a0rouleau compresseur\u00a0\u00bb, Jannik Sinner a battu Alexander Zverev en deux sets (6-0, 6-1) et une heure de jeu en demi-finales du Masters\u00a01000 de Paris, samedi 1er\u00a0novembre, \u00e0 la Paris La D\u00e9fense Arena de Nanterre. Les 17\u00a0500\u00a0spectateurs du court central ont assist\u00e9 \u00e0 une partie \u00e0 sens unique. Le num\u00e9ro\u00a02 mondial partira favori, dimanche, face au Canadien F\u00e9lix Auger-Aliassime, qui a domin\u00e9 un peu plus t\u00f4t le Kazakh Alexander Bublik, \u00e9galement en deux manches (7-6 [7-3], 6-4).<\/p>\n<p class=\"article__paragraph  \">Sinner n\u2019a laiss\u00e9 samedi aucune chance \u00e0 Zverev, qui n\u2019a r\u00e9ussi qu\u2019un seul coup gagnant dans le premier set. L\u2019Allemand a rejoint son banc compl\u00e8tement sonn\u00e9 par cette \u00ab\u00a0bulle\u00a0\u00bb (6-0). Il a d\u00e9croch\u00e9 son premier jeu \u00e0 l\u2019entame du deuxi\u00e8me set, le seul du match.<\/p>\n<p class=\"article__paragraph  \">\u00ab\u00a0C\u2019\u00e9tait \u00e9vident d\u00e8s les premiers points qu\u2019il (Alexander Zverev) avait du mal physiquement, a d\u00e9clar\u00e9 Jannik Sinner au micro d\u2019Eurosport apr\u00e8s la rencontre. J\u2019ai essay\u00e9 de le faire courir le plus possible. Bien s\u00fbr, ce n\u2019est pas de cette fa\u00e7on que vous avez envie de gagner un match, mais je suis content d\u2019\u00eatre en finale \u00e0 Paris. \u00c7a signifie beaucoup pour moi. J\u2019esp\u00e8re qu\u2019il reviendra vite \u00e0 100\u00a0% pour qu\u2019on puisse jouer du grand tennis.\u00a0\u00bb<\/p>\n<p class=\"reading-mode-only \"><strong>Il vous reste 81.42% de cet article \u00e0 lire. La suite est r\u00e9serv\u00e9e aux abonn\u00e9s.<\/strong><\/p>\n","protected":false},"excerpt":{"rendered":"L\u2019Italien Jannik Sinner (\u00e0 droite) serre la main de l\u2019Allemand Alexander Zverev en demi-finales du Masters\u00a01000\u00a0de Paris, \u00e0&hellip;\n","protected":false},"author":2,"featured_media":505246,"comment_status":"","ping_status":"","sticky":false,"template":"","format":"standard","meta":{"footnotes":""},"categories":[1415],"tags":[1011,27,60,1467],"class_list":{"0":"post-505245","1":"post","2":"type-post","3":"status-publish","4":"format-standard","5":"has-post-thumbnail","7":"category-tennis","8":"tag-fr","9":"tag-france","10":"tag-sports","11":"tag-tennis"},"share_on_mastodon":{"url":"https:\/\/pubeurope.com\/@fr\/115476180074045409","error":""},"_links":{"self":[{"href":"https:\/\/www.europesays.com\/fr\/wp-json\/wp\/v2\/posts\/505245","targetHints":{"allow":["GET"]}}],"collection":[{"href":"https:\/\/www.europesays.com\/fr\/wp-json\/wp\/v2\/posts"}],"about":[{"href":"https:\/\/www.europesays.com\/fr\/wp-json\/wp\/v2\/types\/post"}],"author":[{"embeddable":true,"href":"https:\/\/www.europesays.com\/fr\/wp-json\/wp\/v2\/users\/2"}],"replies":[{"embeddable":true,"href":"https:\/\/www.europesays.com\/fr\/wp-json\/wp\/v2\/comments?post=505245"}],"version-history":[{"count":0,"href":"https:\/\/www.europesays.com\/fr\/wp-json\/wp\/v2\/posts\/505245\/revisions"}],"wp:featuredmedia":[{"embeddable":true,"href":"https:\/\/www.europesays.com\/fr\/wp-json\/wp\/v2\/media\/505246"}],"wp:attachment":[{"href":"https:\/\/www.europesays.com\/fr\/wp-json\/wp\/v2\/media?parent=505245"}],"wp:term":[{"taxonomy":"category","embeddable":true,"href":"https:\/\/www.europesays.com\/fr\/wp-json\/wp\/v2\/categories?post=505245"},{"taxonomy":"post_tag","embeddable":true,"href":"https:\/\/www.europesays.com\/fr\/wp-json\/wp\/v2\/tags?post=505245"}],"curies":[{"name":"wp","href":"https:\/\/api.w.org\/{rel}","templated":true}]}}