{"id":505253,"date":"2025-11-01T19:56:35","date_gmt":"2025-11-01T19:56:35","guid":{"rendered":"https:\/\/www.europesays.com\/fr\/505253\/"},"modified":"2025-11-01T19:56:35","modified_gmt":"2025-11-01T19:56:35","slug":"gauguin-le-kunstmuseum-de-bale-confirme-lauthenticite-contestee","status":"publish","type":"post","link":"https:\/\/www.europesays.com\/fr\/505253\/","title":{"rendered":"Gauguin: le Kunstmuseum de B\u00e2le confirme l\u2019authenticit\u00e9 contest\u00e9e"},"content":{"rendered":"<p>Autoportrait aux lunettes \u2013 <\/p>\n<p>Le \u00abfaux\u00bb Gauguin de B\u00e2le est vrai: fin de l\u2019histoire?<\/p>\n<p class=\"ContentHead_lead____SsS link_regular__O0hk0 link_externalicon-big__ZdPgo link_externalicon__qcwXs\">Il n\u2019y a plus de doute pour le Kunstmuseum qui livre les preuves de son authenticit\u00e9. Mais l\u2019affaire n\u2019est pas close pour celui qui l\u2019avait contest\u00e9e.<\/p>\n<p><img loading=\"lazy\" decoding=\"async\" src=\"https:\/\/www.europesays.com\/fr\/wp-content\/uploads\/2025\/11\/6Gr5a2IkqVrAjm6QFPbH-0.jpg\"  width=\"100\" height=\"100\"  alt=\"Florence Millioud \" class=\"AuthorImage_root__WCxj_ ContentMetaInfo_authorimage__Mp4LD AuthorImage_-content-head__3qDob\" style=\"background-color:#7F7F7F\"\/>Publi\u00e9 aujourd\u2019hui \u00e0 09h23<img decoding=\"async\" loading=\"eager\" fetchpriority=\"high\" src=\"https:\/\/www.europesays.com\/fr\/wp-content\/uploads\/2025\/11\/B9AW215wKoD9XyDKi4GyHs.jpg\" alt=\"Portrait d\u2019un homme avec des lunettes et une barbe, utilisant des tons bleus et bruns, sur fond beige.\" title=\"Portrait d\u2019un homme avec des lunettes et une barbe, utilisant des tons bleus et bruns, sur fond beige.\" class=\"ResponsiveImage_root__ZDz10 responsive-image\" style=\"background-color:#605854\"\/><\/p>\n<p>\u00abL\u2019autoportrait aux lunettes\u00bb conserv\u00e9 au Kunsthaus de B\u00e2le est reconnu comme le dernier des autoportraits du peintre postimpressionniste. Il en a r\u00e9alis\u00e9 dix-sept avec celui-ci.<\/p>\n<p>Kunstmuseum B\u00e2le<\/p>\n<p><strong class=\"SummaryList_title__8uifR\">En bref:<\/strong><\/p>\n<ul class=\"SummaryList_list__pEa7M\">\n<li>Non sign\u00e9, non dat\u00e9, \u00abL\u2019autoportrait aux lunettes\u00bb de Paul Gauguin est-il vraiment de l\u2019artiste?<\/li>\n<li>Son authenticit\u00e9 a \u00e9t\u00e9 mise en doute par un passionn\u00e9 de l\u2019\u0153uvre devenu expert de son travail.<\/li>\n<li>Apr\u00e8s une enqu\u00eate de neuf mois associant trois de ses d\u00e9partements de recherche, le Kunstmuseum de B\u00e2le conclut \u00e0 son authenticit\u00e9.<\/li>\n<\/ul>\n<p class=\"ArticleParagraph_root__lhFZo ArticleContainer_content-width__FRl7F link_focus__0ZMwx link_externalicon-big__ZdPgo link_externalicon__qcwXs ArticleElement_article-element__q93eL\">Vacille, vacille pas\u2026 apr\u00e8s neuf mois \u00e0 d\u00e9m\u00ealer les \u00e9vidences et les zones d\u2019ombre de \u00abL\u2019autoportrait aux lunettes\u00bb de Paul Gauguin, la toile est de retour sur son clou au <a href=\"https:\/\/sammlungonline.kunstmuseumbasel.ch\/eMP\/eMuseumPlus?service=direct\/1\/ResultDetailView\/result.inline.list.t1.collection_list.$TspTitleLink.link&amp;sp=13&amp;sp=Sartist&amp;sp=SfilterDefinition&amp;sp=0&amp;sp=1&amp;sp=1&amp;sp=SdetailView&amp;sp=18&amp;sp=Sdetail&amp;sp=0&amp;sp=T&amp;sp=0&amp;sp=SdetailList&amp;sp=0&amp;sp=F&amp;sp=Scollection&amp;sp=l1159\" class=\"HtmlText_root__A1OSq\" target=\"_blank\" rel=\"noopener noreferrer\">Kunstmuseum de B\u00e2le<\/a>. Secou\u00e9e par une trajectoire complexe \u2013 et m\u00eame digne de l\u2019intrigue d\u2019un roman policier \u2013 mais \u00abauthentique\u00bb pour l\u2019institution qui l\u2019expose depuis huitante ans. Donc fin de l\u2019histoire!<\/p>\n<p class=\"ArticleParagraph_root__lhFZo ArticleContainer_content-width__FRl7F link_focus__0ZMwx link_externalicon-big__ZdPgo link_externalicon__qcwXs ArticleElement_article-element__q93eL\">Sauf pour Fabrice Fourmanoir, le sp\u00e9cialiste par qui le doute est arriv\u00e9 plus t\u00f4t cette ann\u00e9e et qui se d\u00e9finit \u00e0 la fois en \u00abamoureux\u00bb de <a class=\"HtmlText_root__A1OSq\" href=\"https:\/\/www.24heures.ch\/art-ce-gauguin-arrive-au-siecle-dernier-a-vevey-est-il-faux-875845090422\" target=\"_blank\" rel=\"noopener\">Gauguin<\/a> assurant les avoir tous vus et en \u00abchallenger\u00bb. D\u00e9tective de l\u2019art? Il n\u2019aime pas trop le sens du mot. Mais quand on lui demande ses motivations \u00e0 tracer depuis des ann\u00e9es les faux du peintre \u2013 en 2020, le Getty Museum de Los Angeles d\u00e9sattribuait une sculpture apr\u00e8s son signalement et une enqu\u00eate \u00e0 l\u2019interne \u2013 le Fran\u00e7ais avance \u00e0 d\u00e9couvert.<\/p>\n<p class=\"ArticleParagraph_root__lhFZo ArticleContainer_content-width__FRl7F link_focus__0ZMwx link_externalicon-big__ZdPgo link_externalicon__qcwXs ArticleElement_article-element__q93eL\">\u00abJe ne vais pas vous raconter ma vie, mais \u00e0 68\u00a0ans, si je ne peux plus faire d\u2019exploits sportifs, j\u2019aime toujours l\u2019adr\u00e9naline. Cette qu\u00eate est venue avec une passion de toujours pour le peintre, avec mes longues ann\u00e9es pass\u00e9es \u00e0 vivre la Polyn\u00e9sie, \u00e0 la conna\u00eetre et \u00e0 la comprendre, puis comme un d\u00e9fi. Et si, en public, on dit de moi que je suis un original, des conservateurs de mus\u00e9e, des historiens de l\u2019art savent que j\u2019ai du background et que si j\u2019avance quelque chose, j\u2019ai des arguments. Je sais des choses sur son art.\u00bb<\/p>\n<p><img decoding=\"async\" loading=\"lazy\" src=\"https:\/\/www.europesays.com\/fr\/wp-content\/uploads\/2025\/11\/7SJiBcvz4F-A3p5-JstrNI.jpg\" alt=\"Portrait de Paul Gauguin, assis pensif sur un fauteuil, par Maurice Boutet de Monvel.\" title=\"Portrait de Paul Gauguin, assis pensif sur un fauteuil, par Maurice Boutet de Monvel.\" class=\"ResponsiveImage_root__ZDz10 responsive-image\" style=\"background-color:#544F42\"\/><\/p>\n<p>Portrait de Paul Gauguin (1848-1903).<\/p>\n<p>Imago Images<\/p>\n<p class=\"ArticleParagraph_root__lhFZo ArticleContainer_content-width__FRl7F link_focus__0ZMwx link_externalicon-big__ZdPgo link_externalicon__qcwXs ArticleElement_article-element__q93eL\">Pourquoi ne pas en faire un livre? Fabrice Fourmanoir invoque son manque de patience face \u00e0 l\u2019\u00e9criture, il viserait plut\u00f4t un documentaire. \u00abJ\u2019avais un projet, assure-t-il, mais les producteurs attendaient le r\u00e9sultat du Kunstmuseum de B\u00e2le. Mais je doute que \u00e7a se fasse, la faute \u00e0 cette analyse insuffisante. Pourquoi n\u2019ont-ils pas fait leurs recoupements entre les pigments utilis\u00e9s pour cette toile avec ceux rest\u00e9s sur la derni\u00e8re palette du peintre conserv\u00e9e \u00e0 Orsay? \u00c0 mon avis, c\u2019est la seule comparaison fiable. Et pourquoi ne nous disent-ils pas avec quelles peintures ils ont fait leurs pointages? Il est vrai que de devoir se rendre \u00e0 l\u2019\u00e9vidence d\u2019avoir montr\u00e9 un faux dans un mus\u00e9e, de l\u2019avoir catalogu\u00e9, pr\u00eat\u00e9, ce n\u2019est jamais facile. Mais je ne vais pas l\u00e2cher! Je vais continuer \u00e0 demander des explications et d\u2019autres experts le feront avec moi.\u00bb<\/p>\n<p>Le faux de Gauguin existe<\/p>\n<p class=\"ArticleParagraph_root__lhFZo ArticleContainer_content-width__FRl7F link_focus__0ZMwx link_externalicon-big__ZdPgo link_externalicon__qcwXs ArticleElement_article-element__q93eL\">Des Rembrandt, L\u00e9onard de Vinci, Van Gogh dont l\u2019authenticit\u00e9 est mise en doute, il y en a eu, certains en ont perdu leur attribution. Et il y en aura d\u2019autres, les technologies chassant le faux devenant de plus en plus performantes. Chez Gauguin? \u00abLe faux existe\u00bb, ne cache pas Elise Eckermann. Auteure d\u2019une th\u00e8se et de plusieurs ouvrages sur le postimpressionniste, elle vient m\u00eame de r\u00e9diger le catalogue raisonn\u00e9 pour la monographie \u00e0 venir aux \u00e9ditions Taschen. \u00abLes discussions autour des faux ont d\u2019ailleurs d\u00e9but\u00e9 tr\u00e8s t\u00f4t, au moment de sa mort, reprend l\u2019experte. Il \u00e9tait question d\u2019\u0153uvres de l\u2019\u00c9cole de Pont-Aven, d\u2019autres li\u00e9es \u00e0 ses s\u00e9jours bretons. Pour la Polyn\u00e9sie? C\u2019est possible, aussi.\u00bb<\/p>\n<p class=\"ArticleParagraph_root__lhFZo ArticleContainer_content-width__FRl7F link_focus__0ZMwx link_externalicon-big__ZdPgo link_externalicon__qcwXs ArticleElement_article-element__q93eL\">Fabrice Fourmanoir est affirmatif! Il place m\u00eame toutes les \u0153uvres dat\u00e9es de 1903, dont \u00abL\u2019autoportrait aux lunettes\u00bb de B\u00e2le, sur sa liste rouge. \u00abGauguin est mort le 8 mai de cette ann\u00e9e 1903, non sans avoir \u00e9crit en f\u00e9vrier \u00e0 son ami peintre George Daniel de Monfreid qu\u2019il n\u2019avait plus touch\u00e9 de pinceau, trop souffrant, et qu\u2019il s\u2019inqui\u00e9tait pour sa vue d\u00e9clinante. C\u2019est \u00e0 partir de cette donne que j\u2019ai commenc\u00e9 mon enqu\u00eate il y a trente ans. Et je suis venu \u00e0 B\u00e2le, oui. M\u00eame plusieurs fois.\u00bb<\/p>\n<p class=\"ArticleParagraph_root__lhFZo ArticleContainer_content-width__FRl7F link_focus__0ZMwx link_externalicon-big__ZdPgo link_externalicon__qcwXs ArticleElement_article-element__q93eL\">L\u2019homme penche m\u00eame pour l\u2019\u0153uvre de faussaires app\u00e2t\u00e9s par la cote montante d\u2019un artiste mort! Et s\u2019appuie sur le jeu des ressemblances pour le prouver, sur ce nez trac\u00e9 trop droit pour \u00eatre vrai, comme sur ces iris bleus alors que le peintre les avait marron, dixit son livret militaire. La police judiciaire trancherait net! Mais on est dans le spectre de l\u2019art et plus encore dans celui d\u2019un artiste qui ne chassait pas la ressemblance parfaite, privil\u00e9giant la symbolique \u00e9motionnelle et chromatique.<\/p>\n<p><img decoding=\"async\" loading=\"lazy\" src=\"https:\/\/www.europesays.com\/fr\/wp-content\/uploads\/2025\/11\/2Hd8Q9UXKyF939Wki_XI0D.jpg\" alt=\"Autoportrait de Paul Gauguin avec chapeau, en 1893-94 dans son atelier, devant son tableau \u2019Manao tupapau\u2019. Mus\u00e9e d\u2019Orsay.\" title=\"Autoportrait de Paul Gauguin avec chapeau, en 1893-94 dans son atelier, devant son tableau \u2019Manao tupapau\u2019. Mus\u00e9e d\u2019Orsay.\" class=\"ResponsiveImage_root__ZDz10 responsive-image\" style=\"background-color:#79793D\"\/><\/p>\n<p>Parmi les dix-sept autoportraits de Paul Gauguin, \u00abL\u2019autoportrait au chapeau\u00bb r\u00e9alis\u00e9 vers 1893-1894 conserv\u00e9 au Mus\u00e9e d\u2019Orsay \u00e0 Paris.<\/p>\n<p>imago images\/KHARBINE-TAPABOR<\/p>\n<p class=\"ArticleParagraph_root__lhFZo ArticleContainer_content-width__FRl7F link_focus__0ZMwx link_externalicon-big__ZdPgo link_externalicon__qcwXs ArticleElement_article-element__q93eL\">Plut\u00f4t bleus. Plut\u00f4t verts. Carr\u00e9ment marron. Ou juste fonc\u00e9s. Ses yeux passent par toutes les couleurs suivant les autoportraits et il y en a dix-sept avec celui de B\u00e2le. Dont Elise Eckermann salue la \u00abqualit\u00e9 assez \u00e9lev\u00e9e si on pense \u00e0 l\u2019expression, \u00e0 l\u2019atmosph\u00e8re, il est m\u00eame plus int\u00e9ressant que d\u2019autres \u0153uvres de la m\u00eame p\u00e9riode. Il faut aussi savoir que Gauguin ne travaillait pas chronologiquement, c\u2019est-\u00e0-dire qu\u2019il \u0153uvrait sur plusieurs toiles en parall\u00e8le, en posait certaines, en retouchait d\u2019autres. Il se peut tr\u00e8s bien, si on pense \u00e0 ses derniers mois, qu\u2019il ait repris d\u2019anciennes toiles pour les compl\u00e9ter ou les retravailler, d\u2019autant qu\u2019il avait un contrat \u00e0 honorer avec son marchand parisien. Et n\u2019oublions pas non plus que si Paul Gauguin a r\u00e9alis\u00e9 des chefs-d\u2019\u0153uvre, on trouve dans son \u0153uvre des travaux dont il est difficile d\u2019admettre qu\u2019ils sont \u00e9galement de sa main.\u00bb<\/p>\n<p>Le doute historique du Kunstmuseum<\/p>\n<p class=\"ArticleParagraph_root__lhFZo ArticleContainer_content-width__FRl7F link_focus__0ZMwx link_externalicon-big__ZdPgo link_externalicon__qcwXs ArticleElement_article-element__q93eL\">Des doutes comme des interrogations de toutes sortes\u2026 \u00abL\u2019autoportrait aux lunettes\u00bb en a sem\u00e9 tout au long de son parcours de tableau ramen\u00e9 des Marquises en Suisse, \u00e0 Vevey, par le n\u00e9gociant en spiritueux, Louis Gr\u00e9let. Avant d\u2019atterrir chez les Ormond, une famille de la place qui tentera ensuite de le vendre chez Sotheby\u2019s \u00e0 Londres en 1924. Mais sans succ\u00e8s. Deux ans plus tard, \u00abla propri\u00e9taire\u00bb \u2013 les archives trac\u00e9es par le Kunsthaus de B\u00e2le restent muettes sur son identit\u00e9 \u2013 a plus de chances lors de l\u2019exposition-vente de la Kunsthalle de B\u00e2le m\u00eame si le catalogue fait \u00e9tat d\u2019un \u00abautoportrait pr\u00e9sum\u00e9\u00bb. Le Dr Karl Rudolf Hoffmann-Soutr\u00e9e acquiert \u00abL\u2019autoportrait\u00bb, en profite pendant presque vingt ans et choisit de le l\u00e9guer \u00e0 sa mort au Kunsthaus de sa ville. C\u2019est chose faite en 1945.<\/p>\n<p>B\u00e2le conjugue toutes ses forces<img decoding=\"async\" loading=\"lazy\" src=\"https:\/\/www.europesays.com\/fr\/wp-content\/uploads\/2025\/11\/2PDhUGunKVX9r5vtCQp33a.jpg\" alt=\"Autoportrait de Paul Gauguin, 1889, montrant l\u2019artiste avec un fond rouge et des pommes suspendues.\" title=\"Autoportrait de Paul Gauguin, 1889, montrant l\u2019artiste avec un fond rouge et des pommes suspendues.\" class=\"ResponsiveImage_root__ZDz10 responsive-image\" style=\"background-color:#946550\"\/><\/p>\n<p>Paul Gauguin dans son \u00abAutoportrait au serpent\u00bb de 1889 conserv\u00e9 \u00e0 la National Gallery of Art de Washington.<\/p>\n<p>image courtesy National Gallery of Art\/Wikimedia<\/p>\n<p class=\"ArticleParagraph_root__lhFZo ArticleContainer_content-width__FRl7F link_focus__0ZMwx link_externalicon-big__ZdPgo link_externalicon__qcwXs ArticleElement_article-element__q93eL\">Mais l\u2019huile a une r\u00e9putation, alors prudence oblige, le directeur de l\u2019\u00e9poque lance sa propre \u00e9tude du Gauguin avant de le faire entrer dans les collections. Douter fait partie du job! Une capacit\u00e9 inscrite dans la dur\u00e9e, l\u2019authentification \u00e9tant toujours li\u00e9e \u00e0 un \u00e9tat des connaissances \u00e0 un instant T. \u00abC\u2019est aussi pour \u00e7a, indique Tessa Rosebrock, responsable de la recherche en provenance, que nous avons pris tr\u00e8s au s\u00e9rieux les doutes formul\u00e9s par Monsieur Fourmanoir. R\u00e9unissant pendant neuf mois les forces de nos d\u00e9partements d\u2019histoire de l\u2019art, de conservation et de recherche en provenance, associ\u00e9es \u00e0 celles de la Haute \u00c9cole des arts de Berne et d\u2019experts internationaux, pour mener l\u2019enqu\u00eate.\u00bb<\/p>\n<p class=\"ArticleParagraph_root__lhFZo ArticleContainer_content-width__FRl7F link_focus__0ZMwx link_externalicon-big__ZdPgo link_externalicon__qcwXs ArticleElement_article-element__q93eL\">Conclusion de la batterie d\u2019examens? \u00abIl est tr\u00e8s improbable que l\u2019\u0153uvre soit un faux post\u00e9rieur. Il est plus probable qu\u2019elle ait \u00e9t\u00e9 r\u00e9alis\u00e9e par Gauguin en 1903, peut-\u00eatre avec l\u2019aide de Van Cam, son assistant, ami et infirmier. Mais sur ce dernier point, les preuves ne sont pas concluantes.\u00bb Le rapport confirme aussi que \u00abla toile est comparable \u00e0 celle utilis\u00e9e par Gauguin dans ses derni\u00e8res ann\u00e9es\u00bb, pareil pour la datation des pigments et le document se poursuit sur\u2026 150 pages!<\/p>\n<p>La surprise de l\u2019autoportrait<img decoding=\"async\" loading=\"lazy\" src=\"https:\/\/www.europesays.com\/fr\/wp-content\/uploads\/2025\/11\/9aKgl8RiK-AAm0ESFr9dfD.jpg\" alt=\"Portrait d\u2019un homme avec des lunettes, en lumi\u00e8re ultraviolette, portant une chemise blanche.\" title=\"Portrait d\u2019un homme avec des lunettes, en lumi\u00e8re ultraviolette, portant une chemise blanche.\" class=\"ResponsiveImage_root__ZDz10 responsive-image\" style=\"background-color:#7B7B41\"\/><\/p>\n<p>\u00abL\u2019autoportrait aux lunettes\u00bb de Paul Gauguin est pass\u00e9 par divers examens. Celui-ci permet de voir (ils ressortent en noir) les ajouts post\u00e9rieurs \u00e0 son d\u00e9c\u00e8s, le pigment utilis\u00e9 n\u2019existait pas encore de son vivant.<\/p>\n<p>Kunstmuseum de B\u00e2le<\/p>\n<p class=\"ArticleParagraph_root__lhFZo ArticleContainer_content-width__FRl7F link_focus__0ZMwx link_externalicon-big__ZdPgo link_externalicon__qcwXs ArticleElement_article-element__q93eL\">Mais \u2013 un \u00abmais\u00bb qui a souvent valeur de rebondissement dans l\u2019histoire de l\u2019art \u2013 l\u2019\u00e9tude a encore r\u00e9v\u00e9l\u00e9 des ajouts r\u00e9alis\u00e9s avec du blanc de titane, un pigment arriv\u00e9 sur le march\u00e9 quinze ans apr\u00e8s la date arr\u00eat\u00e9e \u00e0 1903 pour ce tableau, l\u2019ann\u00e9e du d\u00e9c\u00e8s du peintre. Des ajouts qui plaident coupables, pour Fabrice Fourmanoir. Il y lit la \u00abpreuve substantielle\u00bb que Van Cam \u00abest l\u2019auteur de l\u2019\u0153uvre, il l\u2019avait commenc\u00e9e et l\u2019a termin\u00e9e des ann\u00e9es plus tard pour la vendre \u00e0 Louis Gr\u00e9let\u00bb.<\/p>\n<p class=\"ArticleParagraph_root__lhFZo ArticleContainer_content-width__FRl7F link_focus__0ZMwx link_externalicon-big__ZdPgo link_externalicon__qcwXs ArticleElement_article-element__q93eL\">Une explication qui ne tient pas pour Tessa Rosebrock: \u00abTant qu\u2019\u00e0 faire un faux pour pouvoir en tirer de l\u2019argent, pourquoi ne pas l\u2019avoir sign\u00e9? Cet autoportrait ne l\u2019est pas, c\u2019est rare chez Gauguin.\u00bb Pour les B\u00e2lois, ces ajouts sont des retouches. M\u00eame un potentiel coup d\u2019\u00e9clat de l\u2019un de ses propri\u00e9taires pour pr\u00e9parer \u00e0 la vente une toile qui avait perdu un peu de son intensit\u00e9 avec le temps\u2026<\/p>\n<p class=\"EmbedBlocker_hint__uEF_d\">\u00c0 ce stade, vous trouverez des contenus externes suppl\u00e9mentaires. Si vous acceptez que des cookies soient plac\u00e9s par des fournisseurs externes et que des donn\u00e9es personnelles soient ainsi transmises \u00e0 ces derniers, vous devez autoriser tous les cookies et afficher directement le contenu externe.<\/p>\n<p>Autoriser les cookiesPlus d&rsquo;infos<\/p>\n<p class=\"DynamicTeaser_boxtitle__B6piN\">B\u00e2le, Lausanne, Gen\u00e8ve: les expos en cours<\/p>\n<p>Newsletter<\/p>\n<p>\u00abDerni\u00e8res nouvelles\u00bb<\/p>\n<p>Vous voulez rester au top de l\u2019info? \u00ab24 heures\u00bb vous propose deux rendez-vous par jour, pour ne rien rater de ce qui se passe dans votre Canton, en Suisse ou dans le monde.<\/p>\n<p><a class=\"NewsletterBox_more__FNemz link_underlinelink__K5Zr0\" href=\"https:\/\/www.24heures.ch\/nos-newsletters\" target=\"_blank\" rel=\"noopener\">Autres newsletters<\/a><\/p>\n<p>Se connecter<strong>Florence Millioud <\/strong>a rejoint la rubrique culturelle en 2011 par passion pour les gens de culture, apr\u00e8s avoir couvert d\u00e8s 1994 la politique et l&rsquo;\u00e9conomie locales. Historienne de l&rsquo;art, elle collabore \u00e0 la r\u00e9daction de catalogues d&rsquo;exposition et d&rsquo;ouvrages monographiques sur des artistes.<a class=\"ArticleAuthorBio_moreinfo__cqyvz link_underlinelink__K5Zr0\" rel=\"author noopener\" href=\"https:\/\/www.24heures.ch\/author\/46119952\/florence-millioud\" target=\"_blank\">Plus d&rsquo;infos<\/a><\/p>\n<p class=\"Feedback_root__fr_Mi ArticleContainer_content-width__FRl7F\">Vous avez trouv\u00e9 une erreur?<a href=\"mailto:tes_correction@tamedia.ch?subject=Avis%20d'erreur%20%7C%20Florence%20Millioud%20%20%7C%20Le%20%C2%ABfaux%C2%BB%20Gauguin%20de%20B%C3%A2le%20est%20vrai%3A%20fin%20de%20l%E2%80%99histoire%3F&amp;body=J'ai%20trouv%C3%A9%20une%20erreur%20dans%20cet%20article%3A%20https%3A%2F%2Fwww.24heures.ch%2Fgauguin-le-kunstmuseum-de-bale-confirme-lauthenticite-contestee-565274692190\" class=\"Feedback_feedbacklink__VyDCi link_underlinelink__K5Zr0\">Merci de nous la signaler.<\/a><\/p>\n<p>3 commentaires<\/p>\n","protected":false},"excerpt":{"rendered":"Autoportrait aux lunettes \u2013 Le \u00abfaux\u00bb Gauguin de B\u00e2le est vrai: fin de l\u2019histoire? Il n\u2019y a plus&hellip;\n","protected":false},"author":2,"featured_media":505254,"comment_status":"","ping_status":"","sticky":false,"template":"","format":"standard","meta":{"footnotes":""},"categories":[1358],"tags":[1348,1384,1385,1386,58,59,1011,27,62681,37086,2300,47564],"class_list":{"0":"post-505253","1":"post","2":"type-post","3":"status-publish","4":"format-standard","5":"has-post-thumbnail","7":"category-arts-et-design","8":"tag-arts","9":"tag-arts-and-design","10":"tag-arts-et-design","11":"tag-design","12":"tag-divertissement","13":"tag-entertainment","14":"tag-fr","15":"tag-france","16":"tag-municipality-bale","17":"tag-stats-editorial-team","18":"tag-stats-seo","19":"tag-stats-vibration"},"share_on_mastodon":{"url":"https:\/\/pubeurope.com\/@fr\/115476208323188980","error":""},"_links":{"self":[{"href":"https:\/\/www.europesays.com\/fr\/wp-json\/wp\/v2\/posts\/505253","targetHints":{"allow":["GET"]}}],"collection":[{"href":"https:\/\/www.europesays.com\/fr\/wp-json\/wp\/v2\/posts"}],"about":[{"href":"https:\/\/www.europesays.com\/fr\/wp-json\/wp\/v2\/types\/post"}],"author":[{"embeddable":true,"href":"https:\/\/www.europesays.com\/fr\/wp-json\/wp\/v2\/users\/2"}],"replies":[{"embeddable":true,"href":"https:\/\/www.europesays.com\/fr\/wp-json\/wp\/v2\/comments?post=505253"}],"version-history":[{"count":0,"href":"https:\/\/www.europesays.com\/fr\/wp-json\/wp\/v2\/posts\/505253\/revisions"}],"wp:featuredmedia":[{"embeddable":true,"href":"https:\/\/www.europesays.com\/fr\/wp-json\/wp\/v2\/media\/505254"}],"wp:attachment":[{"href":"https:\/\/www.europesays.com\/fr\/wp-json\/wp\/v2\/media?parent=505253"}],"wp:term":[{"taxonomy":"category","embeddable":true,"href":"https:\/\/www.europesays.com\/fr\/wp-json\/wp\/v2\/categories?post=505253"},{"taxonomy":"post_tag","embeddable":true,"href":"https:\/\/www.europesays.com\/fr\/wp-json\/wp\/v2\/tags?post=505253"}],"curies":[{"name":"wp","href":"https:\/\/api.w.org\/{rel}","templated":true}]}}