{"id":505255,"date":"2025-11-01T19:58:28","date_gmt":"2025-11-01T19:58:28","guid":{"rendered":"https:\/\/www.europesays.com\/fr\/505255\/"},"modified":"2025-11-01T19:58:28","modified_gmt":"2025-11-01T19:58:28","slug":"en-direct-star-academy-apres-le-triomphe-des-anciens-aux-nma-la-nouvelle-promo-attendue-au-tournant","status":"publish","type":"post","link":"https:\/\/www.europesays.com\/fr\/505255\/","title":{"rendered":"EN DIRECT &#8211; \u00ab\u00a0Star Academy\u00a0\u00bb : apr\u00e8s le triomphe des anciens aux NMA, la nouvelle promo attendue au tournant"},"content":{"rendered":"<ul class=\"jsx-862013697 ArticleChapo__List\">\n<li class=\"jsx-862013697 ArticleChapo__List_Item flex\">Au lendemain des \u00ab\u00a0NRJ Music Awards 2025\u00a0\u00bb marqu\u00e9s par le triomphe des anciens, les nouveaux \u00e9l\u00e8ves de la Star Ac ont rendez-vous pour le troisi\u00e8me prime de la saison.<\/li>\n<li class=\"jsx-862013697 ArticleChapo__List_Item flex\">Sous le regard des parrains Ed Sheeran et Charlotte Cardin, Ema, Noah et Lenny d\u00e9fendront leur place au Ch\u00e2teau.<\/li>\n<li class=\"jsx-862013697 ArticleChapo__List_Item flex\">Une grande soir\u00e9e \u00e0 suivre \u00e0 partir de 21h10 sur TF1 et TF1+ et en direct comment\u00e9 sur TF1info.<\/li>\n<\/ul>\n<p>Minute par minutePH\u00c9NOM\u00c8NE20:54<\/p>\n<p>Elles vont chanter ce soir avec les \u00e9l\u00e8ves. TF1Info vous pr\u00e9sente les Katseye&#8230;<\/p>\n<p>Culture, m\u00e9dias et divertissement<img decoding=\"async\" src=\"https:\/\/www.europesays.com\/fr\/wp-content\/uploads\/2025\/11\/katseye-groupe-32adb6-1@1x.jpeg\" alt=\"Katseye, le girls band qui s\u00e9duit la plan\u00e8te. \" loading=\"lazy\" importance=\"low\" fetchpriority=\"low\" class=\"\" aria-hidden=\"true\"\/>ANOUK EN LARMES19:54<\/p>\n<p>Alors qu&rsquo;elle r\u00e9p\u00e9tait avec la chanteuse Belinda Davids, la jeune Anouka a craqu\u00e9. Que s&rsquo;est-il pass\u00e9 ? Regardez&#8230;<\/p>\n<p>Star Academy 2025 &#8211; Anouk craque pendant les r\u00e9p\u00e9titions avec Belinda DavidsSource : Star Academy<\/p>\n<p><img decoding=\"async\" src=\"https:\/\/photos.tf1info.fr\/images\/383\/215\/anouk-270617-7963af-0@1x.jpeg\" alt=\"Star Academy 2025 - Anouk craque pendant les r\u00e9p\u00e9titions avec Belinda Davids\" loading=\"lazy\" importance=\"low\" fetchpriority=\"low\" class=\"\"\/><img decoding=\"async\" src=\"https:\/\/www.tf1info.fr\/images\/icons\/player-logo-play.svg\" alt=\"Logo lecture\" class=\"jsx-d0de44c05fe3042c PlayerLazyload__Play\"\/>BACKSTAGE19:13<\/p>\n<p>Ambre a v\u00e9cu une soir\u00e9e magique vendredi soir \u00e0 Cannes. Nous \u00e9tions dans les coulisses&#8230;<\/p>\n<p>Star Academy 2025 &#8211; Suivez Ambre dans les coulisses des NMA !Source : Star Academy<\/p>\n<p><img decoding=\"async\" src=\"https:\/\/photos.tf1info.fr\/images\/383\/215\/ambre-432620-ba594a-0@1x.jpeg\" alt=\"Star Academy 2025 - Suivez Ambre dans les coulisses des NMA !\" loading=\"lazy\" importance=\"low\" fetchpriority=\"low\" class=\"\"\/><img decoding=\"async\" src=\"https:\/\/www.tf1info.fr\/images\/icons\/player-logo-play.svg\" alt=\"Logo lecture\" class=\"jsx-d0de44c05fe3042c PlayerLazyload__Play\"\/>NOMM\u00c9S CE SOIR18:06<\/p>\n<p>Ema, Lenny et Noah jouent leur place au Ch\u00e2teau ce soir. Avant un prime d\u00e9cisif, ils ont r\u00e9pondu \u00e0 vos questions&#8230;<\/p>\n<p>Star Academy 2025 &#8211; La Fan Box des nomm\u00e9s : Ema, Lenny et Noah r\u00e9pondent \u00e0 vos questions !Source : Star Academy<\/p>\n<p><img decoding=\"async\" src=\"https:\/\/photos.tf1info.fr\/images\/383\/215\/whatsapp-image-2025-11-01-at-16-21-41-d2910a-a81d7d-0@1x.jpeg\" alt=\"Star Academy 2025 - La Fan Box des nomm\u00e9s : Ema, Lenny et Noah r\u00e9pondent \u00e0 vos questions !\" loading=\"lazy\" importance=\"low\" fetchpriority=\"low\" class=\"\"\/><img decoding=\"async\" src=\"https:\/\/www.tf1info.fr\/images\/icons\/player-logo-play.svg\" alt=\"Logo lecture\" class=\"jsx-d0de44c05fe3042c PlayerLazyload__Play\"\/>DANSE AVEC L\u00c9NIE16:44<\/p>\n<p>\u00c9limin\u00e9e aux portes des demi-finales en 2023, L\u00e9nie a frapp\u00e9 fort en remportant la derni\u00e8re saison de \u00ab\u00a0Danse avec les stars\u00a0\u00bb. Vendredi soir, elle a d\u00e9croch\u00e9 le NMA du duo francophone de l&rsquo;ann\u00e9e pour \u00ab\u00a0\u00c0 tes c\u00f4t\u00e9s\u00a0\u00bb avec Jungeli&#8230;<\/p>\n<p>NRJ Music Awards 2025 &#8211; Jungeli &amp; Lenie chantent \u00a0\u00bb A tes c\u00f4t\u00e9s\u00a0\u00bbSource : NRJ Music Awards<\/p>\n<p><img decoding=\"async\" src=\"https:\/\/photos.tf1info.fr\/images\/383\/215\/jungeli-and-lenie-chantent-a-tes-cotes-85b568-7305c0-0@1x.jpeg\" alt=\"NRJ Music Awards 2025 - Jungeli &amp; Lenie chantent &quot; A tes c\u00f4t\u00e9s&quot;\" loading=\"lazy\" importance=\"low\" fetchpriority=\"low\" class=\"\"\/><img decoding=\"async\" src=\"https:\/\/www.tf1info.fr\/images\/icons\/player-logo-play.svg\" alt=\"Logo lecture\" class=\"jsx-d0de44c05fe3042c PlayerLazyload__Play\"\/>MARINE, \u00c9VIDEMMENT16:42<\/p>\n<p>Laur\u00e9ate de la saison 2024, Marine a remport\u00e9e le troph\u00e9e de r\u00e9v\u00e9lation f\u00e9minine francophone de l&rsquo;ann\u00e9e et interpr\u00e9t\u00e9 son tube \u00ab\u00a0Ma faute\u00a0\u00bb. Regardez&#8230;<\/p>\n<p>NRJ Music Awards 2025 &#8211; Marine chante \u00ab\u00a0Ma Faute\u00a0\u00bbSource : NRJ Music Awards<\/p>\n<p><img decoding=\"async\" src=\"https:\/\/photos.tf1info.fr\/images\/383\/215\/nrj-music-awards-2025-marine-chante-ma-faute-79b980-40d813-0@1x.jpeg\" alt=\"NRJ Music Awards 2025 - Marine chante &quot;Ma Faute&quot;\" loading=\"lazy\" importance=\"low\" fetchpriority=\"low\" class=\"\"\/><img decoding=\"async\" src=\"https:\/\/www.tf1info.fr\/images\/icons\/player-logo-play.svg\" alt=\"Logo lecture\" class=\"jsx-d0de44c05fe3042c PlayerLazyload__Play\"\/>LA REVANCHE DE JULIEN16:41<\/p>\n<p>Finaliste malheureux de l&rsquo;\u00e9dition 2023 face \u00e0 Pierre Garnier, Julien Lieb a fait son petit bonhomme de chemin. Vendredi soir, il a \u00e9t\u00e9 d\u00e9sign\u00e9 r\u00e9v\u00e9lation masculine francophone de l&rsquo;ann\u00e9e&#8230;<\/p>\n<p>NRJ Music Awards 2025 &#8211; Julien Lieb chante \u00ab\u00a0Le jeu\u00a0\u00bbSource : NRJ Music Awards<\/p>\n<p><img decoding=\"async\" src=\"https:\/\/photos.tf1info.fr\/images\/383\/215\/julien-lieb-chante-le-jeu-710467-98f648-0@1x.jpeg\" alt=\"NRJ Music Awards 2025 - Julien Lieb chante &quot;Le jeu&quot;\" loading=\"lazy\" importance=\"low\" fetchpriority=\"low\" class=\"\"\/><img decoding=\"async\" src=\"https:\/\/www.tf1info.fr\/images\/icons\/player-logo-play.svg\" alt=\"Logo lecture\" class=\"jsx-d0de44c05fe3042c PlayerLazyload__Play\"\/>PH\u00c9NOM\u00c8NE GARNIER16:40<\/p>\n<p>Plus rien n&rsquo;arr\u00eate Pierre Garnier ! Vendredi soir, le vainqueur de l&rsquo;\u00e9dition 2023 a remport\u00e9 le NMA du chanteur francophone de l&rsquo;ann\u00e9e&#8230;<\/p>\n<p>NRJ Music Awards 2025 &#8211; Pierre Garnier chante ses deux single \u00ab\u00a0L&rsquo;Horizon\u00a0\u00bb et \u00ab\u00a0Chaque seconde\u00a0\u00bbSource : NRJ Music Awards<\/p>\n<p><img decoding=\"async\" src=\"https:\/\/photos.tf1info.fr\/images\/383\/215\/pierre-garnier-chante-ses-deux-single-lhorizon-et-chaque-seconde-6fd31b-7bd45d-0@1x.jpeg\" alt=\"NRJ Music Awards 2025 - Pierre Garnier chante ses deux single &quot;L'Horizon&quot; et &quot;Chaque seconde&quot;\" loading=\"lazy\" importance=\"low\" fetchpriority=\"low\" class=\"\"\/><img decoding=\"async\" src=\"https:\/\/www.tf1info.fr\/images\/icons\/player-logo-play.svg\" alt=\"Logo lecture\" class=\"jsx-d0de44c05fe3042c PlayerLazyload__Play\"\/>HELENA SUPERSTAR16:38<\/p>\n<p>Chanteuse francophone de l&rsquo;ann\u00e9e, Helena a \u00e9galement remport\u00e9 le NMA de la chanson de l&rsquo;ann\u00e9e pour \u00ab\u00a0Mauvais Gar\u00e7on\u00a0\u00bb apr\u00e8s cette performance \u00e9poustouflante&#8230;<\/p>\n<p>NRJ Music Awards 2025 &#8211; La performance incroyable d&rsquo;H\u00e9l\u00e9na sur son single \u00ab\u00a0Mauvais Gar\u00e7on\u00a0\u00bbSource : NRJ Music Awards<\/p>\n<p><img decoding=\"async\" src=\"https:\/\/photos.tf1info.fr\/images\/383\/215\/la-performance-incroyable-dhelena-sur-son-single-mauvais-garcon-95f7de-2ca22e-0@1x.jpeg\" alt=\"NRJ Music Awards 2025 - La performance incroyable d'H\u00e9l\u00e9na sur son single &quot;Mauvais Gar\u00e7on&quot;\" loading=\"lazy\" importance=\"low\" fetchpriority=\"low\" class=\"\"\/><img decoding=\"async\" src=\"https:\/\/www.tf1info.fr\/images\/icons\/player-logo-play.svg\" alt=\"Logo lecture\" class=\"jsx-d0de44c05fe3042c PlayerLazyload__Play\"\/>AMBRE AVEC KENDJI16:37<\/p>\n<p>Dans le top 3 cette semaine, Ambre a eu le privil\u00e8ge de partager un duo avec Kendji Girac vendredi soir \u00e0 Cannes. Regardez&#8230;<\/p>\n<p>NRJ Music Awards 2025 &#8211; Kendji et Ambre chantent \u00ab\u00a0Vivo Per Lei\u00a0\u00bbSource : NRJ Music Awards<\/p>\n<p><img decoding=\"async\" src=\"https:\/\/photos.tf1info.fr\/images\/383\/215\/kendji-et-ambre-chantent-vivo-per-lei-825689-63e204-0@1x.jpeg\" alt=\"NRJ Music Awards 2025 - Kendji et Ambre chantent &quot;Vivo Per Lei&quot;\" loading=\"lazy\" importance=\"low\" fetchpriority=\"low\" class=\"\"\/><img decoding=\"async\" src=\"https:\/\/www.tf1info.fr\/images\/icons\/player-logo-play.svg\" alt=\"Logo lecture\" class=\"jsx-d0de44c05fe3042c PlayerLazyload__Play\"\/>LA RAZZIA16:36<\/p>\n<p>Pluie de r\u00e9compenses vendredi soir \u00e0 Cannes pour les anciens de la Star Ac ! Helena, Pierre Garnier, Marine&#8230; Voici le palmar\u00e8s complet des NJR Music Awards 2025 !<\/p>\n<p>Culture, m\u00e9dias et divertissement<img decoding=\"async\" src=\"https:\/\/www.europesays.com\/fr\/wp-content\/uploads\/2025\/11\/nma-2025-832136-0@1x.jpeg\" alt=\"Pierre Garnier, Helena et Ed Sheeran aux NMA 2025.\" loading=\"lazy\" importance=\"low\" fetchpriority=\"low\" class=\"\" aria-hidden=\"true\"\/>Publi\u00e9 aujourd&rsquo;hui \u00e0 0h57<\/p>\n<p data-module=\"article-paragraph\" class=\"jsx-3046738180 Paragraph Paragraph__End\">Des \u00e9toiles plein les yeux, Ambre retrouve ses camarades de la \u00ab\u00a0Star Academy 2025\u00a0\u00bb ce soir pour le troisi\u00e8me direct de la saison. Vendredi soir, la benjamine de la promo a partag\u00e9 <a href=\"https:\/\/www.tf1.fr\/tf1\/nrj-music-awards\/videos\/nrj-music-awards-2025-kendji-et-ambre-chantent-vivo-per-lei-67322962.html\" target=\"_blank\" rel=\"noopener\">un duo avec Kendji Girac lors de la c\u00e9r\u00e9monie des NRJ Music Awards<\/a> \u00e0 Cannes, marqu\u00e9e par le triomphe des anciens de l\u2019\u00e9mission.\u00a0<\/p>\n<p data-module=\"article-paragraph\" class=\"jsx-3046738180 Paragraph Paragraph__End\">Meilleure artiste f\u00e9minine francophone et chanson de l\u2019ann\u00e9e avec \u00ab\u00a0Mauvais Gar\u00e7on\u00a0\u00bb pour Helena, meilleur artiste masculin pour Pierre Garnier, r\u00e9v\u00e9lation masculine francophone pour Julien Lieb, r\u00e9v\u00e9lation f\u00e9minine francophone pour <a href=\"https:\/\/www.tf1info.fr\/culture\/marine-zaho-de-sagazan-ces-chanteuses-francaises-ont-tape-dans-l-oeil-des-stars-du-film-regretting-you-2403083.html\" target=\"_blank\" rel=\"noopener\">Marine<\/a>, meilleur duo ou collab francophone pour L\u00e9nie avec Jungeli\u2026 De quoi faire r\u00eaver les petits nouveaux qui feront le show \u00e0 partir de 21h10 sur TF1 et TF1+.\u00a0<\/p>\n<p><a href=\"https:\/\/www.tf1info.fr\/culture\/nrj-music-awards-2025-laureats-helena-pierre-garnier-gims-ed-sheeran-voici-le-palmares-complet-2404032.html\" rel=\"noopener\" class=\"jsx-3308031228 Link flex\" target=\"_blank\"><img decoding=\"async\" src=\"https:\/\/www.europesays.com\/fr\/wp-content\/uploads\/2025\/11\/nma-2025-a89d6e-0@1x.jpeg\" alt=\"Pierre Garnier, Helena et Ed Sheeran aux NMA 2025.\" loading=\"lazy\" importance=\"low\" fetchpriority=\"low\" class=\"\" aria-hidden=\"true\"\/><\/p>\n<p class=\"jsx-3657663356 ReadMoreArticle__Title\">Lire aussi<\/p>\n<p class=\"jsx-3657663356\">NRJ Music Awards 2025 : Helena, Pierre Garnier, Gims, Ed Sheeran&#8230; Voici le palmar\u00e8s complet<\/p>\n<p><\/a><\/p>\n<p data-module=\"article-paragraph\" class=\"jsx-3046738180 Paragraph Paragraph__End\">Apr\u00e8s Mehdi, lequel des 16 \u00e9l\u00e8ves encore en lice quittera l\u2019aventure ? D\u00e9j\u00e0 nomm\u00e9e la semaine pass\u00e9e, la Marseillaise Ema sera de nouveau sur la sellette, cette fois face \u00e0 Lenny et Noah. Top 3 aux \u00e9valuations, Victor, Ambre et Sarah se disputeront l\u2019immunit\u00e9 tandis que les parrains Ed Sheeran et Charlotte Cardin, ainsi que le girlsband Katseye, partageront plusieurs duos avec les \u00e9l\u00e8ves au cours de cette grande soir\u00e9e \u00e0 suivre en direct comment\u00e9 sur TF1info.<\/p>\n<p>J\u00e9r\u00f4me VERMELIN<\/p>\n","protected":false},"excerpt":{"rendered":"Au lendemain des \u00ab\u00a0NRJ Music Awards 2025\u00a0\u00bb marqu\u00e9s par le triomphe des anciens, les nouveaux \u00e9l\u00e8ves de la&hellip;\n","protected":false},"author":2,"featured_media":505256,"comment_status":"","ping_status":"","sticky":false,"template":"","format":"standard","meta":{"footnotes":""},"categories":[1356],"tags":[1111,11,1921,58,9472,59,1011,27,1922,500,2041,973,5096,502,5095,59699,252,1364,133,2040],"class_list":{"0":"post-505255","1":"post","2":"type-post","3":"status-publish","4":"format-standard","5":"has-post-thumbnail","7":"category-television","8":"tag-actu","9":"tag-actualites","10":"tag-article-video","11":"tag-divertissement","12":"tag-ed-sheeran","13":"tag-entertainment","14":"tag-fr","15":"tag-france","16":"tag-info","17":"tag-medias","18":"tag-medias-et-divertissement","19":"tag-people","20":"tag-pierre-garnier","21":"tag-programme-tv","22":"tag-star-academy","23":"tag-star-academy-2025","24":"tag-television","25":"tag-tv","26":"tag-video","27":"tag-video-culture"},"share_on_mastodon":{"url":"https:\/\/pubeurope.com\/@fr\/115476219997964213","error":""},"_links":{"self":[{"href":"https:\/\/www.europesays.com\/fr\/wp-json\/wp\/v2\/posts\/505255","targetHints":{"allow":["GET"]}}],"collection":[{"href":"https:\/\/www.europesays.com\/fr\/wp-json\/wp\/v2\/posts"}],"about":[{"href":"https:\/\/www.europesays.com\/fr\/wp-json\/wp\/v2\/types\/post"}],"author":[{"embeddable":true,"href":"https:\/\/www.europesays.com\/fr\/wp-json\/wp\/v2\/users\/2"}],"replies":[{"embeddable":true,"href":"https:\/\/www.europesays.com\/fr\/wp-json\/wp\/v2\/comments?post=505255"}],"version-history":[{"count":0,"href":"https:\/\/www.europesays.com\/fr\/wp-json\/wp\/v2\/posts\/505255\/revisions"}],"wp:featuredmedia":[{"embeddable":true,"href":"https:\/\/www.europesays.com\/fr\/wp-json\/wp\/v2\/media\/505256"}],"wp:attachment":[{"href":"https:\/\/www.europesays.com\/fr\/wp-json\/wp\/v2\/media?parent=505255"}],"wp:term":[{"taxonomy":"category","embeddable":true,"href":"https:\/\/www.europesays.com\/fr\/wp-json\/wp\/v2\/categories?post=505255"},{"taxonomy":"post_tag","embeddable":true,"href":"https:\/\/www.europesays.com\/fr\/wp-json\/wp\/v2\/tags?post=505255"}],"curies":[{"name":"wp","href":"https:\/\/api.w.org\/{rel}","templated":true}]}}