{"id":505257,"date":"2025-11-01T19:59:13","date_gmt":"2025-11-01T19:59:13","guid":{"rendered":"https:\/\/www.europesays.com\/fr\/505257\/"},"modified":"2025-11-01T19:59:13","modified_gmt":"2025-11-01T19:59:13","slug":"mariah-carey-reine-de-noel-lance-officiellement-la-saison-du-mauvais-gout-assume","status":"publish","type":"post","link":"https:\/\/www.europesays.com\/fr\/505257\/","title":{"rendered":"Mariah Carey, reine de No\u00ebl, lance officiellement la saison du mauvais go\u00fbt assum\u00e9"},"content":{"rendered":"<p>Quand on est en possession d\u2019<a href=\"https:\/\/www.20minutes.fr\/by-the-web\/4009851-20221114-noel-comment-mariah-carey-devenue-presque-plus-celebre-jesus-christ\" class=\"c-link c-link--is-underlined\" target=\"_blank\" rel=\"noopener\">une poule aux \u0153ufs d\u2019or<\/a>, on se d\u00e9brouille pour qu\u2019elle ponde le plus souvent possible\u2026 Mariah Carey veille donc \u00e0 ce que son <a href=\"https:\/\/www.20minutes.fr\/arts-stars\/people\/4119306-20241103-noel-it-time-fini-spooky-season-mariah-carey-ressort-glace\" class=\"c-link c-link--is-underlined\" target=\"_blank\" rel=\"noopener\">tube sirupeux et sans int\u00e9r\u00eat <\/a>(mais \u00e9trangement tr\u00e8s tr\u00e8s populaire) All I Want for Christmas is You red\u00e9marre sa carri\u00e8re saisonni\u00e8re le plus t\u00f4t possible.<\/p>\n<p class=\"mb-xxl@xs color-ultramarine font-weight-semi-bold@xs font-source-serif-pro heading-s@xs\">L\u2019acc\u00e8s \u00e0 ce contenu a \u00e9t\u00e9 bloqu\u00e9 afin de respecter votre choix de consentement<\/p>\n<p class=\"mb-m@xs text-l@xs\">En cliquant sur\u00ab J\u2019accepte \u00bb, vous acceptez le d\u00e9p\u00f4t de cookies par des services externes et aurez ainsi acc\u00e8s aux contenus de nos partenaires.<\/p>\n<p class=\"mb-xl@xs text-s@xs\">Plus d\u2019informations sur la page<a href=\"https:\/\/www.20minutes.fr\/gestion-cookies\" class=\"mx-xxs@xs color-ultramarine\" target=\"_blank\" rel=\"noopener\">Politique de gestion des cookies<\/a><\/p>\n<p>J\u2019accepte<\/p>\n<p>Chaque ann\u00e9e, la chanteuse d\u00e9cr\u00e8te qu\u2019il est d\u00e9sormais temps d\u2019\u00e9couter en boucle la chanson qui lui rapporte <a href=\"https:\/\/www.20minutes.fr\/arts-stars\/people\/4144637-20250321-mariah-carey-gagne-proces-violation-droits-auteur-all-i-want-for-christmas-is-you\" class=\"c-link c-link--is-underlined\" target=\"_blank\" rel=\"noopener\">un maximum de royalties<\/a>\u2026 2025 ne fait pas exception \u00e0 la r\u00e8gle du capitalisme. Ce samedi 1er\u00a0novembre, Mariah Carey a donc publi\u00e9 une vid\u00e9o sur les r\u00e9seaux sociaux, o\u00f9 elle annonce qu\u2019il \u00ab\u00a0est l\u2019heure\u00a0\u00bb (le fameux \u00ab\u00a0It\u2019s Time\u00a0!!!\u00a0\u00bb) de lancer les festivit\u00e9s de fin d\u2019ann\u00e9e.<\/p>\n<p>Un ange et des elfes<\/p>\n<p>A peine le temps de ranger les costumes d\u2019Halloween, et tant pis si Thanksgiving est encore dans plusieurs jours, business is business. D\u2019ailleurs, Mariah Carey a d\u00e9clin\u00e9 sa chanson en livre pour enfants, s\u00e9rie, films d\u2019animation\u2026 Inutile de lire ou \u00e9couter ces versions, c\u2019est toujours aussi mi\u00e8vre et navrant que \u00ab\u00a0l\u2019original\u00a0\u00bb.<\/p>\n<\/p>\n<p>Heureusement, <a href=\"https:\/\/www.youtube.com\/watch?v=Nn2KZOiYgUY\" target=\"_blank\" class=\"c-link c-link--is-underlined\" rel=\"noopener\">la vid\u00e9o rituelle <\/a>a le m\u00e9rite de montrer que Mariah Carey a de l\u2019humour sur elle-m\u00eame (\u00e0 moins que\u2026). Cette ann\u00e9e, elle appara\u00eet en ange et joue la surprise quand elle d\u00e9couvre qu\u2019un elfe a vol\u00e9 ses cadeaux\u2026 Les elfes de No\u00ebl syndiqu\u00e9s &#8211; horreur\u00a0! &#8211; annulent No\u00ebl \u00e0 cause de Mariah Carey qui les met au boulot de plus en plus t\u00f4t.<\/p>\n<p><a href=\"https:\/\/www.20minutes.fr\/noel\/\" class=\"c-link c-btn c-btn--primary\" target=\"_blank\" rel=\"noopener\">Tous nos articles sur No\u00ebl<\/a><\/p>\n<p>Heureusement, Mariah Carey se change, en profite pour glisser un ou deux placements de produits \u00e0 sa vid\u00e9o, et hop, le tra\u00eeneau du p\u00e8re No\u00ebl et ses rennes s\u2019envolent.<\/p>\n<p>La chanson est sortie en\u00a01994 et aurait d\u00e9j\u00e0 rapport\u00e9 plus de 60\u00a0millions de dollars Mariah Carey.<\/p>\n","protected":false},"excerpt":{"rendered":"Quand on est en possession d\u2019une poule aux \u0153ufs d\u2019or, on se d\u00e9brouille pour qu\u2019elle ponde le plus&hellip;\n","protected":false},"author":2,"featured_media":505258,"comment_status":"","ping_status":"","sticky":false,"template":"","format":"standard","meta":{"footnotes":""},"categories":[1355],"tags":[251,58,59,1011,27,34115,1361,873,15830],"class_list":{"0":"post-505257","1":"post","2":"type-post","3":"status-publish","4":"format-standard","5":"has-post-thumbnail","7":"category-musique","8":"tag-culture","9":"tag-divertissement","10":"tag-entertainment","11":"tag-fr","12":"tag-france","13":"tag-mariah-carey","14":"tag-music","15":"tag-musique","16":"tag-noel"},"share_on_mastodon":{"url":"https:\/\/pubeurope.com\/@fr\/115476218739931344","error":""},"_links":{"self":[{"href":"https:\/\/www.europesays.com\/fr\/wp-json\/wp\/v2\/posts\/505257","targetHints":{"allow":["GET"]}}],"collection":[{"href":"https:\/\/www.europesays.com\/fr\/wp-json\/wp\/v2\/posts"}],"about":[{"href":"https:\/\/www.europesays.com\/fr\/wp-json\/wp\/v2\/types\/post"}],"author":[{"embeddable":true,"href":"https:\/\/www.europesays.com\/fr\/wp-json\/wp\/v2\/users\/2"}],"replies":[{"embeddable":true,"href":"https:\/\/www.europesays.com\/fr\/wp-json\/wp\/v2\/comments?post=505257"}],"version-history":[{"count":0,"href":"https:\/\/www.europesays.com\/fr\/wp-json\/wp\/v2\/posts\/505257\/revisions"}],"wp:featuredmedia":[{"embeddable":true,"href":"https:\/\/www.europesays.com\/fr\/wp-json\/wp\/v2\/media\/505258"}],"wp:attachment":[{"href":"https:\/\/www.europesays.com\/fr\/wp-json\/wp\/v2\/media?parent=505257"}],"wp:term":[{"taxonomy":"category","embeddable":true,"href":"https:\/\/www.europesays.com\/fr\/wp-json\/wp\/v2\/categories?post=505257"},{"taxonomy":"post_tag","embeddable":true,"href":"https:\/\/www.europesays.com\/fr\/wp-json\/wp\/v2\/tags?post=505257"}],"curies":[{"name":"wp","href":"https:\/\/api.w.org\/{rel}","templated":true}]}}