{"id":505259,"date":"2025-11-01T20:01:32","date_gmt":"2025-11-01T20:01:32","guid":{"rendered":"https:\/\/www.europesays.com\/fr\/505259\/"},"modified":"2025-11-01T20:01:32","modified_gmt":"2025-11-01T20:01:32","slug":"romain-duris-joue-t-il-reellement-du-piano-dans-le-film","status":"publish","type":"post","link":"https:\/\/www.europesays.com\/fr\/505259\/","title":{"rendered":"Romain Duris joue-t-il r\u00e9ellement du piano dans le film ?"},"content":{"rendered":"<p class=\"articleContent-meta\">\n        Hier \u00e0 17:00 &#8211; par             la r\u00e9daction<\/p>\n<p>                    Tweeter<\/p>\n<p>                    Partager sur Facebook<\/p>\n<p>                        <img decoding=\"async\" src=\"https:\/\/www.europesays.com\/fr\/wp-content\/uploads\/2025\/11\/de-battre-mon-coeur-s-est-arrete-2005.jpg\" alt=\"Player Video\" class=\"player-applyRatio poster exclude-seedtag\"\/><\/p>\n<p>Romain Duris incarne Tom dans De battre mon c\u0153ur s&rsquo;est arr\u00eat\u00e9, un long-m\u00e9trage dramatique adapt\u00e9 du film am\u00e9ricain M\u00e9lodie pour un tueur (Fingers). Mais dans ce film musical rediffus\u00e9 ce vendredi 31 octobre sur France 5, l&rsquo;acteur fran\u00e7ais joue-t-il r\u00e9ellement du piano ?<\/p>\n<p>Consid\u00e9r\u00e9 comme l&rsquo;un des chefs d&rsquo;\u0153uvre du cin\u00e9ma fran\u00e7ais du XXIe si\u00e8cle, De battre mon c\u0153ur s&rsquo;est arr\u00eat\u00e9 est de ce fait souvent rediffus\u00e9 \u00e0 la t\u00e9l\u00e9vision. Fut un temps, ce film sorti en 2005 \u00e9tait \u00e9galement un support de travail pour les \u00e9l\u00e8ves qui suivaient une fili\u00e8re litt\u00e9raire au baccalaur\u00e9at. C&rsquo;est dire \u00e0 quel point cette fiction r\u00e9compens\u00e9e huit fois <a href=\"https:\/\/www.cesoirtv.com\/news\/cinema\/249-le-film-le-plus-polemique-de-lhistoire-des-cesar-est-diffuse-ce-soir-a-la-tele\/\" target=\"_blank\" rel=\"noopener\">aux C\u00e9sar<\/a> a marqu\u00e9 le monde du septi\u00e8me art ! Dans le r\u00f4le vedette,<a href=\"https:\/\/www.cesoirtv.com\/news\/cinema\/512-le-peril-jeune-les-grosses-craintes-de-romain-duris-avant-son-tout-premier-role\/\" target=\"_blank\" rel=\"noopener\"> Romain Duris<\/a> excelle sous les traits de Thomas, un jeune homme tortur\u00e9 qui d\u00e9laisse ses magouilles dans l&rsquo;immobilier pour revenir \u00e0 son premier amour, le piano, apr\u00e8s une rencontre fortuite avec un vieux visage de son pass\u00e9.<\/p>\n<p>Romain Duris : comment s&rsquo;est-il pr\u00e9par\u00e9 pour incarner un musicien ?<\/p>\n<p>La musique est pr\u00e9sente en filigrane tout au long de ce long-m\u00e9trage dramatique pr\u00e9sentant un personnage cruel et sous tension avant de retrouver une forme d&rsquo;apaisement et de tendresse gr\u00e2ce aux notes de son clavier. Tous ces \u00e9l\u00e9ments sonnant vrais interrogent probablement les t\u00e9l\u00e9spectateurs qui se demandent si Romain Duris joue v\u00e9ritablement du piano tant il interpr\u00e8te bien ce r\u00f4le ambivalent. Lors d&rsquo;une interview avec <a href=\"https:\/\/www.cineserie.com\/news\/cinema\/de-battre-mon-coeur-sest-arrete-romain-duris-en-interview-1620710\/\" target=\"_blank\" rel=\"noopener\">Cin\u00e9S\u00e9rie<\/a> en juin 2009, le com\u00e9dien r\u00e9v\u00e9lait : \u00ab\u00a0La musique est une vraie passion pour moi. Quand j&rsquo;\u00e9tais plus jeune, je jouais de la batterie dans un groupe avec des copains, juste en amateur, comme \u00e7a. Mais avec le temps, on s&rsquo;est s\u00e9par\u00e9\u2026 (&#8230;) Faute d&rsquo;\u00eatre musicien, je suis devenu acteur. C&rsquo;est super de pouvoir allier les deux. La musique est une sorte de langage au cin\u00e9ma, elle permet d&rsquo;exprimer beaucoup de choses\u00a0\u00bb. Et en ce qui le concerne, cet artiste tenait \u00e0 traduire au mieux les \u00e9motions de son personnage. Il s&rsquo;est ainsi entour\u00e9 de sa s\u0153ur Caroline, pianiste de profession, qui fait partie de l&rsquo;\u00e9quipe musicale du film et qui a donc coach\u00e9 son fr\u00e8re.<\/p>\n<p>                                Romain Duris : Cette fois o\u00f9 il a travaill\u00e9 en famille sur le tournage d&rsquo;un film<\/p>\n<p><b>Romain Duris a bel et bien appris \u00e0 jouer du piano \u00e0 cette occasion<\/b>. \u00ab\u00a0Nous avons r\u00e9p\u00e9t\u00e9 longtemps avant le tournage avec ma s\u0153ur, Jacques et Alexandre Desplat. Nous avons notamment travailler ensemble pour le choix des morceaux. Il ne fallait pas qu&rsquo;ils ne soient pas trop rapides afin que je puisse les jouer\u00a0\u00bb, pr\u00e9cisait-il.<\/p>\n","protected":false},"excerpt":{"rendered":"Hier \u00e0 17:00 &#8211; par la r\u00e9daction Tweeter Partager sur Facebook Romain Duris incarne Tom dans De battre&hellip;\n","protected":false},"author":2,"featured_media":505260,"comment_status":"","ping_status":"","sticky":false,"template":"","format":"standard","meta":{"footnotes":""},"categories":[1354],"tags":[5331,2083,7196,62682,58,59,1346,1011,27,1360],"class_list":{"0":"post-505259","1":"post","2":"type-post","3":"status-publish","4":"format-standard","5":"has-post-thumbnail","7":"category-films","8":"tag-adaptation","9":"tag-bandes-annonces","10":"tag-cinu00e9ma","11":"tag-de-battre-mon-coeur-sest-arru00eatu00e9-1563124775","12":"tag-divertissement","13":"tag-entertainment","14":"tag-films","15":"tag-fr","16":"tag-france","17":"tag-movies"},"share_on_mastodon":{"url":"https:\/\/pubeurope.com\/@fr\/115476226913196064","error":""},"_links":{"self":[{"href":"https:\/\/www.europesays.com\/fr\/wp-json\/wp\/v2\/posts\/505259","targetHints":{"allow":["GET"]}}],"collection":[{"href":"https:\/\/www.europesays.com\/fr\/wp-json\/wp\/v2\/posts"}],"about":[{"href":"https:\/\/www.europesays.com\/fr\/wp-json\/wp\/v2\/types\/post"}],"author":[{"embeddable":true,"href":"https:\/\/www.europesays.com\/fr\/wp-json\/wp\/v2\/users\/2"}],"replies":[{"embeddable":true,"href":"https:\/\/www.europesays.com\/fr\/wp-json\/wp\/v2\/comments?post=505259"}],"version-history":[{"count":0,"href":"https:\/\/www.europesays.com\/fr\/wp-json\/wp\/v2\/posts\/505259\/revisions"}],"wp:featuredmedia":[{"embeddable":true,"href":"https:\/\/www.europesays.com\/fr\/wp-json\/wp\/v2\/media\/505260"}],"wp:attachment":[{"href":"https:\/\/www.europesays.com\/fr\/wp-json\/wp\/v2\/media?parent=505259"}],"wp:term":[{"taxonomy":"category","embeddable":true,"href":"https:\/\/www.europesays.com\/fr\/wp-json\/wp\/v2\/categories?post=505259"},{"taxonomy":"post_tag","embeddable":true,"href":"https:\/\/www.europesays.com\/fr\/wp-json\/wp\/v2\/tags?post=505259"}],"curies":[{"name":"wp","href":"https:\/\/api.w.org\/{rel}","templated":true}]}}