{"id":505261,"date":"2025-11-01T20:02:11","date_gmt":"2025-11-01T20:02:11","guid":{"rendered":"https:\/\/www.europesays.com\/fr\/505261\/"},"modified":"2025-11-01T20:02:11","modified_gmt":"2025-11-01T20:02:11","slug":"avez-vous-attrape-le-virus-influenza-cette-grippe-qui-nen-finit-pas-ce-symptome-doit-vous-alerter","status":"publish","type":"post","link":"https:\/\/www.europesays.com\/fr\/505261\/","title":{"rendered":"Avez-vous attrap\u00e9 le virus influenza, cette grippe qui n&rsquo;en finit pas ? Ce sympt\u00f4me doit vous alerter"},"content":{"rendered":"<p>Dans les pharmacies, les files d&rsquo;attente s&rsquo;allongent et les stocks de mouchoirs s&rsquo;amenuisent d\u00e9j\u00e0. Depuis quelques jours, une question r\u00e9sonne dans toutes les conversations : \u00ab Cette grippe, va-t-elle finir par nous laisser tranquilles cette ann\u00e9e ? \u00bb En ce d\u00e9but novembre 2025, alors que les temp\u00e9ratures fra\u00eechissent \u00e0 peine, les Fran\u00e7ais font face \u00e0 une vague de virus influenza plus coriace que jamais. Mais si nez qui coule, courbatures ou fi\u00e8vre semblent familiers, un sympt\u00f4me inattendu prend une ampleur in\u00e9dite : faut-il vraiment s&rsquo;inqui\u00e9ter de cette grippe qui n&rsquo;en finit plus ?<\/p>\n<p>La d\u00e9ferlante grippe 2025 : une \u00e9pid\u00e9mie hors saison<br \/>\nQuand la grippe fait irruption avant l&rsquo;hiver : le constat in\u00e9dit de cette ann\u00e9e<\/p>\n<p>Alors que les ann\u00e9es pr\u00e9c\u00e9dentes laissaient le virus influenza se manifester discr\u00e8tement \u00e0 la fin de l&rsquo;automne ou au c\u0153ur de l&rsquo;hiver, 2025 bouscule tous les rep\u00e8res. <strong>Depuis le d\u00e9but du mois de novembre, Sant\u00e9 publique France signale une forte augmentation des cas de grippe sur l&rsquo;ensemble du territoire<\/strong>. Les cabinets m\u00e9dicaux et les h\u00f4pitaux rapportent une affluence inhabituelle de patients, tous confront\u00e9s \u00e0 des sympt\u00f4mes tenaces, bien plus t\u00f4t que d&rsquo;habitude.<\/p>\n<p> Comment le virus influenza bouscule nos habitudes<\/p>\n<p>Ce retour anticip\u00e9 de la grippe met \u00e0 mal la planification des campagnes de vaccination et surprend autant les soignants que les familles. Le mot d&rsquo;ordre para\u00eet simple : <a href=\"https:\/\/journaldesseniors.20minutes.fr\/sante\/aliments-boostent-vraiment-immunite-hiver-incontournables-eviter-rhume-gripp\/\" target=\"_blank\" rel=\"noopener\">vigilance, m\u00eame sans neige ni gel<\/a> ! La rapidit\u00e9 de propagation du virus s\u00e8me le doute, jusque dans les \u00e9coles, les lieux publics, ou chez les actifs comme les retrait\u00e9s. Les recommandations habituelles semblent d\u00e9j\u00e0 d\u00e9pass\u00e9es face \u00e0 cette offensive inattendue.<\/p>\n<p>Un sympt\u00f4me qui cloche : bien plus qu&rsquo;un simple rhume<br \/>\n Les signes classiques \u00e0 ne pas confondre\u2026 avec la vraie grippe<\/p>\n<p><strong>Fi\u00e8vre soudaine, maux de t\u00eate, douleurs musculaires, toux s\u00e8che et grande fatigue<\/strong> : la grippe se distingue ais\u00e9ment d&rsquo;un rhume banal. Cette silhouette symptomatique bien connue des Fran\u00e7ais laisse rarement place au doute, surtout lorsqu&rsquo;elle cloue au lit pendant plusieurs jours, voire une semaine enti\u00e8re. Mais cette ann\u00e9e, certains signes semblent s&rsquo;intensifier ou perdurer plus que d&rsquo;habitude.<\/p>\n<p> Ce sympt\u00f4me persistant qui intrigue les sp\u00e9cialistes<\/p>\n<p>Un signal inhabituel inqui\u00e8te particuli\u00e8rement les malades et surprend les professionnels de sant\u00e9 : une toux s\u00e8che et tenace qui refuse de s&rsquo;att\u00e9nuer, s&rsquo;\u00e9ternisant parfois bien au-del\u00e0 de quinze jours. Malgr\u00e9 la disparition de la fi\u00e8vre et l&rsquo;att\u00e9nuation des courbatures, cette toux r\u00e9siduelle persiste, \u00e9puisant les plus robustes et perturbant le sommeil. <strong>Faut-il y voir une alerte ? Cette persistance est, en 2025, le sympt\u00f4me \u00e0 surveiller de pr\u00e8s.<\/strong><\/p>\n<p>Des patients sur le fil : l&rsquo;impact concret de cette grippe atypique<br \/>\nFatigue extr\u00eame et convalescence interminable : t\u00e9moignages<\/p>\n<p>De nombreuses personnes d\u00e9crivent cette grippe comme une v\u00e9ritable \u00e9preuve : <strong>fatigue intense, difficult\u00e9 \u00e0 reprendre le rythme normal<\/strong>, toux qui handicape les nuits et ralentit la r\u00e9cup\u00e9ration. Le sentiment de ne jamais sortir r\u00e9ellement de la maladie touche tous les \u00e2ges, notamment les seniors qui affrontent parfois plusieurs semaines de convalescence.<\/p>\n<p>Surmenage des urgences : l&rsquo;envers du d\u00e9cor hospitalier<\/p>\n<p>Cette recrudescence pr\u00e9coce du virus influenza provoque des tensions dans les h\u00f4pitaux et cabinets m\u00e9dicaux : <strong>les urgences affrontent une hausse de fr\u00e9quentation inhabituelle pour la saison<\/strong>, compliquant la prise en charge d&rsquo;autres maladies automnales. Les professionnels de sant\u00e9 tirent la sonnette d&rsquo;alarme face \u00e0 l&rsquo;allongement des files d&rsquo;attente et au manque de lits disponibles, bien avant le pic hivernal attendu.<\/p>\n<p>Les raisons de cette vague inhabituelle : mutations et circulation accrue<br \/>\nVirus mutant : pourquoi la grippe reprend le dessus cette saison<\/p>\n<p><strong>Chaque ann\u00e9e, le virus influenza \u00e9volue<\/strong>, rendant les campagnes vaccinales parfois moins efficaces en cas de mutation importante. Cette saison 2025, la souche virale actuellement majoritaire semble avoir d\u00e9velopp\u00e9 quelques diff\u00e9rences : plus tenace, elle r\u00e9siste mieux \u00e0 nos d\u00e9fenses immunitaires, ce qui explique la persistance des sympt\u00f4mes et l&rsquo;acc\u00e9l\u00e9ration de la transmission.<\/p>\n<p>Modes de contamination : les gestes barri\u00e8res d\u00e9pass\u00e9s ?<\/p>\n<p>Apr\u00e8s plusieurs hivers sous le signe de la vigilance extr\u00eame, le rel\u00e2chement des gestes barri\u00e8res amorc\u00e9 dans la soci\u00e9t\u00e9 fran\u00e7aise ces derniers mois pourrait contribuer \u00e0 la circulation accrue du virus. Moins de t\u00e9l\u00e9travail, hausse des rassemblements int\u00e9rieurs, masques plus rares dans les transports : tous ces param\u00e8tres multiplient les occasions de propagation. La vigilance doit donc \u00eatre renforc\u00e9e, m\u00eame si les habitudes pr\u00e9ventives tendent \u00e0 s&rsquo;estomper.<\/p>\n<p>Quand il faut r\u00e9agir : reconna\u00eetre le signal d&rsquo;alerte \u00e0 ne pas ignorer<br \/>\nFi\u00e8vre, toux, mais surtout\u2026 ce sympt\u00f4me \u00e0 surveiller d&rsquo;urgence<\/p>\n<p>Au-del\u00e0 de la fi\u00e8vre ou des douleurs musculaires, <strong>une toux persistante et s\u00e8che qui perdure au-del\u00e0 de deux semaines<\/strong> doit attirer l&rsquo;attention. Si cette toux s&rsquo;accompagne de difficult\u00e9s respiratoires, de douleurs thoraciques, ou d&rsquo;une reprise de la fi\u00e8vre, il importe de consulter sans attendre. C&rsquo;est ce sympt\u00f4me en particulier qui inqui\u00e8te les m\u00e9decins cet automne 2025, car il peut r\u00e9v\u00e9ler des complications, notamment chez les seniors ou les personnes fragiles.<\/p>\n<p>Quand consulter ou s&rsquo;inqui\u00e9ter : les conseils des infectiologues<\/p>\n<p>Il est recommand\u00e9 de consulter son m\u00e9decin en cas de toux qui s&rsquo;aggrave, d&rsquo;essoufflement inhabituel, ou si les sympt\u00f4mes ne d\u00e9croissent pas au bout de dix \u00e0 quinze jours. Les personnes \u00e2g\u00e9es, les malades chroniques et les jeunes enfants restent les publics les plus \u00e0 risque. <strong>Mieux vaut ne pas attendre que la situation se d\u00e9grade<\/strong> : le suivi m\u00e9dical demeure le meilleur rempart contre les complications parfois graves de la grippe.<\/p>\n<p>Se prot\u00e9ger et aller de l&rsquo;avant : les bons r\u00e9flexes face \u00e0 la grippe tenace<br \/>\n Quelle pr\u00e9vention efficace face \u00e0 une saison pas comme les autres<\/p>\n<p>L&rsquo;hiver approchant, <strong>l&rsquo;hygi\u00e8ne des mains et l&rsquo;a\u00e9ration r\u00e9guli\u00e8re des espaces restent primordiales<\/strong>. Se couvrir le nez et la bouche en cas de toux, \u00e9viter les embrassades et limiter les rassemblements en p\u00e9riode de circulation active du virus sont des gestes simples mais cruciaux. Le respect des consignes, m\u00eame famili\u00e8res, reprend toute son importance.<\/p>\n<p>Traitements, isolement, vaccination : adapter sa riposte en 2025<\/p>\n<p>La vaccination annuelle demeure le moyen de pr\u00e9vention le plus recommand\u00e9, notamment pour les seniors et les populations \u00e0 risque. En cas de sympt\u00f4mes, repos, hydratation et isolement du malade contribuent \u00e0 limiter la contagion. Les traitements m\u00e9dicamenteux peuvent soulager, mais seul un avis m\u00e9dical permet de rep\u00e9rer et traiter \u00e0 temps les complications \u00e9ventuelles.<\/p>\n<p>Le virus influenza n&rsquo;a pas dit son dernier mot : ce qu&rsquo;il faut retenir pour les prochains mois<br \/>\n Ce que cette saison nous apprend sur la vigilance \u00e0 avoir<\/p>\n<p>La grippe 2025 s&rsquo;impose comme un rappel : <strong>le virus sait d\u00e9jouer nos certitudes et nos habitudes<\/strong>. Une vague pr\u00e9coce, des sympt\u00f4mes qui s&rsquo;\u00e9ternisent, des h\u00f4pitaux d\u00e9j\u00e0 sous tension\u2026 Cette saison rappelle combien il est essentiel de rester attentif \u00e0 l&rsquo;\u00e9volution du virus et \u00e0 ses manifestations inhabituelles.<\/p>\n<p> Les bonnes pratiques \u00e0 garder et les pistes pour l&rsquo;hiver prochain<\/p>\n<p>Pour traverser l&rsquo;automne et l&rsquo;hiver avec s\u00e9r\u00e9nit\u00e9, <strong>mieux vaut adopter une approche pr\u00e9ventive<\/strong> : vaccination pr\u00e9coce, respect des gestes barri\u00e8res, r\u00e9activit\u00e9 face \u00e0 tout sympt\u00f4me persistant. Nul ne sait comment le virus influenza \u00e9voluera, mais nous pouvons agir individuellement pour limiter son emprise sur nos vies, pr\u00e9server nos proches et all\u00e9ger le poids sur le syst\u00e8me de sant\u00e9.<\/p>\n<p>Cette grippe 2025 qui refuse de dispara\u00eetre aussi facilement que les ann\u00e9es pass\u00e9es nous invite \u00e0 la vigilance. Apprendre \u00e0 d\u00e9coder les signes, ne pas sous-estimer une toux prolong\u00e9e, et rester attentif demeure la meilleure strat\u00e9gie pour traverser l&rsquo;hiver en bonne sant\u00e9. Et vous, sauriez-vous reconna\u00eetre le signal d&rsquo;alerte \u00e0 temps ?<\/p>\n","protected":false},"excerpt":{"rendered":"Dans les pharmacies, les files d&rsquo;attente s&rsquo;allongent et les stocks de mouchoirs s&rsquo;amenuisent d\u00e9j\u00e0. Depuis quelques jours, une&hellip;\n","protected":false},"author":2,"featured_media":505262,"comment_status":"","ping_status":"","sticky":false,"template":"","format":"standard","meta":{"footnotes":""},"categories":[10],"tags":[1011,27,72,56,71],"class_list":{"0":"post-505261","1":"post","2":"type-post","3":"status-publish","4":"format-standard","5":"has-post-thumbnail","7":"category-sante","8":"tag-fr","9":"tag-france","10":"tag-health","11":"tag-push","12":"tag-sante"},"share_on_mastodon":{"url":"https:\/\/pubeurope.com\/@fr\/115476230628298178","error":""},"_links":{"self":[{"href":"https:\/\/www.europesays.com\/fr\/wp-json\/wp\/v2\/posts\/505261","targetHints":{"allow":["GET"]}}],"collection":[{"href":"https:\/\/www.europesays.com\/fr\/wp-json\/wp\/v2\/posts"}],"about":[{"href":"https:\/\/www.europesays.com\/fr\/wp-json\/wp\/v2\/types\/post"}],"author":[{"embeddable":true,"href":"https:\/\/www.europesays.com\/fr\/wp-json\/wp\/v2\/users\/2"}],"replies":[{"embeddable":true,"href":"https:\/\/www.europesays.com\/fr\/wp-json\/wp\/v2\/comments?post=505261"}],"version-history":[{"count":0,"href":"https:\/\/www.europesays.com\/fr\/wp-json\/wp\/v2\/posts\/505261\/revisions"}],"wp:featuredmedia":[{"embeddable":true,"href":"https:\/\/www.europesays.com\/fr\/wp-json\/wp\/v2\/media\/505262"}],"wp:attachment":[{"href":"https:\/\/www.europesays.com\/fr\/wp-json\/wp\/v2\/media?parent=505261"}],"wp:term":[{"taxonomy":"category","embeddable":true,"href":"https:\/\/www.europesays.com\/fr\/wp-json\/wp\/v2\/categories?post=505261"},{"taxonomy":"post_tag","embeddable":true,"href":"https:\/\/www.europesays.com\/fr\/wp-json\/wp\/v2\/tags?post=505261"}],"curies":[{"name":"wp","href":"https:\/\/api.w.org\/{rel}","templated":true}]}}