{"id":505277,"date":"2025-11-01T20:10:13","date_gmt":"2025-11-01T20:10:13","guid":{"rendered":"https:\/\/www.europesays.com\/fr\/505277\/"},"modified":"2025-11-01T20:10:13","modified_gmt":"2025-11-01T20:10:13","slug":"la-talaudiere-sorciers-et-sorcieres-au-centre-equestre","status":"publish","type":"post","link":"https:\/\/www.europesays.com\/fr\/505277\/","title":{"rendered":"La Talaudi\u00e8re. Sorciers et sorci\u00e8res au centre \u00e9questre"},"content":{"rendered":"<p>Apr\u00e8s les ados pr\u00e9sents mercredi 29\u00a0octobre au centre \u00e9questre les \u00c9curies de Pont Bayard, c\u2019\u00e9tait le tour, ce jeudi 30\u00a0octobre, des plus jeunes de se retrouver, d\u00e9guis\u00e9s en sorciers et sorci\u00e8res. Disons-le, les maquillages et v\u00eatements n\u2019ont gu\u00e8re impressionn\u00e9 les poneys qui participaient aussi \u00e0 cette journ\u00e9e ensoleill\u00e9e. La chasse aux bonbons, effectu\u00e9e sur les sentiers de la for\u00eat, s\u2019est av\u00e9r\u00e9e fructueuse. Le go\u00fbter de fin d\u2019apr\u00e8s-midi a pr\u00e9c\u00e9d\u00e9 le retour des magiciens et magiciennes d\u2019un jour \u00e0 la maison.<\/p>\n","protected":false},"excerpt":{"rendered":"Apr\u00e8s les ados pr\u00e9sents mercredi 29\u00a0octobre au centre \u00e9questre les \u00c9curies de Pont Bayard, c\u2019\u00e9tait le tour, ce&hellip;\n","protected":false},"author":2,"featured_media":505278,"comment_status":"","ping_status":"","sticky":false,"template":"","format":"standard","meta":{"footnotes":""},"categories":[9653],"tags":[1111,11,2430,1687,7539,1777,674,3326,1011,27,12053,12,25,4001,9664],"class_list":{"0":"post-505277","1":"post","2":"type-post","3":"status-publish","4":"format-standard","5":"has-post-thumbnail","7":"category-saint-etienne","8":"tag-actu","9":"tag-actualites","10":"tag-auvergne-rhone-alpes","11":"tag-culture-loisirs","12":"tag-edition-loire-sud","13":"tag-eu","14":"tag-europe","15":"tag-fete-locale","16":"tag-fr","17":"tag-france","18":"tag-la-talaudiere","19":"tag-news","20":"tag-republique-francaise","21":"tag-saint-etienne","22":"tag-saint-etienne-bassin"},"share_on_mastodon":{"url":"https:\/\/pubeurope.com\/@fr\/115476262089371562","error":""},"_links":{"self":[{"href":"https:\/\/www.europesays.com\/fr\/wp-json\/wp\/v2\/posts\/505277","targetHints":{"allow":["GET"]}}],"collection":[{"href":"https:\/\/www.europesays.com\/fr\/wp-json\/wp\/v2\/posts"}],"about":[{"href":"https:\/\/www.europesays.com\/fr\/wp-json\/wp\/v2\/types\/post"}],"author":[{"embeddable":true,"href":"https:\/\/www.europesays.com\/fr\/wp-json\/wp\/v2\/users\/2"}],"replies":[{"embeddable":true,"href":"https:\/\/www.europesays.com\/fr\/wp-json\/wp\/v2\/comments?post=505277"}],"version-history":[{"count":0,"href":"https:\/\/www.europesays.com\/fr\/wp-json\/wp\/v2\/posts\/505277\/revisions"}],"wp:featuredmedia":[{"embeddable":true,"href":"https:\/\/www.europesays.com\/fr\/wp-json\/wp\/v2\/media\/505278"}],"wp:attachment":[{"href":"https:\/\/www.europesays.com\/fr\/wp-json\/wp\/v2\/media?parent=505277"}],"wp:term":[{"taxonomy":"category","embeddable":true,"href":"https:\/\/www.europesays.com\/fr\/wp-json\/wp\/v2\/categories?post=505277"},{"taxonomy":"post_tag","embeddable":true,"href":"https:\/\/www.europesays.com\/fr\/wp-json\/wp\/v2\/tags?post=505277"}],"curies":[{"name":"wp","href":"https:\/\/api.w.org\/{rel}","templated":true}]}}