{"id":505279,"date":"2025-11-01T20:11:13","date_gmt":"2025-11-01T20:11:13","guid":{"rendered":"https:\/\/www.europesays.com\/fr\/505279\/"},"modified":"2025-11-01T20:11:13","modified_gmt":"2025-11-01T20:11:13","slug":"en-direct-football-suivez-red-star","status":"publish","type":"post","link":"https:\/\/www.europesays.com\/fr\/505279\/","title":{"rendered":"En direct Football. Suivez Red Star"},"content":{"rendered":"<p>&#13;<br \/>\n                                                    En direct&#13;<br \/>\n                        &#13;\n                                            <\/p>\n<p>Surpris apr\u00e8s trente-six secondes \u00e0 Bauer, les Verts semblaient aller mieux. Mais les maux d\u00e9fensifs des Verts ont de nouveau fait plonger les hommes d&rsquo;Eirik Horneland. Sur un caviar de Sylla, Durand s&rsquo;est d\u00e9j\u00e0 offert un doubl\u00e9 \u00e0 la demi-heure de jeu. Et Khaoui passait tout pr\u00e8s d&rsquo;alourdir la marque dans la foul\u00e9e. Il a fallu un exploit de Larsonneur sur penalty pour maintenir (d\u00e9j\u00e0) les Verts en vie \u00e0 Paris.<\/p>\n<p>&#13;<br \/>\n              Arthur Collot &#8211; &#13;<br \/>\n        &#13;<br \/>\n          Aujourd&rsquo;hui \u00e0 18:30&#13;<br \/>\n    &#13;<br \/>\n                  | mis \u00e0 jour aujourd&rsquo;hui \u00e0 21:08&#13;<br \/>\n              &#8211; Temps de lecture : &#13;<br \/>\n  &#13;\n<\/p>\n<p>                        &#13;<br \/>\n    &#13;<br \/>\n    &#13;<br \/>\n    <a href=\"https:\/\/cdn-s-www.leprogres.fr\/images\/FC6319AD-CDDF-4AB3-919C-26AD804E946F\/NW_raw\/apres-leur-tres-beau-succes-face-a-pau-mardi-soir-les-verts-doivent-enchainer-ce-samedi-sur-la-pelouse-du-red-star-photo-sonia-barcet-1762014094.jpg\" title=\"Apr\u00e8s leur tr\u00e8s beau succ\u00e8s face \u00e0 Pau mardi soir, les Verts doivent encha\u00eener ce samedi sur la pelouse du Red Star.\u00a0Photo Sonia Barcet\" class=\"chocolat-image GA-tracking\" data-ga_type=\"click\" data-ga_category=\"D\u00e9tail\" data-ga_action=\"zoomer\" data-ga_label=\"aggrandir image\" target=\"_blank\" rel=\"noopener\">&#13;<br \/>\n        <img src=\"https:\/\/www.europesays.com\/fr\/wp-content\/uploads\/2025\/11\/apres-leur-tres-beau-succes-face-a-pau-mardi-soir-les-verts-doivent-enchainer-ce-samedi-sur-la-pelou.jpeg\"   alt=\"Apr\u00e8s leur tr\u00e8s beau succ\u00e8s face \u00e0 Pau mardi soir, les Verts doivent encha\u00eener ce samedi sur la pelouse du Red Star.\u00a0Photo Sonia Barcet\" fetchpriority=\"high\" decoding=\"async\" data-mobile=\"NW_detail_M|1762014094\" data-base=\"NW_detail|1762014094\"\/>&#13;<br \/>\n    <\/a>&#13;<\/p>\n<p>Apr\u00e8s leur tr\u00e8s beau succ\u00e8s face \u00e0 Pau mardi soir, les Verts doivent encha\u00eener ce samedi sur la pelouse du Red Star.\u00a0Photo Sonia Barcet<\/p>\n","protected":false},"excerpt":{"rendered":"&#13; En direct&#13; &#13; Surpris apr\u00e8s trente-six secondes \u00e0 Bauer, les Verts semblaient aller mieux. Mais les maux&hellip;\n","protected":false},"author":2,"featured_media":505280,"comment_status":"","ping_status":"","sticky":false,"template":"","format":"standard","meta":{"footnotes":""},"categories":[9653],"tags":[1111,11,4000,2430,3545,7539,1777,674,107,1701,63,1011,27,4002,3367,12,25,4001,517],"class_list":{"0":"post-505279","1":"post","2":"type-post","3":"status-publish","4":"format-standard","5":"has-post-thumbnail","7":"category-saint-etienne","8":"tag-actu","9":"tag-actualites","10":"tag-asse-as-saint-etienne-football","11":"tag-auvergne-rhone-alpes","12":"tag-direct-sport","13":"tag-edition-loire-sud","14":"tag-eu","15":"tag-europe","16":"tag-fil-info","17":"tag-fil-info-sport","18":"tag-football","19":"tag-fr","20":"tag-france","21":"tag-haute-loire","22":"tag-loire","23":"tag-news","24":"tag-republique-francaise","25":"tag-saint-etienne","26":"tag-sport"},"share_on_mastodon":{"url":"https:\/\/pubeurope.com\/@fr\/115476266494996777","error":""},"_links":{"self":[{"href":"https:\/\/www.europesays.com\/fr\/wp-json\/wp\/v2\/posts\/505279","targetHints":{"allow":["GET"]}}],"collection":[{"href":"https:\/\/www.europesays.com\/fr\/wp-json\/wp\/v2\/posts"}],"about":[{"href":"https:\/\/www.europesays.com\/fr\/wp-json\/wp\/v2\/types\/post"}],"author":[{"embeddable":true,"href":"https:\/\/www.europesays.com\/fr\/wp-json\/wp\/v2\/users\/2"}],"replies":[{"embeddable":true,"href":"https:\/\/www.europesays.com\/fr\/wp-json\/wp\/v2\/comments?post=505279"}],"version-history":[{"count":0,"href":"https:\/\/www.europesays.com\/fr\/wp-json\/wp\/v2\/posts\/505279\/revisions"}],"wp:featuredmedia":[{"embeddable":true,"href":"https:\/\/www.europesays.com\/fr\/wp-json\/wp\/v2\/media\/505280"}],"wp:attachment":[{"href":"https:\/\/www.europesays.com\/fr\/wp-json\/wp\/v2\/media?parent=505279"}],"wp:term":[{"taxonomy":"category","embeddable":true,"href":"https:\/\/www.europesays.com\/fr\/wp-json\/wp\/v2\/categories?post=505279"},{"taxonomy":"post_tag","embeddable":true,"href":"https:\/\/www.europesays.com\/fr\/wp-json\/wp\/v2\/tags?post=505279"}],"curies":[{"name":"wp","href":"https:\/\/api.w.org\/{rel}","templated":true}]}}