{"id":505281,"date":"2025-11-01T20:13:04","date_gmt":"2025-11-01T20:13:04","guid":{"rendered":"https:\/\/www.europesays.com\/fr\/505281\/"},"modified":"2025-11-01T20:13:04","modified_gmt":"2025-11-01T20:13:04","slug":"lalternance-devient-une-voie-difficile-dacces","status":"publish","type":"post","link":"https:\/\/www.europesays.com\/fr\/505281\/","title":{"rendered":"l\u2019alternance devient une voie difficile d\u2019acc\u00e8s"},"content":{"rendered":"<p>De plus en plus pris\u00e9e des \u00e9tudiants, <a href=\"https:\/\/www.estrepublicain.fr\/economie\/2025\/03\/13\/l-alternance-voie-d-excellence-a-l-universite\" target=\"_blank\" rel=\"noopener\">l\u2019alternance<\/a> a d\u00e9cid\u00e9ment le vent en poupe. Cousine de l\u2019apprentissage \u2013 qui permet d\u2019obtenir un dipl\u00f4me professionnel comme un CAP ou un Brevet professionnel \u2013 l\u2019alternance s\u2019adresse surtout aux \u00e9tudiants de l\u2019enseignement sup\u00e9rieur. Elle peut se faire sur un ou deux ans.<\/p>\n<p>C\u2019est une formule s\u00e9duisante\u00a0: elle offre la possibilit\u00e9 de poursuivre ses \u00e9tudes tout en d\u00e9couvrant concr\u00e8tement le monde du travail, gr\u00e2ce \u00e0 un contrat sign\u00e9 avec une entreprise. Une combinaison gagnante pour nombre d\u2019\u00e9tudiants\u00a0: formation gratuite, r\u00e9mun\u00e9ration, exp\u00e9rience valorisante et parfois m\u00eame embauche \u00e0 la cl\u00e9. Mais si&#8230;<\/p>\n","protected":false},"excerpt":{"rendered":"De plus en plus pris\u00e9e des \u00e9tudiants, l\u2019alternance a d\u00e9cid\u00e9ment le vent en poupe. Cousine de l\u2019apprentissage \u2013&hellip;\n","protected":false},"author":2,"featured_media":505282,"comment_status":"","ping_status":"","sticky":false,"template":"","format":"standard","meta":{"footnotes":""},"categories":[9635],"tags":[1111,11,33,1707,1704,1706,1705,1057,4854,1777,674,5016,1011,27,775,3457,1702,1703,12,25],"class_list":{"0":"post-505281","1":"post","2":"type-post","3":"status-publish","4":"format-standard","5":"has-post-thumbnail","7":"category-nancy","8":"tag-actu","9":"tag-actualites","10":"tag-economie","11":"tag-edition-luneville","12":"tag-edition-nancy-et-agglomeration","13":"tag-edition-pont-a-mousson","14":"tag-edition-toul","15":"tag-education","16":"tag-enseignement-superieur","17":"tag-eu","18":"tag-europe","19":"tag-formation-orientation","20":"tag-fr","21":"tag-france","22":"tag-grand-est","23":"tag-meurthe-et-moselle","24":"tag-nancy","25":"tag-nancy-ville-54b","26":"tag-news","27":"tag-republique-francaise"},"share_on_mastodon":{"url":"","error":""},"_links":{"self":[{"href":"https:\/\/www.europesays.com\/fr\/wp-json\/wp\/v2\/posts\/505281","targetHints":{"allow":["GET"]}}],"collection":[{"href":"https:\/\/www.europesays.com\/fr\/wp-json\/wp\/v2\/posts"}],"about":[{"href":"https:\/\/www.europesays.com\/fr\/wp-json\/wp\/v2\/types\/post"}],"author":[{"embeddable":true,"href":"https:\/\/www.europesays.com\/fr\/wp-json\/wp\/v2\/users\/2"}],"replies":[{"embeddable":true,"href":"https:\/\/www.europesays.com\/fr\/wp-json\/wp\/v2\/comments?post=505281"}],"version-history":[{"count":0,"href":"https:\/\/www.europesays.com\/fr\/wp-json\/wp\/v2\/posts\/505281\/revisions"}],"wp:featuredmedia":[{"embeddable":true,"href":"https:\/\/www.europesays.com\/fr\/wp-json\/wp\/v2\/media\/505282"}],"wp:attachment":[{"href":"https:\/\/www.europesays.com\/fr\/wp-json\/wp\/v2\/media?parent=505281"}],"wp:term":[{"taxonomy":"category","embeddable":true,"href":"https:\/\/www.europesays.com\/fr\/wp-json\/wp\/v2\/categories?post=505281"},{"taxonomy":"post_tag","embeddable":true,"href":"https:\/\/www.europesays.com\/fr\/wp-json\/wp\/v2\/tags?post=505281"}],"curies":[{"name":"wp","href":"https:\/\/api.w.org\/{rel}","templated":true}]}}