{"id":505283,"date":"2025-11-01T20:14:14","date_gmt":"2025-11-01T20:14:14","guid":{"rendered":"https:\/\/www.europesays.com\/fr\/505283\/"},"modified":"2025-11-01T20:14:14","modified_gmt":"2025-11-01T20:14:14","slug":"lourdement-battu-par-villers-les-nancy-0-3-raon-letape-navance-plus","status":"publish","type":"post","link":"https:\/\/www.europesays.com\/fr\/505283\/","title":{"rendered":"lourdement battu par Villers-l\u00e8s-Nancy (0-3), Raon-l&rsquo;\u00c9tape n&rsquo;avance plus"},"content":{"rendered":"<p>La r\u00e9ception de Villers-l\u00e8s-Nancy ce samedi \u00e0 Paul-Gasser n&rsquo;avait rien d&rsquo;un cadeau pour les Raonnais. Et pour cause. La formation de la banlieue nanc\u00e9ienne, candidate elle aussi au haut du panier, est venue g\u00e2cher la f\u00eate. Men\u00e9s 1-0 apr\u00e8s l&rsquo;ouverture du score au quart d&rsquo;heure de jeu de Barbason, les hommes du duo Grand-Touileb ont manqu\u00e9 l&rsquo;occasion d&rsquo;\u00e9galiser sur un penalty d&rsquo;Hassidou (17&prime;), que Primard a stopp\u00e9 sur sa gauche. Dominateurs mais incapables de transformer leurs opportunit\u00e9s, les Vosgiens ont \u00e9t\u00e9 vuln\u00e9rables en contre. Si Morel, tout heureux de voir le coup franc d&rsquo;Aznar finir sur son tibia, pliait le match (90&rsquo;+1), Bouakicha bouclait le show des visiteurs au bout d&rsquo;un contre rondement men\u00e9 (90&rsquo;+4). Encore un coup d&rsquo;arr\u00eat pour les Raonnais. Revivez la rencontre en images\u00a0!<\/p>\n","protected":false},"excerpt":{"rendered":"La r\u00e9ception de Villers-l\u00e8s-Nancy ce samedi \u00e0 Paul-Gasser n&rsquo;avait rien d&rsquo;un cadeau pour les Raonnais. Et pour cause.&hellip;\n","protected":false},"author":2,"featured_media":505284,"comment_status":"","ping_status":"","sticky":false,"template":"","format":"standard","meta":{"footnotes":""},"categories":[9635],"tags":[1111,11,1799,1777,674,107,1701,1795,63,1011,27,5325,2798,9540,775,1702,12,40698,25,1700,774],"class_list":{"0":"post-505283","1":"post","2":"type-post","3":"status-publish","4":"format-standard","5":"has-post-thumbnail","7":"category-nancy","8":"tag-actu","9":"tag-actualites","10":"tag-edition-saint-die","11":"tag-eu","12":"tag-europe","13":"tag-fil-info","14":"tag-fil-info-sport","15":"tag-fil-web","16":"tag-football","17":"tag-fr","18":"tag-france","19":"tag-galerie-media","20":"tag-galerie-photo","21":"tag-galerie-sport","22":"tag-grand-est","23":"tag-nancy","24":"tag-news","25":"tag-raon-letape","26":"tag-republique-francaise","27":"tag-sport-lorrain","28":"tag-vosges"},"share_on_mastodon":{"url":"https:\/\/pubeurope.com\/@fr\/115476277688899645","error":""},"_links":{"self":[{"href":"https:\/\/www.europesays.com\/fr\/wp-json\/wp\/v2\/posts\/505283","targetHints":{"allow":["GET"]}}],"collection":[{"href":"https:\/\/www.europesays.com\/fr\/wp-json\/wp\/v2\/posts"}],"about":[{"href":"https:\/\/www.europesays.com\/fr\/wp-json\/wp\/v2\/types\/post"}],"author":[{"embeddable":true,"href":"https:\/\/www.europesays.com\/fr\/wp-json\/wp\/v2\/users\/2"}],"replies":[{"embeddable":true,"href":"https:\/\/www.europesays.com\/fr\/wp-json\/wp\/v2\/comments?post=505283"}],"version-history":[{"count":0,"href":"https:\/\/www.europesays.com\/fr\/wp-json\/wp\/v2\/posts\/505283\/revisions"}],"wp:featuredmedia":[{"embeddable":true,"href":"https:\/\/www.europesays.com\/fr\/wp-json\/wp\/v2\/media\/505284"}],"wp:attachment":[{"href":"https:\/\/www.europesays.com\/fr\/wp-json\/wp\/v2\/media?parent=505283"}],"wp:term":[{"taxonomy":"category","embeddable":true,"href":"https:\/\/www.europesays.com\/fr\/wp-json\/wp\/v2\/categories?post=505283"},{"taxonomy":"post_tag","embeddable":true,"href":"https:\/\/www.europesays.com\/fr\/wp-json\/wp\/v2\/tags?post=505283"}],"curies":[{"name":"wp","href":"https:\/\/api.w.org\/{rel}","templated":true}]}}