{"id":505285,"date":"2025-11-01T20:16:17","date_gmt":"2025-11-01T20:16:17","guid":{"rendered":"https:\/\/www.europesays.com\/fr\/505285\/"},"modified":"2025-11-01T20:16:17","modified_gmt":"2025-11-01T20:16:17","slug":"top-14-toulon-simpose-avec-la-maniere-contre-lyon","status":"publish","type":"post","link":"https:\/\/www.europesays.com\/fr\/505285\/","title":{"rendered":"Top 14 : Toulon s&rsquo;impose avec la mani\u00e8re contre Lyon"},"content":{"rendered":"<p>Le premier objectif est coch\u00e9 pour le RCT. Largement battu \u00e0 Toulouse la semaine derni\u00e8re, le club rouge et noir a relev\u00e9 la t\u00eate ce samedi en signant une victoire bonifi\u00e9e <a href=\"https:\/\/www.laprovence.com\/article\/sports\/8791440141270614\/rugby-top-14-face-a-lyon-le-guerrier-david-ribbans-sera-de-retour-avec-le-rct\" target=\"_blank\" rel=\"nofollow noopener\">contre Lyon<\/a> (54-21). Un premier pas pour les hommes de Maxime Petitjean avant de recevoir La Rochelle le week-end prochain : \u00ab\u00a0On savait qu&rsquo;avec ce match en retard le classement \u00e9tait un peu fauss\u00e9, a rappel\u00e9 l&rsquo;un des adjoints de Pierre Mignoni. Les deux r\u00e9ceptions \u00e9taient super importantes. On a pass\u00e9 une premi\u00e8re \u00e9tape aujourd&rsquo;hui, c&rsquo;est cool, maintenant il reste un match la semaine prochaine avant de couper.\u00a0\u00bb Les Varois retrouvent des couleurs aujourd&rsquo;hui en int\u00e9grant le top 6 et en se rapprochant des deux premi\u00e8res places du Top 14.<\/p>\n<p>Ollivon revient fort<\/p>\n<p>Le RCT aura l&rsquo;occasion de faire un nouveau bond la semaine prochaine s&rsquo;il parvient \u00e0 renouveler la bonne prestation r\u00e9alis\u00e9e ce samedi au stade Mayol. Huit essais, des avants conqu\u00e9rants et aucun joueur bless\u00e9, la journ\u00e9e a \u00e9t\u00e9 quasiment parfaite pour les partenaires de <a href=\"https:\/\/www.laprovence.com\/article\/sports\/7690056739270614\/rugby-top-14-neuf-mois-apres-sa-blessure-au-genou-ollivon-fait-son-retour-avec-toulon-contre-pau\" target=\"_blank\" rel=\"nofollow noopener\">Charles Ollivon<\/a>.<\/p>\n<p>Le troisi\u00e8me ligne a retrouv\u00e9 son num\u00e9ro huit au coup d&rsquo;envoi pour la premi\u00e8re fois depuis sa blessure et a m\u00eame marqu\u00e9, avant de rejoindre Marcoussis et le XV de France cette sem&#8230;<\/p>\n","protected":false},"excerpt":{"rendered":"Le premier objectif est coch\u00e9 pour le RCT. Largement battu \u00e0 Toulouse la semaine derni\u00e8re, le club rouge&hellip;\n","protected":false},"author":2,"featured_media":505286,"comment_status":"","ping_status":"","sticky":false,"template":"","format":"standard","meta":{"footnotes":""},"categories":[9619],"tags":[17,1111,11,3396,1444,1777,674,1011,27,62683,12,882,25,479,29263,60,3030,2310],"class_list":{"0":"post-505285","1":"post","2":"type-post","3":"status-publish","4":"format-standard","5":"has-post-thumbnail","7":"category-toulon","8":"tag-17","9":"tag-actu","10":"tag-actualites","11":"tag-avec","12":"tag-contre","13":"tag-eu","14":"tag-europe","15":"tag-fr","16":"tag-france","17":"tag-maniere","18":"tag-news","19":"tag-provence-alpes-cote-dazur","20":"tag-republique-francaise","21":"tag-rugby","22":"tag-simpose","23":"tag-sports","24":"tag-top","25":"tag-toulon"},"share_on_mastodon":{"url":"https:\/\/pubeurope.com\/@fr\/115476285878389154","error":""},"_links":{"self":[{"href":"https:\/\/www.europesays.com\/fr\/wp-json\/wp\/v2\/posts\/505285","targetHints":{"allow":["GET"]}}],"collection":[{"href":"https:\/\/www.europesays.com\/fr\/wp-json\/wp\/v2\/posts"}],"about":[{"href":"https:\/\/www.europesays.com\/fr\/wp-json\/wp\/v2\/types\/post"}],"author":[{"embeddable":true,"href":"https:\/\/www.europesays.com\/fr\/wp-json\/wp\/v2\/users\/2"}],"replies":[{"embeddable":true,"href":"https:\/\/www.europesays.com\/fr\/wp-json\/wp\/v2\/comments?post=505285"}],"version-history":[{"count":0,"href":"https:\/\/www.europesays.com\/fr\/wp-json\/wp\/v2\/posts\/505285\/revisions"}],"wp:featuredmedia":[{"embeddable":true,"href":"https:\/\/www.europesays.com\/fr\/wp-json\/wp\/v2\/media\/505286"}],"wp:attachment":[{"href":"https:\/\/www.europesays.com\/fr\/wp-json\/wp\/v2\/media?parent=505285"}],"wp:term":[{"taxonomy":"category","embeddable":true,"href":"https:\/\/www.europesays.com\/fr\/wp-json\/wp\/v2\/categories?post=505285"},{"taxonomy":"post_tag","embeddable":true,"href":"https:\/\/www.europesays.com\/fr\/wp-json\/wp\/v2\/tags?post=505285"}],"curies":[{"name":"wp","href":"https:\/\/api.w.org\/{rel}","templated":true}]}}