{"id":50529,"date":"2025-04-25T01:03:16","date_gmt":"2025-04-25T01:03:16","guid":{"rendered":"https:\/\/www.europesays.com\/fr\/50529\/"},"modified":"2025-04-25T01:03:16","modified_gmt":"2025-04-25T01:03:16","slug":"lgv-bordeaux-toulouse-un-chantier-bientot-a-larret-journal-de-20-heures","status":"publish","type":"post","link":"https:\/\/www.europesays.com\/fr\/50529\/","title":{"rendered":"LGV Bordeaux &#8211; Toulouse : un chantier bient\u00f4t \u00e0 l\u2019arr\u00eat ? &#8211; Journal de 20 heures"},"content":{"rendered":"<p id=\"descriptionPanel\" aria-labelledby=\"descriptionArrow\" aria-expanded=\"false\" class=\"mr-2 line-clamp-2 pr-2.5 text-secondary overflow-visible\">La future ligne de train \u00e0 grande vitesse qui va relier Bordeaux, Toulouse et Dax va-t-elle conna\u00eetre le m\u00eame sort que l\u2019A69 ? Il y a deux mois, la justice avait ordonn\u00e9 l\u2019arr\u00eat du chantier de cette autoroute. Le 10 avril dernier, un autre tribunal a rendu un jugement favorable \u00e0 la construction de la ligne TGV, 220 kilom\u00e8tres de rails \u00e0 mettre en place. Sur place, les opposants au projet ne d\u00e9sarment pas. Ils entendent bien continuer \u00e0 agir en justice.<\/p>\n<p>TF1 | Reportage P. MISLANGHE, J.V. FOURNIS<\/p>\n<p><a class=\"shrink-0\" href=\"https:\/\/www.tf1.fr\/tf1\/jt-20h\" target=\"_blank\" rel=\"noopener\"><img decoding=\"async\" src=\"https:\/\/www.europesays.com\/fr\/wp-content\/uploads\/2025\/04\/program-card-portrait-1-jt20h-btcb-f6f521-4e55c9-0@1x.jpg\" width=\"138\" height=\"184\" alt=\"Journal de 20 heures\" loading=\"eager\" fetchpriority=\"auto\" class=\"aspect-[3\/4] h-24 w-auto rounded-3px\"\/><\/a><\/p>\n","protected":false},"excerpt":{"rendered":"La future ligne de train \u00e0 grande vitesse qui va relier Bordeaux, Toulouse et Dax va-t-elle conna\u00eetre le&hellip;\n","protected":false},"author":2,"featured_media":50530,"comment_status":"","ping_status":"","sticky":false,"template":"","format":"standard","meta":{"footnotes":""},"categories":[2817],"tags":[1111,11,1997,1777,674,3483,3697,1011,27,3699,3698,12,2219,25,3701,3702,3700],"class_list":{"0":"post-50529","1":"post","2":"type-post","3":"status-publish","4":"format-standard","5":"has-post-thumbnail","7":"category-bordeaux","8":"tag-actu","9":"tag-actualites","10":"tag-bordeaux","11":"tag-eu","12":"tag-europe","13":"tag-extrait","14":"tag-extrait-journal-de-20-heures","15":"tag-fr","16":"tag-france","17":"tag-journal-de-20-heures","18":"tag-journal-de-20-heures-extrait","19":"tag-news","20":"tag-nouvelle-aquitaine","21":"tag-republique-francaise","22":"tag-streaming-journal-de-20-heures","23":"tag-video-en-streaming-journal-de-20-heures","24":"tag-video-journal-de-20-heures"},"share_on_mastodon":{"url":"https:\/\/pubeurope.com\/@fr\/114395913028690188","error":""},"_links":{"self":[{"href":"https:\/\/www.europesays.com\/fr\/wp-json\/wp\/v2\/posts\/50529","targetHints":{"allow":["GET"]}}],"collection":[{"href":"https:\/\/www.europesays.com\/fr\/wp-json\/wp\/v2\/posts"}],"about":[{"href":"https:\/\/www.europesays.com\/fr\/wp-json\/wp\/v2\/types\/post"}],"author":[{"embeddable":true,"href":"https:\/\/www.europesays.com\/fr\/wp-json\/wp\/v2\/users\/2"}],"replies":[{"embeddable":true,"href":"https:\/\/www.europesays.com\/fr\/wp-json\/wp\/v2\/comments?post=50529"}],"version-history":[{"count":0,"href":"https:\/\/www.europesays.com\/fr\/wp-json\/wp\/v2\/posts\/50529\/revisions"}],"wp:featuredmedia":[{"embeddable":true,"href":"https:\/\/www.europesays.com\/fr\/wp-json\/wp\/v2\/media\/50530"}],"wp:attachment":[{"href":"https:\/\/www.europesays.com\/fr\/wp-json\/wp\/v2\/media?parent=50529"}],"wp:term":[{"taxonomy":"category","embeddable":true,"href":"https:\/\/www.europesays.com\/fr\/wp-json\/wp\/v2\/categories?post=50529"},{"taxonomy":"post_tag","embeddable":true,"href":"https:\/\/www.europesays.com\/fr\/wp-json\/wp\/v2\/tags?post=50529"}],"curies":[{"name":"wp","href":"https:\/\/api.w.org\/{rel}","templated":true}]}}